{"id":10015,"date":"2018-02-14T17:47:45","date_gmt":"2018-02-14T16:47:45","guid":{"rendered":"http:\/\/veloclubfaumont.fr\/?p=10015"},"modified":"2018-02-14T17:54:25","modified_gmt":"2018-02-14T16:54:25","slug":"gilles-barbieux-ou-les-35-premieres-annees-du-vc-faumont","status":"publish","type":"post","link":"https:\/\/veloclubfaumont.fr\/index.php\/2018\/02\/14\/gilles-barbieux-ou-les-35-premieres-annees-du-vc-faumont\/","title":{"rendered":"Gilles Barbieux ou 35 ann\u00e9es du VC Faumont"},"content":{"rendered":"<p style=\"text-align: justify;\"><span style=\"font-size: large;\">Daniel Flon, fid\u00e8le ami de <strong>Gilles Barbieux<\/strong> tout au long de ses 35 ans de pr\u00e9sidence, nous dresse ce petit portrait de notre ancien pr\u00e9sident \u00e0 la mani\u00e8re d&rsquo;une belle saga entrecoup\u00e9e de quelques beaux chapitres&#8230;<\/span><\/p>\n<p style=\"text-align: center;\"><a href=\"https:\/\/veloclubfaumont.fr\/index.php\/2018\/02\/14\/gilles-barbieux-ou-les-35-premieres-annees-du-vc-faumont\/img_20160521_161940\/\" rel=\"attachment wp-att-10017\"><img loading=\"lazy\" decoding=\"async\" class=\"wp-image-10017 aligncenter\" src=\"https:\/\/veloclubfaumont.fr\/wp-content\/uploads\/2018\/02\/IMG_20160521_161940-768x1024.jpg\" alt=\"\" height=\"587\" width=\"440\" srcset=\"https:\/\/veloclubfaumont.fr\/wp-content\/uploads\/2018\/02\/IMG_20160521_161940-768x1024.jpg 768w, https:\/\/veloclubfaumont.fr\/wp-content\/uploads\/2018\/02\/IMG_20160521_161940-225x300.jpg 225w, https:\/\/veloclubfaumont.fr\/wp-content\/uploads\/2018\/02\/IMG_20160521_161940.jpg 1536w\" sizes=\"auto, (max-width: 440px) 100vw, 440px\" \/><\/a><em>Gilles et Daniel, les 2 grands amis de toujours<\/em><\/p>\n<p style=\"text-align: justify;\"><strong><span style=\"font-size: large;\">Pr\u00e9face&nbsp;:<\/span><\/strong><\/p>\n<p style=\"text-align: justify;\"><span style=\"font-size: large;\">En 1983, le jeune Gilou eut l\u2019id\u00e9e avec une \u00e9quipe de copains et de Pierre, son p\u00e8re, de cr\u00e9er le premier v\u00e9loclub de Faumont&nbsp;! D\u00e8s la premi\u00e8re Assembl\u00e9e G\u00e9n\u00e9rale, il fut \u00e9lu logiquement pr\u00e9sident du club dont le si\u00e8ge fut install\u00e9 en face chez le caf\u00e9 Bauden&#8230;<\/span><\/p>\n<p style=\"text-align: center;\"><a href=\"https:\/\/veloclubfaumont.fr\/couscous4\/\"><img loading=\"lazy\" decoding=\"async\" class=\"aligncenter size-full wp-image-1506\" src=\"https:\/\/veloclubfaumont.fr\/wp-content\/uploads\/2016\/12\/couscous4.jpg\" alt=\"\" height=\"526\" width=\"800\" srcset=\"https:\/\/veloclubfaumont.fr\/wp-content\/uploads\/2016\/12\/couscous4.jpg 800w, https:\/\/veloclubfaumont.fr\/wp-content\/uploads\/2016\/12\/couscous4-300x197.jpg 300w, https:\/\/veloclubfaumont.fr\/wp-content\/uploads\/2016\/12\/couscous4-768x505.jpg 768w\" sizes=\"auto, (max-width: 800px) 100vw, 800px\" \/><\/a><em>soir\u00e9e couscous chez Bauden<\/em><\/p>\n<p style=\"text-align: justify;\"><strong><span style=\"font-size: large;\">Chapitre 1&nbsp;: les tout-d\u00e9buts<\/span><\/strong><\/p>\n<p style=\"text-align: justify;\"><span style=\"font-size: large;\">A cette \u00e9poque, il fallut tout cr\u00e9er. Il s&rsquo;entoura de b\u00e9n\u00e9voles qui formeront une \u00e9quipe solide pour se lancer dans cette nouvelle aventure. Afin de trouver les finances n\u00e9cessaires au bon d\u00e9veloppement de la structure, il a mont\u00e9 de nombreux dossiers de subventions aupr\u00e8s de nos diverses institutions&nbsp;: mairie d\u00e9partement, etc. Et bien vite, il mit en place le premier Brevet avec l\u2019aide de Lucien et d\u2019Yvonne Bauden qui nous pr\u00eat\u00e8rent leur salle et leur mat\u00e9riel. Ensuite la communes et les maires successifs nous pr\u00eat\u00e8rent salles, v\u00e9hicules, mat\u00e9riels et enfin notre local.<\/span><\/p>\n<p style=\"text-align: center;\"><a href=\"https:\/\/veloclubfaumont.fr\/sortie-familiale-liessis-valjoly-4-145km-1991\/\"><img loading=\"lazy\" decoding=\"async\" class=\"aligncenter size-full wp-image-1535\" src=\"https:\/\/veloclubfaumont.fr\/wp-content\/uploads\/2016\/12\/sortie-familiale-liessis-valjoly-4-145km-1991.jpg\" alt=\"\" height=\"594\" width=\"873\" srcset=\"https:\/\/veloclubfaumont.fr\/wp-content\/uploads\/2016\/12\/sortie-familiale-liessis-valjoly-4-145km-1991.jpg 873w, https:\/\/veloclubfaumont.fr\/wp-content\/uploads\/2016\/12\/sortie-familiale-liessis-valjoly-4-145km-1991-300x204.jpg 300w, https:\/\/veloclubfaumont.fr\/wp-content\/uploads\/2016\/12\/sortie-familiale-liessis-valjoly-4-145km-1991-768x523.jpg 768w\" sizes=\"auto, (max-width: 873px) 100vw, 873px\" \/><\/a><em>sortie au Val-Joly en 1991<\/em><\/p>\n<p style=\"text-align: justify;\"><strong><span style=\"font-size: large;\">Chapitre 2&nbsp;: des kilom\u00e8tres \u00e0 la pelle&nbsp;!<\/span><\/strong><\/p>\n<p style=\"text-align: justify;\"><span style=\"font-size: large;\">Bien vite sur le v\u00e9lo, Gilles continua \u00e0 porter loin et haut les couleurs du VC Faumont et du village accompagn\u00e9 de membres du club aux 4 coins de la France et Belgique (la Louison Bobet, la vall\u00e9e de Chevreuse, Paris-Roubaix, en Bretagne, Li\u00e8ge-Bastogne-Li\u00e8ge, Mons-Chimay-Mons, Lille-Hardelot, Lille-Val-Joly et bien d\u2019autres\u2026<\/span><\/p>\n<p style=\"text-align: center;\"><a href=\"https:\/\/veloclubfaumont.fr\/louison-bobet-1986-4\/\"><img loading=\"lazy\" decoding=\"async\" class=\"aligncenter size-full wp-image-1519\" src=\"https:\/\/veloclubfaumont.fr\/wp-content\/uploads\/2016\/12\/louison-bobet-1986-4.jpg\" alt=\"\" height=\"678\" width=\"1000\" srcset=\"https:\/\/veloclubfaumont.fr\/wp-content\/uploads\/2016\/12\/louison-bobet-1986-4.jpg 1000w, https:\/\/veloclubfaumont.fr\/wp-content\/uploads\/2016\/12\/louison-bobet-1986-4-300x203.jpg 300w, https:\/\/veloclubfaumont.fr\/wp-content\/uploads\/2016\/12\/louison-bobet-1986-4-768x521.jpg 768w\" sizes=\"auto, (max-width: 1000px) 100vw, 1000px\" \/><\/a><em>la Louison Bobet en 1986<\/em><\/p>\n<p style=\"text-align: justify;\"><span style=\"font-size: large;\">Un peu plus tard, il se lancera le d\u00e9fi des diagonales&nbsp;!! Il en effectuera 9, certaines en solitaire et d\u2019autre accompagn\u00e9 de Jo\u00ebl ou Daniel Cauchy. Parfois avec des moments difficiles comme avec une m\u00e9t\u00e9o capricieuse, un physique pas toujours au top, un moral dans les choux&#8230; mais il aura r\u00e9ussi. BRAVO&nbsp;GILLOU&nbsp;!!! <\/span><\/p>\n<p style=\"text-align: justify;\"><span style=\"font-size: large;\">En plus des diagonales de quelques milliers de km, infatigable, il cumula des chevauch\u00e9es de 200km, 300km en BRM avec le club d\u2019Orchies et m\u00eame un Faumont-le Mont Ventoux&nbsp;!!! <\/span><\/p>\n<p style=\"text-align: center;\"><a href=\"https:\/\/veloclubfaumont.fr\/index.php\/2018\/02\/14\/gilles-barbieux-ou-les-35-premieres-annees-du-vc-faumont\/20080530_075354_dp_gilles_barbieux02_dl-g\/\" rel=\"attachment wp-att-10018\"><img loading=\"lazy\" decoding=\"async\" class=\"aligncenter size-full wp-image-10018\" src=\"https:\/\/veloclubfaumont.fr\/wp-content\/uploads\/2018\/02\/20080530_075354_dp_gilles_barbieux02_dl-g.jpg\" alt=\"\" height=\"600\" width=\"450\" srcset=\"https:\/\/veloclubfaumont.fr\/wp-content\/uploads\/2018\/02\/20080530_075354_dp_gilles_barbieux02_dl-g.jpg 450w, https:\/\/veloclubfaumont.fr\/wp-content\/uploads\/2018\/02\/20080530_075354_dp_gilles_barbieux02_dl-g-225x300.jpg 225w\" sizes=\"auto, (max-width: 450px) 100vw, 450px\" \/><\/a><em>par monts et par vaux, Gilles parcourt la France enti\u00e8re en diagonale<\/em><\/p>\n<p style=\"text-align: justify;\"><strong><span style=\"font-size: large;\">Chapitre&nbsp;3&nbsp;: un Pr\u00e9sident et un club tr\u00e8s impliqu\u00e9s<\/span><\/strong><\/p>\n<p style=\"text-align: justify;\"><span style=\"font-size: large;\">F\u00e9d\u00e9rateur, Gilles a affili\u00e9 le club aupr\u00e8s de la FFCT o\u00f9 bien vite il fut appr\u00e9ci\u00e9 par les instances en participant \u00e0 de nombreuses assembl\u00e9es ou en organisant \u00e0 Faumont des r\u00e9unions du CODEP Nord au sein du club furent organis\u00e9s la sortie famille, voyage itin\u00e9rant, la surveillance du PDIR, les dossiers CNDS avec \u00c9mile. Au d\u00e9part, il y eut tr\u00e8s peu de licenci\u00e9s mais \u00e0 force de courage et d&rsquo;abn\u00e9gation, il sut rapidement faire augmenter notre effectif.<\/span><\/p>\n<p style=\"text-align: center;\"><a href=\"https:\/\/veloclubfaumont.fr\/index.php\/2018\/02\/14\/gilles-barbieux-ou-les-35-premieres-annees-du-vc-faumont\/dsc_0134-2\/\" rel=\"attachment wp-att-10020\"><img loading=\"lazy\" decoding=\"async\" class=\"aligncenter size-large wp-image-10020\" src=\"https:\/\/veloclubfaumont.fr\/wp-content\/uploads\/2018\/02\/DSC_0134-1-1024x683.jpg\" alt=\"\" height=\"683\" width=\"1024\" srcset=\"https:\/\/veloclubfaumont.fr\/wp-content\/uploads\/2018\/02\/DSC_0134-1-1024x683.jpg 1024w, https:\/\/veloclubfaumont.fr\/wp-content\/uploads\/2018\/02\/DSC_0134-1-300x200.jpg 300w, https:\/\/veloclubfaumont.fr\/wp-content\/uploads\/2018\/02\/DSC_0134-1-768x512.jpg 768w, https:\/\/veloclubfaumont.fr\/wp-content\/uploads\/2018\/02\/DSC_0134-1.jpg 1152w\" sizes=\"auto, (max-width: 1024px) 100vw, 1024px\" \/><\/a><em>Maryline et Gilles au ravito de l&rsquo;apr\u00e8s-midi cyclo en famille 2016<\/em><\/p>\n<p>&nbsp;<\/p>\n<p style=\"text-align: justify;\"><strong><span style=\"font-size: large;\">Chapitre 4&nbsp;: un club tr\u00e8s dynamique<\/span><\/strong><\/p>\n<p style=\"text-align: justify;\"><span style=\"font-size: large;\">Gilles fut \u00e9galement le cr\u00e9ateur de nombreuses activit\u00e9s afin d&rsquo;avoir des capitaux pour notre financer les diverses actions du club.<\/span><\/p>\n<p style=\"text-align: justify;\"><span style=\"font-size: large;\">C&rsquo;est ainsi que furent lanc\u00e9s les concours de cartes, les \u00ab&nbsp;boums&nbsp;\u00bb, les repas moules-frites reprise de la ducasse, la cr\u00e9ation de la braderie. Tout cela permit d\u2019avoir de l\u2019argent pour offrir les \u00e9quipements ad\u00e9quats au membres. Pour les gros \u00e9v\u00e9nements du VCF, on instaura la randonn\u00e9e <em>de la P\u00e9v\u00e9le au Hainaut<\/em> avec son 175 km&nbsp;! L\u00e0 aussi, seul il sillonnait les monts de Frasnes pour tracer le 175km&#8230; avec des fl\u00e9chages qui furent souvent tr\u00e8s anim\u00e9s\u2026<\/span><\/p>\n<p style=\"text-align: center;\"><a href=\"https:\/\/veloclubfaumont.fr\/rando-du-pevele-au-hainaut-aout1989-circuit175km2\/\"><img loading=\"lazy\" decoding=\"async\" class=\"aligncenter size-full wp-image-1526\" src=\"https:\/\/veloclubfaumont.fr\/wp-content\/uploads\/2016\/12\/rando-du-pevele-au-hainaut-aout1989-circuit175km2.jpg\" alt=\"\" height=\"558\" width=\"837\" srcset=\"https:\/\/veloclubfaumont.fr\/wp-content\/uploads\/2016\/12\/rando-du-pevele-au-hainaut-aout1989-circuit175km2.jpg 837w, https:\/\/veloclubfaumont.fr\/wp-content\/uploads\/2016\/12\/rando-du-pevele-au-hainaut-aout1989-circuit175km2-300x200.jpg 300w, https:\/\/veloclubfaumont.fr\/wp-content\/uploads\/2016\/12\/rando-du-pevele-au-hainaut-aout1989-circuit175km2-768x512.jpg 768w\" sizes=\"auto, (max-width: 837px) 100vw, 837px\" \/><\/a><em>du P\u00e9v\u00e8le au Hainaut 1989<\/em><\/p>\n<p style=\"text-align: justify;\"><span style=\"font-size: large;\">Autre grand moment important du club&nbsp;: c&rsquo;est encore Gilles qui accompagnera quelques membres pour la cr\u00e9ation de notre \u00e9quipe VTT qui vit naitre ensuite le fameux <em>Chicon Bike Tour<\/em>&#8230; avec l\u00e0-aussi l&rsquo;excellente id\u00e9e du sachet d\u2019endives en cadeau \u00e0 chacun des participants. La soupe avec notre producteur local&nbsp;fut encore une r\u00e9ussite r\u00e9gionale et m\u00eame hors de nos fronti\u00e8res. Il a souvent pris des d\u00e9cisions judicieuses avec le bureau pour les \u00e9quipements et les diverses actions accompagnant la vie du club comme les troph\u00e9es de la participation, le paiement des inscriptions \u00e0 toutes les sorties&nbsp;officielles !!<\/span><\/p>\n<p style=\"text-align: center;\"><a href=\"https:\/\/veloclubfaumont.fr\/index.php\/2018\/02\/14\/gilles-barbieux-ou-les-35-premieres-annees-du-vc-faumont\/naissance-vtt\/\" rel=\"attachment wp-att-10016\"><img loading=\"lazy\" decoding=\"async\" class=\"aligncenter size-full wp-image-10016\" src=\"https:\/\/veloclubfaumont.fr\/wp-content\/uploads\/2018\/02\/naissance-VTT-.jpg\" alt=\"\" height=\"522\" width=\"1000\" srcset=\"https:\/\/veloclubfaumont.fr\/wp-content\/uploads\/2018\/02\/naissance-VTT-.jpg 1000w, https:\/\/veloclubfaumont.fr\/wp-content\/uploads\/2018\/02\/naissance-VTT--300x157.jpg 300w, https:\/\/veloclubfaumont.fr\/wp-content\/uploads\/2018\/02\/naissance-VTT--768x401.jpg 768w\" sizes=\"auto, (max-width: 1000px) 100vw, 1000px\" \/><\/a><em>les \u00ab\u00a0Raiders\u00a0\u00bb de Faumont ou les d\u00e9buts de la section VTT du VC Faumont en 2002 !<\/em><\/p>\n<p style=\"text-align: justify;\"><strong><span style=\"font-size: large;\">Chapitre 5&nbsp;: un club tr\u00e8s convivial<\/span><\/strong><\/p>\n<p style=\"text-align: justify;\"><span style=\"font-size: large;\">La convivialit\u00e9 et l\u2019amiti\u00e9 ont souvent \u00e9t\u00e9 partag\u00e9es au sein du club, et m\u00eame au-del\u00e0. A de nombreuses occasions comme les 10 ans du club \u00e0 Paris. L\u2019ap\u00e9ro sur le trottoir de la capitale, le mus\u00e9e Gr\u00e9vin, le Don Camilio&#8230;&nbsp;m\u00e9morable&nbsp;!!! <\/span><\/p>\n<p style=\"text-align: center;\"><a href=\"https:\/\/veloclubfaumont.fr\/10anniversaire-vcf-paris-apero-louvre\/\"><img loading=\"lazy\" decoding=\"async\" class=\"aligncenter size-full wp-image-1549\" src=\"https:\/\/veloclubfaumont.fr\/wp-content\/uploads\/2016\/12\/10anniversaire-vcf-paris-apero-louvre.jpg\" alt=\"\" height=\"593\" width=\"873\" srcset=\"https:\/\/veloclubfaumont.fr\/wp-content\/uploads\/2016\/12\/10anniversaire-vcf-paris-apero-louvre.jpg 873w, https:\/\/veloclubfaumont.fr\/wp-content\/uploads\/2016\/12\/10anniversaire-vcf-paris-apero-louvre-300x204.jpg 300w, https:\/\/veloclubfaumont.fr\/wp-content\/uploads\/2016\/12\/10anniversaire-vcf-paris-apero-louvre-768x522.jpg 768w\" sizes=\"auto, (max-width: 873px) 100vw, 873px\" \/><\/a><em>ap\u00e9ro au Louvre pour les 10 ans du club en 1993 !<\/em><\/p>\n<p style=\"text-align: justify;\"><span style=\"font-size: large;\">Pour les 20 ans du club, au si\u00e8ge chez Anne et Pascal Bauden, on retrouva tous les membres qui ont particip\u00e9 \u00e0 la vie du club avec une exposition photos suivi d&rsquo;un repas. Sans compter les m\u00e9choui, barbecue, la sangria de Jean-Marc, et maintenant le Picon-Leffe du VCF&nbsp;pour nos pots d\u2019assembl\u00e9es g\u00e9n\u00e9rales&nbsp;!<\/span><\/p>\n<p style=\"text-align: justify;\"><span style=\"font-size: large;\">Et que dire des sorties familiales que Gilles a pr\u00e9par\u00e9 avec soin&nbsp;: le parcours, les gites, les repas et les visites comme celle de Bruges et bien autres bons souvenirs. Il a aussi partag\u00e9 les peines lors des d\u00e9c\u00e8s de nos membres, des visites aux personnes bless\u00e9es ou malades et aux joies des mariages et naissances au sein du club&nbsp;!! <\/span><\/p>\n<p style=\"text-align: center;\"><a href=\"https:\/\/veloclubfaumont.fr\/index.php\/2018\/02\/14\/gilles-barbieux-ou-les-35-premieres-annees-du-vc-faumont\/voyage-itinerant-94-bruges-130km3-2\/\" rel=\"attachment wp-att-10022\"><img loading=\"lazy\" decoding=\"async\" class=\"aligncenter size-full wp-image-10022\" src=\"https:\/\/veloclubfaumont.fr\/wp-content\/uploads\/2018\/02\/voyage-itinerant-94-bruges-130km3.jpg\" alt=\"\" height=\"556\" width=\"834\" srcset=\"https:\/\/veloclubfaumont.fr\/wp-content\/uploads\/2018\/02\/voyage-itinerant-94-bruges-130km3.jpg 834w, https:\/\/veloclubfaumont.fr\/wp-content\/uploads\/2018\/02\/voyage-itinerant-94-bruges-130km3-300x200.jpg 300w, https:\/\/veloclubfaumont.fr\/wp-content\/uploads\/2018\/02\/voyage-itinerant-94-bruges-130km3-768x512.jpg 768w\" sizes=\"auto, (max-width: 834px) 100vw, 834px\" \/><\/a><em>voyage itin\u00e9rant \u00e0 Bruges (130 km) en 1994<\/em><\/p>\n<p style=\"text-align: justify;\"><strong><span style=\"font-size: large;\">Chapitre 6&nbsp;: Gilles et les autres<\/span><\/strong><\/p>\n<p style=\"text-align: justify;\"><span style=\"font-size: large;\">Gilles, ce n&rsquo;est pas que le VC Faumont, il a su \u00e9galement organiser d&rsquo;autres manifestations et aider les autres en apportant ses comp\u00e9tences comme pour la course de Bers\u00e9e, le prix de la P\u00e9v\u00e9le avec Patrick. Il \u00e9tait l\u00e0 \u00e9galement pour organiser la s\u00e9curit\u00e9 lors des passages des 4 jours de Dunkerque, du triathlon de Douai, un championnat du Cr\u00e9dit Agricole, la f\u00eate du sport et le passage du Paris-Roubaix cyclo avec son ravitaillement principal \u00e0 la salle des f\u00eates de Faumont.<\/span><\/p>\n<p style=\"text-align: center;\"><img loading=\"lazy\" decoding=\"async\" class=\"wp-image-10021 size-full aligncenter\" src=\"https:\/\/veloclubfaumont.fr\/wp-content\/uploads\/2018\/02\/paris-roubaix-vtt-2013-121-.jpg\" alt=\"\" height=\"751\" width=\"563\" srcset=\"https:\/\/veloclubfaumont.fr\/wp-content\/uploads\/2018\/02\/paris-roubaix-vtt-2013-121-.jpg 563w, https:\/\/veloclubfaumont.fr\/wp-content\/uploads\/2018\/02\/paris-roubaix-vtt-2013-121--225x300.jpg 225w\" sizes=\"auto, (max-width: 563px) 100vw, 563px\" \/><em>en 2013, le Paris-Roubaix VTT s&rsquo;arr\u00eata \u00e0 Faumont pour se ravitailler<\/em><\/p>\n<p style=\"text-align: justify;\"><span style=\"font-size: large;\">Au \u00e9cole, il \u00e9tait encore pr\u00e9sent avec le junicode, la course des hameaux&#8230;<\/span><\/p>\n<p style=\"text-align: justify;\"><strong><span style=\"font-size: large;\">Chapitre final&nbsp;: les remerciements<\/span><\/strong><\/p>\n<p style=\"text-align: justify;\"><span style=\"font-size: large;\">L\u2019essentiel des activit\u00e9s de Gilles Barbieux est maintenant boucl\u00e9e. On associe bien \u00e9videmment son \u00e9pouse Maryline, qui le suivit presque partout, et ses enfants pour l&rsquo;avoir supporter lui et ses humeurs dans tous ces magnifiques moments de vie de pr\u00e9sident de notre club. En souhaitant \u00e0 son successeur Denis Raton autant de bons moments et de continuer la vie du club avec succ\u00e8s\u2026<\/span><\/p>\n<p style=\"text-align: center;\"><a href=\"https:\/\/veloclubfaumont.fr\/dsc_0160-2\/\"><img loading=\"lazy\" decoding=\"async\" class=\"aligncenter size-large wp-image-9894\" src=\"https:\/\/veloclubfaumont.fr\/wp-content\/uploads\/2018\/02\/DSC_0160-1024x683.jpg\" alt=\"\" height=\"683\" width=\"1024\" srcset=\"https:\/\/veloclubfaumont.fr\/wp-content\/uploads\/2018\/02\/DSC_0160-1024x683.jpg 1024w, https:\/\/veloclubfaumont.fr\/wp-content\/uploads\/2018\/02\/DSC_0160-300x200.jpg 300w, https:\/\/veloclubfaumont.fr\/wp-content\/uploads\/2018\/02\/DSC_0160-768x512.jpg 768w, https:\/\/veloclubfaumont.fr\/wp-content\/uploads\/2018\/02\/DSC_0160.jpg 1382w\" sizes=\"auto, (max-width: 1024px) 100vw, 1024px\" \/><\/a><em>Denis, remettant le cadeau des membres du VC \u00e0 Gilles \u00e0 l&rsquo;issue de l&rsquo;AG 2017<\/em><\/p>\n<p style=\"text-align: justify;\"><span style=\"font-size: large;\">Daniel Flon<\/span><\/p>\n","protected":false},"excerpt":{"rendered":"<p>Daniel Flon, fid\u00e8le ami de Gilles Barbieux tout au long de ses 35 ans de pr\u00e9sidence, nous dresse ce petit portrait de notre ancien pr\u00e9sident \u00e0 la mani\u00e8re d&rsquo;une belle&#8230;<\/p>\n","protected":false},"author":1,"featured_media":10026,"comment_status":"open","ping_status":"open","sticky":false,"template":"","format":"standard","meta":{"ngg_post_thumbnail":0,"jetpack_post_was_ever_published":false,"_jetpack_newsletter_access":"","two_page_speed":[],"footnotes":"","jetpack_publicize_message":"","jetpack_is_tweetstorm":false,"jetpack_publicize_feature_enabled":true,"jetpack_social_post_already_shared":true,"jetpack_social_options":{"image_generator_settings":{"template":"highway","enabled":false}}},"categories":[10],"tags":[],"class_list":["post-10015","post","type-post","status-publish","format-standard","has-post-thumbnail","hentry","category-vie-du-club"],"jetpack_publicize_connections":[],"jetpack_featured_media_url":"https:\/\/veloclubfaumont.fr\/wp-content\/uploads\/2018\/02\/image001.jpg","jetpack_sharing_enabled":true,"jetpack_shortlink":"https:\/\/wp.me\/p8bXJp-2Bx","_links":{"self":[{"href":"https:\/\/veloclubfaumont.fr\/index.php\/wp-json\/wp\/v2\/posts\/10015","targetHints":{"allow":["GET"]}}],"collection":[{"href":"https:\/\/veloclubfaumont.fr\/index.php\/wp-json\/wp\/v2\/posts"}],"about":[{"href":"https:\/\/veloclubfaumont.fr\/index.php\/wp-json\/wp\/v2\/types\/post"}],"author":[{"embeddable":true,"href":"https:\/\/veloclubfaumont.fr\/index.php\/wp-json\/wp\/v2\/users\/1"}],"replies":[{"embeddable":true,"href":"https:\/\/veloclubfaumont.fr\/index.php\/wp-json\/wp\/v2\/comments?post=10015"}],"version-history":[{"count":0,"href":"https:\/\/veloclubfaumont.fr\/index.php\/wp-json\/wp\/v2\/posts\/10015\/revisions"}],"wp:featuredmedia":[{"embeddable":true,"href":"https:\/\/veloclubfaumont.fr\/index.php\/wp-json\/wp\/v2\/media\/10026"}],"wp:attachment":[{"href":"https:\/\/veloclubfaumont.fr\/index.php\/wp-json\/wp\/v2\/media?parent=10015"}],"wp:term":[{"taxonomy":"category","embeddable":true,"href":"https:\/\/veloclubfaumont.fr\/index.php\/wp-json\/wp\/v2\/categories?post=10015"},{"taxonomy":"post_tag","embeddable":true,"href":"https:\/\/veloclubfaumont.fr\/index.php\/wp-json\/wp\/v2\/tags?post=10015"}],"curies":[{"name":"wp","href":"https:\/\/api.w.org\/{rel}","templated":true}]}}