{"id":11328,"date":"2018-07-31T21:17:38","date_gmt":"2018-07-31T19:17:38","guid":{"rendered":"http:\/\/veloclubfaumont.fr\/?p=11328"},"modified":"2020-07-28T17:41:26","modified_gmt":"2020-07-28T15:41:26","slug":"vacances-vtt-dans-les-vosges-partie-1-sur-3","status":"publish","type":"post","link":"https:\/\/veloclubfaumont.fr\/index.php\/2018\/07\/31\/vacances-vtt-dans-les-vosges-partie-1-sur-3\/","title":{"rendered":"VTT dans les Vosges (partie 1\/3)"},"content":{"rendered":"<p style=\"text-align: justify;\">Cet \u00e9t\u00e9, Jean-Louis a d\u00e9cid\u00e9 de passer 15 jours dans les<em><strong> Vosges<\/strong><\/em>. Il en a profit\u00e9 pour prendre sa tente et son VTT pour tester les divers circuits propos\u00e9s \u00e7a et l\u00e0. Il vous raconte ici (<strong>en 3 parties<\/strong>) les diff\u00e9rentes <span style=\"font-size: 14pt; font-family: times new roman, times, serif;\">\u00e9tapes <\/span>qu&rsquo;il a fait durant son p\u00e9riple, ses coups de c\u0153ur, ses coups de gueule et le reste&#8230;.<\/p>\n<p style=\"text-align: center;\"><em><span style=\"font-size: 18pt;\">Les Vosges 1 &#8211; <a href=\"https:\/\/veloclubfaumont.fr\/index.php\/2018\/08\/02\/vtt-dans-les-vosges-partie-2-3\/\">Les Vosges 2<\/a> &#8211; <a href=\"https:\/\/veloclubfaumont.fr\/index.php\/2018\/08\/03\/vtt-dans-les-vosges-partie-3-sur-3\/\">Les Vosges 3<\/a><\/span><\/em><\/p>\n<p style=\"text-align: center;\"><a href=\"https:\/\/veloclubfaumont.fr\/index.php\/2018\/07\/31\/vacances-vtt-dans-les-vosges-partie-1-sur-3\/carte-etapes-vosges-vtt\/\" rel=\"attachment wp-att-11329\"><img loading=\"lazy\" decoding=\"async\" class=\"aligncenter size-large wp-image-11329\" src=\"https:\/\/veloclubfaumont.fr\/wp-content\/uploads\/2018\/07\/carte-etapes-vosges-vtt-745x1024.jpg\" alt=\"\" width=\"745\" height=\"1024\" srcset=\"https:\/\/veloclubfaumont.fr\/wp-content\/uploads\/2018\/07\/carte-etapes-vosges-vtt-745x1024.jpg 745w, https:\/\/veloclubfaumont.fr\/wp-content\/uploads\/2018\/07\/carte-etapes-vosges-vtt-218x300.jpg 218w, https:\/\/veloclubfaumont.fr\/wp-content\/uploads\/2018\/07\/carte-etapes-vosges-vtt-768x1056.jpg 768w, https:\/\/veloclubfaumont.fr\/wp-content\/uploads\/2018\/07\/carte-etapes-vosges-vtt.jpg 1191w\" sizes=\"auto, (max-width: 745px) 100vw, 745px\" \/><\/a><\/p>\n<p style=\"text-align: justify;\"><span style=\"font-size: 14pt;\"><strong>Etape 1 : Raon l&rsquo;Etape<\/strong><\/span>. Arriv\u00e9 dans le Nord des Vosges, ma premi\u00e8re \u00e9tape fut donc pr\u00e8s de Raon l&rsquo;Etape o\u00f9 je me suis retrouv\u00e9 dans le camping Vosgina de Moyenmoutier (juste au sud de la ville). Concernant le camping, je privil\u00e9gie toujours les 2 \u00e9toiles tr\u00e8s \u00ab\u00a0nature\u00a0\u00bb et le plus petit possible pour \u00eatre au calme et avoir l&rsquo;esprit tranquille. Dans ce premier cas, le Vosgina remplit les conditions (sauf pour la route nationale assez \u00e9loign\u00e9e mais tr\u00e8s l\u00e9g\u00e8rement bruyante pour ceux comme moi qui ont l\u2019ou\u00efe tr\u00e8s fine&#8230;). Pour le reste, les sanitaires \u00e9taient nickels et l&rsquo;accueil tr\u00e8s correct. PS : c&rsquo;est l\u00e0 que j&rsquo;ai pu regarder la finale victorieuse de la coupe du monde de football&#8230;<\/p>\n<p style=\"text-align: justify;\">Concernant maintenant les circuits VTT, je me suis rabattu sur 2 rouges et un bleu. Tout d&rsquo;abord, j&rsquo;ai voulu m&rsquo;aventurer dans les alentours du camping en traversant la route nationale, la voie-ferr\u00e9e puis la rivi\u00e8re pour essayer de d\u00e9couvrir le circuit rouge 3 de Raon. Un peu difficile \u00e0 trouver mais j&rsquo;y suis arriv\u00e9 avec la pr\u00e9cieuse carte de mon GPS&#8230; Le tour est sympa, parfois un peu difficile \u00e0 s&rsquo;y retrouver avec le balisage \u00e0 un endroit, dommage car je me suis un peu perdu et le terrain humide n&rsquo;\u00e9tait pas propice \u00e0 s&rsquo;\u00e9clater vraiment&#8230;. Aie, \u00e7a commen\u00e7ait mal&#8230; mais le meilleur allait venir l&rsquo;apr\u00e8s-midi&#8230;<\/p>\n<div id=\"attachment_11330\" style=\"width: 1034px\" class=\"wp-caption aligncenter\"><a href=\"https:\/\/veloclubfaumont.fr\/index.php\/2018\/07\/31\/vacances-vtt-dans-les-vosges-partie-1-sur-3\/raonletape\/\" rel=\"attachment wp-att-11330\"><img loading=\"lazy\" decoding=\"async\" aria-describedby=\"caption-attachment-11330\" class=\"wp-image-11330 size-large\" src=\"https:\/\/veloclubfaumont.fr\/wp-content\/uploads\/2018\/07\/raonletape-1024x782.jpg\" alt=\"\" width=\"1024\" height=\"782\" srcset=\"https:\/\/veloclubfaumont.fr\/wp-content\/uploads\/2018\/07\/raonletape-1024x782.jpg 1024w, https:\/\/veloclubfaumont.fr\/wp-content\/uploads\/2018\/07\/raonletape-300x229.jpg 300w, https:\/\/veloclubfaumont.fr\/wp-content\/uploads\/2018\/07\/raonletape-768x586.jpg 768w, https:\/\/veloclubfaumont.fr\/wp-content\/uploads\/2018\/07\/raonletape.jpg 1856w\" sizes=\"auto, (max-width: 1024px) 100vw, 1024px\" \/><\/a><p id=\"caption-attachment-11330\" class=\"wp-caption-text\"><em>Carte VTT des circuits autour de Raon l&rsquo;Etape<\/em><\/p><\/div>\n<p style=\"text-align: justify;\">En effet, malgr\u00e9 ma l\u00e9g\u00e8re d\u00e9ception, je d\u00e9cidais d&rsquo;aller faire le circuit rouge le plus proche de la r\u00e9gion, c&rsquo;est \u00e0 dire <strong>le tour du lac de Pierre-Perc\u00e9e<\/strong>. Grand bien m&rsquo;en a pris, puisque d\u00e8s ma deuxi\u00e8me excursion, je fis (sans le savoir sur le moment) le meilleur des circuits VTT de mon escapade vosgienne !!! Eh oui, tout ce que j&rsquo;adore dans le VTT y \u00e9tait : un beau d\u00e9cor, de nombreuses grimpettes et descentes agr\u00e9ment\u00e9es de nombreux singles ludiques et vari\u00e9s. C&rsquo;\u00e9tait donc le pied. Mis \u00e0 part 2 belles descentes avec beaucoup de pierrailles qu&rsquo;il fallait absolument descendre \u00e0 pieds ou une perte de balise \u00e0 la toute fin du circuit, tout \u00e9tait parfait. J&rsquo;en ai discut\u00e9 plus tard sur Facebook et les connaisseurs vantaient \u00e9galement ce spot qu&rsquo;ils faisaient parfois sur les chemins p\u00e9destres (encore meilleurs mais interdits normalement aux VTT&#8230;).<\/p>\n<table style=\"border-collapse: collapse; width: 100%;\" border=\"1\">\n<tbody>\n<tr>\n<td style=\"width: 50%;\">\n<p><div id=\"attachment_11331\" style=\"width: 344px\" class=\"wp-caption aligncenter\"><a href=\"https:\/\/veloclubfaumont.fr\/index.php\/2018\/07\/31\/vacances-vtt-dans-les-vosges-partie-1-sur-3\/img_20180715_152041\/\" rel=\"attachment wp-att-11331\"><img loading=\"lazy\" decoding=\"async\" aria-describedby=\"caption-attachment-11331\" class=\"wp-image-11331\" src=\"https:\/\/veloclubfaumont.fr\/wp-content\/uploads\/2018\/07\/IMG_20180715_152041-768x1024.jpg\" alt=\"\" width=\"334\" height=\"446\" srcset=\"https:\/\/veloclubfaumont.fr\/wp-content\/uploads\/2018\/07\/IMG_20180715_152041-768x1024.jpg 768w, https:\/\/veloclubfaumont.fr\/wp-content\/uploads\/2018\/07\/IMG_20180715_152041-225x300.jpg 225w, https:\/\/veloclubfaumont.fr\/wp-content\/uploads\/2018\/07\/IMG_20180715_152041.jpg 1200w\" sizes=\"auto, (max-width: 334px) 100vw, 334px\" \/><\/a><p id=\"caption-attachment-11331\" class=\"wp-caption-text\"><em>Un des plus beaux singles de mon escapade<\/em><\/p><\/div><\/td>\n<td style=\"width: 50%;\">\n<p><div id=\"attachment_11334\" style=\"width: 344px\" class=\"wp-caption aligncenter\"><a href=\"https:\/\/veloclubfaumont.fr\/index.php\/2018\/07\/31\/vacances-vtt-dans-les-vosges-partie-1-sur-3\/img_20180716_104238\/\" rel=\"attachment wp-att-11334\"><img loading=\"lazy\" decoding=\"async\" aria-describedby=\"caption-attachment-11334\" class=\"wp-image-11334\" src=\"https:\/\/veloclubfaumont.fr\/wp-content\/uploads\/2018\/07\/IMG_20180716_104238-768x1024.jpg\" alt=\"\" width=\"334\" height=\"445\" srcset=\"https:\/\/veloclubfaumont.fr\/wp-content\/uploads\/2018\/07\/IMG_20180716_104238-768x1024.jpg 768w, https:\/\/veloclubfaumont.fr\/wp-content\/uploads\/2018\/07\/IMG_20180716_104238-225x300.jpg 225w, https:\/\/veloclubfaumont.fr\/wp-content\/uploads\/2018\/07\/IMG_20180716_104238.jpg 1200w\" sizes=\"auto, (max-width: 334px) 100vw, 334px\" \/><\/a><p id=\"caption-attachment-11334\" class=\"wp-caption-text\"><em>Quel pied de rouler \u00e0 la fraiche sous les arbres vosgiens<\/em><\/p><\/div><\/td>\n<\/tr>\n<\/tbody>\n<\/table>\n<p>&nbsp;<\/p>\n<div id=\"attachment_11332\" style=\"width: 1034px\" class=\"wp-caption alignright\"><a href=\"https:\/\/veloclubfaumont.fr\/index.php\/2018\/07\/31\/vacances-vtt-dans-les-vosges-partie-1-sur-3\/img_20180716_113919\/\" rel=\"attachment wp-att-11332\"><img loading=\"lazy\" decoding=\"async\" aria-describedby=\"caption-attachment-11332\" class=\"wp-image-11332 size-large\" src=\"https:\/\/veloclubfaumont.fr\/wp-content\/uploads\/2018\/07\/IMG_20180716_113919-1024x768.jpg\" alt=\"\" width=\"1024\" height=\"768\" srcset=\"https:\/\/veloclubfaumont.fr\/wp-content\/uploads\/2018\/07\/IMG_20180716_113919-1024x768.jpg 1024w, https:\/\/veloclubfaumont.fr\/wp-content\/uploads\/2018\/07\/IMG_20180716_113919-300x225.jpg 300w, https:\/\/veloclubfaumont.fr\/wp-content\/uploads\/2018\/07\/IMG_20180716_113919-768x576.jpg 768w, https:\/\/veloclubfaumont.fr\/wp-content\/uploads\/2018\/07\/IMG_20180716_113919.jpg 1600w\" sizes=\"auto, (max-width: 1024px) 100vw, 1024px\" \/><\/a><p id=\"caption-attachment-11332\" class=\"wp-caption-text\"><em>Petite halte pr\u00e8s du lac<\/em><\/p><\/div>\n<p>&nbsp;<\/p>\n<div style=\"width: 640px;\" class=\"wp-video\"><video class=\"wp-video-shortcode\" id=\"video-11328-1\" width=\"640\" height=\"360\" preload=\"metadata\" controls=\"controls\"><source type=\"video\/mp4\" src=\"https:\/\/video.relive.cc\/15249955132_garmin_1532880913133.mp4?_=1\" \/><a href=\"https:\/\/video.relive.cc\/15249955132_garmin_1532880913133.mp4\">https:\/\/video.relive.cc\/15249955132_garmin_1532880913133.mp4<\/a><\/video><\/div>\n<p>&nbsp;<\/p>\n<p style=\"text-align: justify;\"><strong>Etape 2 : Anould au sud de St Di\u00e9 des Vosges. <\/strong>Ayant vu le meilleur de la r\u00e9gion (du moins je pense), je d\u00e9cidais de changer de cr\u00e8merie et je me dirigeai vers Saint-Di\u00e9, et plus pr\u00e9cis\u00e9ment \u00e0 Anould o\u00f9 se trouvait le camping le plus proche. Dans le m\u00eame style que le pr\u00e9c\u00e9dent, <em>les Acacias<\/em> b\u00e9n\u00e9ficiait en plus d&rsquo;une petite piscine bien sympa pour se remettre de ses quelques balades estivales. L&rsquo;accueil \u00e9tait correct, le wifi aussi et les sanitaires au top aussi (avec notamment des douches excellentes).<\/p>\n<p style=\"text-align: center;\"><a href=\"https:\/\/veloclubfaumont.fr\/index.php\/2018\/07\/31\/vacances-vtt-dans-les-vosges-partie-1-sur-3\/carte-anould\/\" rel=\"attachment wp-att-11336\"><img loading=\"lazy\" decoding=\"async\" class=\"alignright size-large wp-image-11336\" src=\"https:\/\/veloclubfaumont.fr\/wp-content\/uploads\/2018\/07\/carte-anould-1024x793.jpg\" alt=\"\" width=\"1024\" height=\"793\" srcset=\"https:\/\/veloclubfaumont.fr\/wp-content\/uploads\/2018\/07\/carte-anould-1024x793.jpg 1024w, https:\/\/veloclubfaumont.fr\/wp-content\/uploads\/2018\/07\/carte-anould-300x232.jpg 300w, https:\/\/veloclubfaumont.fr\/wp-content\/uploads\/2018\/07\/carte-anould-768x595.jpg 768w, https:\/\/veloclubfaumont.fr\/wp-content\/uploads\/2018\/07\/carte-anould.jpg 1954w\" sizes=\"auto, (max-width: 1024px) 100vw, 1024px\" \/><\/a><\/p>\n<p style=\"text-align: justify;\">Pour les traces r\u00e9gionales, j&rsquo;ai commenc\u00e9 par d\u00e9couvrir la voie verte cyclable qui passe juste \u00e0 c\u00f4t\u00e9 du camping pour me renseigner \u00e0 l&rsquo;office de tourisme voisin se trouvant \u00e0 Fraize. L&rsquo;accueil est tout \u00e0 fait charmant et je repars avec une carte des diff\u00e9rents circuits du coin. Affectionnant les parcours rouges (difficiles), je me dirigerai donc vers la ville de Planfaing (o\u00f9 la c\u00e9l\u00e8bre confiserie des Hautes-Vosges se tient&#8230; mais comme je ne suis pas tr\u00e8s bonbons, je ne m&rsquo;y arr\u00eaterai pas&#8230; dommage pour les gourmands qui me lisent).<\/p>\n<p><a href=\"https:\/\/veloclubfaumont.fr\/index.php\/2018\/07\/31\/vacances-vtt-dans-les-vosges-partie-1-sur-3\/dsc_0083-3\/\" rel=\"attachment wp-att-11337\"><img loading=\"lazy\" decoding=\"async\" class=\"wp-image-11337 size-large\" src=\"https:\/\/veloclubfaumont.fr\/wp-content\/uploads\/2018\/07\/DSC_0083-1024x683.jpg\" alt=\"\" width=\"1024\" height=\"683\" srcset=\"https:\/\/veloclubfaumont.fr\/wp-content\/uploads\/2018\/07\/DSC_0083-1024x683.jpg 1024w, https:\/\/veloclubfaumont.fr\/wp-content\/uploads\/2018\/07\/DSC_0083-300x200.jpg 300w, https:\/\/veloclubfaumont.fr\/wp-content\/uploads\/2018\/07\/DSC_0083-768x512.jpg 768w, https:\/\/veloclubfaumont.fr\/wp-content\/uploads\/2018\/07\/DSC_0083.jpg 1382w\" sizes=\"auto, (max-width: 1024px) 100vw, 1024px\" \/><\/a><\/p>\n<p style=\"text-align: justify;\">Aie, aie&#8230; d\u00e8s le d\u00e9but, pas moyen de rep\u00e9rer les balises. En effet, le circuit choisi ne fait pas partie des circuits labellis\u00e9s FFC et \u00e7a se sent d\u00e8s le d\u00e9part. Je demande donc aux quelques habitants crois\u00e9s sur mon chemin en leur montrant la carte que l&rsquo;on m&rsquo;avait donn\u00e9e. Avec les quelques balises de marche entrevues ici et l\u00e0, j&rsquo;arrive tant bien que mal \u00e0 me faire mon propre circuit&#8230; mais mis \u00e0 part la vue sur la vall\u00e9e, cela ne m&#8217;emballe gu\u00e8re&#8230;. Ensuite, la longue mont\u00e9e suivie d&rsquo;une longue descente est plut\u00f4t ennuyeuse. Dommage, je verrai mieux plus tard&#8230;<\/p>\n<div id=\"attachment_11338\" style=\"width: 1034px\" class=\"wp-caption aligncenter\"><a href=\"https:\/\/veloclubfaumont.fr\/index.php\/2018\/07\/31\/vacances-vtt-dans-les-vosges-partie-1-sur-3\/dsc_0086-3\/\" rel=\"attachment wp-att-11338\"><img loading=\"lazy\" decoding=\"async\" aria-describedby=\"caption-attachment-11338\" class=\"wp-image-11338 size-large\" src=\"https:\/\/veloclubfaumont.fr\/wp-content\/uploads\/2018\/07\/DSC_0086-1024x683.jpg\" alt=\"\" width=\"1024\" height=\"683\" srcset=\"https:\/\/veloclubfaumont.fr\/wp-content\/uploads\/2018\/07\/DSC_0086-1024x683.jpg 1024w, https:\/\/veloclubfaumont.fr\/wp-content\/uploads\/2018\/07\/DSC_0086-300x200.jpg 300w, https:\/\/veloclubfaumont.fr\/wp-content\/uploads\/2018\/07\/DSC_0086-768x512.jpg 768w, https:\/\/veloclubfaumont.fr\/wp-content\/uploads\/2018\/07\/DSC_0086.jpg 1382w\" sizes=\"auto, (max-width: 1024px) 100vw, 1024px\" \/><\/a><p id=\"caption-attachment-11338\" class=\"wp-caption-text\"><em>Malgr\u00e9 de larges chemins parfois ennuyeux \u00e0 VTT, la for\u00eat vosgienne sera toujours aussi belle pour pratiquer le v\u00e9lo<\/em><\/p><\/div>\n<p style=\"text-align: justify;\">En effet, en poussant un peu plus loin, je me dirige un peu plus loin vers mon autre passion : les cascades. Avant d&rsquo;y acc\u00e9der, j&rsquo;adore les petits chemins sinueux et parfois sauvages que l&rsquo;on doit emprunter. Ceux qui vont m&#8217;emmener \u00e0 celle du <em>Rudlin<\/em> ne d\u00e9rogeront pas \u00e0 la r\u00e8gle. Apr\u00e8s quelques bonnes minutes de marche sportives, j&rsquo;arrive \u00e0 un petit bijou. L&rsquo;endroit est quasi d\u00e9sertique (un seul jeune couple avec enfants s&rsquo;y trouvant me tirera le portrait pour immortaliser le moment).<\/p>\n<div id=\"attachment_11339\" style=\"width: 437px\" class=\"wp-caption aligncenter\"><img loading=\"lazy\" decoding=\"async\" aria-describedby=\"caption-attachment-11339\" class=\"wp-image-11339 \" src=\"https:\/\/veloclubfaumont.fr\/wp-content\/uploads\/2018\/07\/DSC_0076-683x1024.jpg\" alt=\"\" width=\"427\" height=\"640\" srcset=\"https:\/\/veloclubfaumont.fr\/wp-content\/uploads\/2018\/07\/DSC_0076-683x1024.jpg 683w, https:\/\/veloclubfaumont.fr\/wp-content\/uploads\/2018\/07\/DSC_0076-200x300.jpg 200w, https:\/\/veloclubfaumont.fr\/wp-content\/uploads\/2018\/07\/DSC_0076-768x1151.jpg 768w, https:\/\/veloclubfaumont.fr\/wp-content\/uploads\/2018\/07\/DSC_0076.jpg 922w\" sizes=\"auto, (max-width: 427px) 100vw, 427px\" \/><p id=\"caption-attachment-11339\" class=\"wp-caption-text\"><em>Ouf, mon photographe (non officiel) arrivera \u00e0 bien me cadrer ! \ud83d\ude42<\/em><\/p><\/div>\n<p style=\"text-align: justify;\">La suite sera du m\u00eame acabit. \u00c9tant un peu d\u00e9\u00e7u de Plainfaing et des environs, je partis par hasard vers Corcieux o\u00f9 je d\u00e9couvris un beau circuit. Arriv\u00e9 \u00e0 l&rsquo;Office de Tourisme, la jeune fille qui m&rsquo;accueillit me proposa de suivre la trace (p\u00e9destre) du \u00ab\u00a0champ de Roches\u00a0\u00bb. Elle me donna le topo-guide (qui me fut tr\u00e8s utile peu de temps apr\u00e8s&#8230;.) et me voil\u00e0 parti. J&rsquo;ai un peu cherch\u00e9 au d\u00e9but dans la ville, mais apr\u00e8s l&rsquo;avoir quitt\u00e9e, ce fut assez ais\u00e9. Le d\u00e9part se fit dans la vall\u00e9e et ressemblait un peu aux randonn\u00e9es faites dans les collines de l&rsquo;Artois. Pas de for\u00eats vosgiennes \u00e0 l&rsquo;horizon, mais ce fut tr\u00e8s agr\u00e9able avec ses longues c\u00f4tes et descentes entre-coup\u00e9es de passages bucoliques bien sympathiques.<\/p>\n<p style=\"text-align: center;\"><a href=\"https:\/\/veloclubfaumont.fr\/index.php\/2018\/07\/31\/vacances-vtt-dans-les-vosges-partie-1-sur-3\/dsc_0092-4\/\" rel=\"attachment wp-att-11340\"><img loading=\"lazy\" decoding=\"async\" class=\"alignright size-large wp-image-11340\" src=\"https:\/\/veloclubfaumont.fr\/wp-content\/uploads\/2018\/07\/DSC_0092-1024x683.jpg\" alt=\"\" width=\"1024\" height=\"683\" srcset=\"https:\/\/veloclubfaumont.fr\/wp-content\/uploads\/2018\/07\/DSC_0092-1024x683.jpg 1024w, https:\/\/veloclubfaumont.fr\/wp-content\/uploads\/2018\/07\/DSC_0092-300x200.jpg 300w, https:\/\/veloclubfaumont.fr\/wp-content\/uploads\/2018\/07\/DSC_0092-768x512.jpg 768w, https:\/\/veloclubfaumont.fr\/wp-content\/uploads\/2018\/07\/DSC_0092.jpg 1382w\" sizes=\"auto, (max-width: 1024px) 100vw, 1024px\" \/><\/a><\/p>\n<p>&nbsp;<\/p>\n<p>&nbsp;<\/p>\n<p style=\"text-align: justify;\">Ensuite, on est quand m\u00eame dans les Vosges et la for\u00eat arrive. Et au beau milieu de celle-ci se dresse une curiosit\u00e9 g\u00e9ologique : le fameux \u00ab\u00a0Champ de Roches\u00a0\u00bb ! Le site porte bien son nom car en plein milieu des arbres se dressent plusieurs milliers de gros rochers venus de nulle-part. Non, nous ne sommes ni au bagne pour casser des cailloux, ni sur les pav\u00e9s XXXXLLLLL du \u00ab\u00a0Paris-Roubaix\u00a0\u00bb, mais bel et bien devant quelque-chose d&rsquo;original.<\/p>\n<div style=\"width: 640px;\" class=\"wp-video\"><video class=\"wp-video-shortcode\" id=\"video-11328-2\" width=\"640\" height=\"360\" preload=\"metadata\" controls=\"controls\"><source type=\"video\/mp4\" src=\"https:\/\/video.relive.cc\/55759955132_garmin_1532880959337.mp4?_=2\" \/><a href=\"https:\/\/video.relive.cc\/55759955132_garmin_1532880959337.mp4\">https:\/\/video.relive.cc\/55759955132_garmin_1532880959337.mp4<\/a><\/video><\/div>\n<p style=\"text-align: justify;\">De retour au camping, d\u00e8s le lendemain, ce fut le moment de s&rsquo;approcher de la vraie montagne vosgienne, direction <strong><em>G\u00e9rardmer<\/em><\/strong>&#8230;.<\/p>\n<p style=\"text-align: center;\"><span style=\"font-size: 18pt;\"><em><strong><a href=\"https:\/\/veloclubfaumont.fr\/index.php\/2018\/08\/02\/vtt-dans-les-vosges-partie-2-3\/\">Suite des aventures de JL dans les Vosges ici<\/a>&#8230;.<\/strong><\/em><\/span><\/p>\n<p>Si vous voulez avoir les <strong>PDF<\/strong> des cartes des r\u00e9gions propos\u00e9es ici, voil\u00e0 les liens vers :<\/p>\n<p style=\"text-align: center;\"><em><a href=\"https:\/\/veloclubfaumont.fr\/index.php\/2018\/07\/31\/vacances-vtt-dans-les-vosges-partie-1-sur-3\/carte-vtt-des-vosges\/\" target=\"_blank\" rel=\"attachment noopener wp-att-11345 noreferrer\"><span style=\"font-size: 18pt;\">carte vtt-g\u00e9n\u00e9rale des Vosges<\/span><\/a><span style=\"font-size: 18pt;\"><br \/>\n<\/span><span style=\"font-size: 18pt;\"> <a href=\"https:\/\/veloclubfaumont.fr\/index.php\/2018\/07\/31\/vacances-vtt-dans-les-vosges-partie-1-sur-3\/raon_l-etape-parcours-vtt\/\" target=\"_blank\" rel=\"attachment noopener wp-att-11343 noreferrer\">Raon l&rsquo;Etape<\/a><br \/>\n<\/span><\/em><span style=\"font-size: 18pt;\"><a href=\"https:\/\/veloclubfaumont.fr\/index.php\/2018\/07\/31\/vacances-vtt-dans-les-vosges-partie-1-sur-3\/plan-fraize-plainfaing-corcieux\/\" target=\"_blank\" rel=\"attachment noopener wp-att-11344 noreferrer\"><em>Fraize-Plainfaing-Corcieux<\/em><\/a><\/span><\/p>\n<p style=\"text-align: center;\"><div id=\"grid-gallery-252-12903\" data-gg-id=\"252\" data-title=\"Vosges 1\" data-grid-type=\"0\" data-offset=\"5.3\" data-area-position=\"center\" data-icons=\"false\" data-preloader=\"true\" data-width=\"215\" data-height=\"215\" data-padding=\"0\" data-quicksand=\"disabled\" data-quicksand-duration=\"1800\" data-popup-theme=\"theme_6\" data-popup-type=\"pretty-photo\" data-popup-image-text=\"data-description\" data-popup-widthsize=\"auto\" data-popup-heightsize=\"auto\" data-popup-i18n-words=\"{&quot;close&quot;:&quot;fermer&quot;,&quot;next&quot;:&quot;suivant&quot;,&quot;previous&quot;:&quot;pr\\u00e9c\\u00e9dent&quot;,&quot;start_slideshow&quot;:&quot;d\\u00e9marrer le diaporama&quot;,&quot;stop_slideshow&quot;:&quot;arr\\u00e9ter le diaporama&quot;,&quot;image&quot;:&quot;image&quot;,&quot;of&quot;:&quot;de&quot;,&quot;prev&quot;:&quot;pr\\u00e9c.&quot;,&quot;cExpand&quot;:&quot;Agrandir&quot;,&quot;cPrevious&quot;:&quot;Pr\\u00e9c\\u00e9dent&quot;,&quot;cNext&quot;:&quot;Suivant&quot;,&quot;cExpandStr&quot;:&quot;Agrandir l&#039;image&quot;,&quot;cRotate&quot;:&quot;Pivoter&quot;,&quot;cDetails&quot;:&quot;Details&quot;}\" data-popup-slideshow=\"false\" data-popup-slideshow-speed=\"2500\" data-popup-hoverstop=\"true\" data-popup-slideshow-auto=\"false\" data-popup-background=\"\" data-popup-transparency=\"30\" data-popup-disable-history=\"\" data-popup-disable-changed-url=\"\" data-popup-border-type=\"\" data-popup-border-color=\"\" data-popup-border-width=\"\" data-popup-border-enable=\"\" data-fullscreen=\"false\" data-hide-tooltip=\"false\" data-caption-font-family=\"Default\" data-caption-text-size=\"14px\" data-is-mobile=\"0\" data-caption-mobile=\"false\" data-hide-long-tltp-title=\"0\" data-caption-disabled-on-mobile=\"false\" data-lazyload-enable='1' data-lazyload-effect=\"show\" data-lazyload-effect-duration=\"400\" data-popup-placement-type=\"0\" data-social-sharing=\"{&quot;enabled&quot;:&quot;&quot;,&quot;gallerySharing&quot;:{&quot;enabled&quot;:null,&quot;position&quot;:null},&quot;imageSharing&quot;:{&quot;enabled&quot;:null,&quot;wrapperClass&quot;:&quot; vertical &quot;},&quot;popupSharing&quot;:{&quot;enabled&quot;:null,&quot;wrapperClass&quot;:&quot; vertical &quot;}}\" class=\"grid-gallery grid-gallery-fixed \" style=\" width:100%; height:auto; margin-left:auto; margin-right:auto;position:relative;\"> <div class=\"gallery-loading\"> <div class=\"blocks\"> <div class=\"block\"><\/div> <div class=\"block\"><\/div> <div class=\"block\"><\/div> <div class=\"block\"><\/div> <\/div> <\/div> <div class=\"gallery-sharing-top\"><\/div> <div id=\"photos-252\" class=\"grid-gallery-photos\"><a id=\"gg-252-7553\" class=\"gg-link \" data-attachment-id=\"11355\" href=\"https:\/\/veloclubfaumont.fr\/wp-content\/uploads\/2018\/07\/IMG_20180715_151000.jpg?gid=252\" target=\"_self\" title=\"IMG_20180715_151000\" data-rel=\"prettyPhoto[pp_gal]\" style=\"border-radius:0px;\" ><FIGURE class=\"grid-gallery-caption\" data-grid-gallery-type=\"quarter-slide-up\" data-index=\"0\" style=\"display:none;border-radius:0px;; margin:5.3px; width:215px;\" ><div class=\"crop\" style=\" width:215px; height:215px; overflow:hidden;\"><img decoding=\"async\" data-gg-real-image-href=\"http:\/\/veloclubfaumont.fr\/wp-content\/uploads\/2018\/07\/IMG_20180715_151000-215x215.jpg\" src=\"\" class=\"ggImg ggLazyImg\" alt=\"IMG_20180715_151000\" title=\"IMG_20180715_151000\" data-description=\"IMG_20180715_151000\" data-caption=\"IMG_20180715_151000\" data-title=\"IMG_20180715_151000\" style=\" width:215px; height:215px;\" \/><\/div><FIGCAPTION class=\"\" data-alpha=\"5\" style=\"color:#ffffff; background-color:#6f0000; font-size:14px; text-align:2; font-family:Default;\" ><div class=\"grid-gallery-figcaption-wrap\" style=\" vertical-align:;\"><\/div><\/FIGCAPTION><\/FIGURE><\/a><a id=\"gg-252-7554\" class=\"gg-link \" data-attachment-id=\"11356\" href=\"https:\/\/veloclubfaumont.fr\/wp-content\/uploads\/2018\/07\/IMG_20180715_151057.jpg?gid=252\" target=\"_self\" title=\"IMG_20180715_151057\" data-rel=\"prettyPhoto[pp_gal]\" style=\"border-radius:0px;\" ><FIGURE class=\"grid-gallery-caption\" data-grid-gallery-type=\"quarter-slide-up\" data-index=\"1\" style=\"display:none;border-radius:0px;; margin:5.3px; width:215px;\" ><div class=\"crop\" style=\" width:215px; height:215px; overflow:hidden;\"><img decoding=\"async\" data-gg-real-image-href=\"http:\/\/veloclubfaumont.fr\/wp-content\/uploads\/2018\/07\/IMG_20180715_151057-215x215.jpg\" src=\"\" class=\"ggImg ggLazyImg\" alt=\"IMG_20180715_151057\" title=\"IMG_20180715_151057\" data-description=\"IMG_20180715_151057\" data-caption=\"IMG_20180715_151057\" data-title=\"IMG_20180715_151057\" style=\" width:215px; height:215px;\" \/><\/div><FIGCAPTION class=\"\" data-alpha=\"5\" style=\"color:#ffffff; background-color:#6f0000; font-size:14px; text-align:2; font-family:Default;\" ><div class=\"grid-gallery-figcaption-wrap\" style=\" vertical-align:;\"><\/div><\/FIGCAPTION><\/FIGURE><\/a><a id=\"gg-252-7555\" class=\"gg-link \" data-attachment-id=\"11357\" href=\"https:\/\/veloclubfaumont.fr\/wp-content\/uploads\/2018\/07\/IMG_20180715_151200.jpg?gid=252\" target=\"_self\" title=\"IMG_20180715_151200\" data-rel=\"prettyPhoto[pp_gal]\" style=\"border-radius:0px;\" ><FIGURE class=\"grid-gallery-caption\" data-grid-gallery-type=\"quarter-slide-up\" data-index=\"2\" style=\"display:none;border-radius:0px;; margin:5.3px; width:215px;\" ><div class=\"crop\" style=\" width:215px; height:215px; overflow:hidden;\"><img decoding=\"async\" data-gg-real-image-href=\"http:\/\/veloclubfaumont.fr\/wp-content\/uploads\/2018\/07\/IMG_20180715_151200-215x215.jpg\" src=\"\" class=\"ggImg ggLazyImg\" alt=\"IMG_20180715_151200\" title=\"IMG_20180715_151200\" data-description=\"IMG_20180715_151200\" data-caption=\"IMG_20180715_151200\" data-title=\"IMG_20180715_151200\" style=\" width:215px; height:215px;\" \/><\/div><FIGCAPTION class=\"\" data-alpha=\"5\" style=\"color:#ffffff; background-color:#6f0000; font-size:14px; text-align:2; font-family:Default;\" ><div class=\"grid-gallery-figcaption-wrap\" style=\" vertical-align:;\"><\/div><\/FIGCAPTION><\/FIGURE><\/a><a id=\"gg-252-7556\" class=\"gg-link \" data-attachment-id=\"11358\" href=\"https:\/\/veloclubfaumont.fr\/wp-content\/uploads\/2018\/07\/IMG_20180715_151932.jpg?gid=252\" target=\"_self\" title=\"IMG_20180715_151932\" data-rel=\"prettyPhoto[pp_gal]\" style=\"border-radius:0px;\" ><FIGURE class=\"grid-gallery-caption\" data-grid-gallery-type=\"quarter-slide-up\" data-index=\"3\" style=\"display:none;border-radius:0px;; margin:5.3px; width:215px;\" ><div class=\"crop\" style=\" width:215px; height:215px; overflow:hidden;\"><img decoding=\"async\" data-gg-real-image-href=\"http:\/\/veloclubfaumont.fr\/wp-content\/uploads\/2018\/07\/IMG_20180715_151932-215x215.jpg\" src=\"\" class=\"ggImg ggLazyImg\" alt=\"IMG_20180715_151932\" title=\"IMG_20180715_151932\" data-description=\"IMG_20180715_151932\" data-caption=\"IMG_20180715_151932\" data-title=\"IMG_20180715_151932\" style=\" width:215px; height:215px;\" \/><\/div><FIGCAPTION class=\"\" data-alpha=\"5\" style=\"color:#ffffff; background-color:#6f0000; font-size:14px; text-align:2; font-family:Default;\" ><div class=\"grid-gallery-figcaption-wrap\" style=\" vertical-align:;\"><\/div><\/FIGCAPTION><\/FIGURE><\/a><a id=\"gg-252-7557\" class=\"gg-link \" data-attachment-id=\"11359\" href=\"https:\/\/veloclubfaumont.fr\/wp-content\/uploads\/2018\/07\/IMG_20180715_151945.jpg?gid=252\" target=\"_self\" title=\"IMG_20180715_151945\" data-rel=\"prettyPhoto[pp_gal]\" style=\"border-radius:0px;\" ><FIGURE class=\"grid-gallery-caption\" data-grid-gallery-type=\"quarter-slide-up\" data-index=\"4\" style=\"display:none;border-radius:0px;; margin:5.3px; width:215px;\" ><div class=\"crop\" style=\" width:215px; height:215px; overflow:hidden;\"><img decoding=\"async\" data-gg-real-image-href=\"http:\/\/veloclubfaumont.fr\/wp-content\/uploads\/2018\/07\/IMG_20180715_151945-215x215.jpg\" src=\"\" class=\"ggImg ggLazyImg\" alt=\"IMG_20180715_151945\" title=\"IMG_20180715_151945\" data-description=\"IMG_20180715_151945\" data-caption=\"IMG_20180715_151945\" data-title=\"IMG_20180715_151945\" style=\" width:215px; height:215px;\" \/><\/div><FIGCAPTION class=\"\" data-alpha=\"5\" style=\"color:#ffffff; background-color:#6f0000; font-size:14px; text-align:2; font-family:Default;\" ><div class=\"grid-gallery-figcaption-wrap\" style=\" vertical-align:;\"><\/div><\/FIGCAPTION><\/FIGURE><\/a><a id=\"gg-252-7558\" class=\"gg-link \" data-attachment-id=\"11360\" href=\"https:\/\/veloclubfaumont.fr\/wp-content\/uploads\/2018\/07\/IMG_20180715_151950.jpg?gid=252\" target=\"_self\" title=\"IMG_20180715_151950\" data-rel=\"prettyPhoto[pp_gal]\" style=\"border-radius:0px;\" ><FIGURE class=\"grid-gallery-caption\" data-grid-gallery-type=\"quarter-slide-up\" data-index=\"5\" style=\"display:none;border-radius:0px;; margin:5.3px; width:215px;\" ><div class=\"crop\" style=\" width:215px; height:215px; overflow:hidden;\"><img decoding=\"async\" data-gg-real-image-href=\"http:\/\/veloclubfaumont.fr\/wp-content\/uploads\/2018\/07\/IMG_20180715_151950-215x215.jpg\" src=\"\" class=\"ggImg ggLazyImg\" alt=\"IMG_20180715_151950\" title=\"IMG_20180715_151950\" data-description=\"IMG_20180715_151950\" data-caption=\"IMG_20180715_151950\" data-title=\"IMG_20180715_151950\" style=\" width:215px; height:215px;\" \/><\/div><FIGCAPTION class=\"\" data-alpha=\"5\" style=\"color:#ffffff; background-color:#6f0000; font-size:14px; text-align:2; font-family:Default;\" ><div class=\"grid-gallery-figcaption-wrap\" style=\" vertical-align:;\"><\/div><\/FIGCAPTION><\/FIGURE><\/a><a id=\"gg-252-7559\" class=\"gg-link \" data-attachment-id=\"11361\" href=\"https:\/\/veloclubfaumont.fr\/wp-content\/uploads\/2018\/07\/IMG_20180715_152041-1.jpg?gid=252\" target=\"_self\" title=\"IMG_20180715_152041\" data-rel=\"prettyPhoto[pp_gal]\" style=\"border-radius:0px;\" ><FIGURE class=\"grid-gallery-caption\" data-grid-gallery-type=\"quarter-slide-up\" data-index=\"6\" style=\"display:none;border-radius:0px;; margin:5.3px; width:215px;\" ><div class=\"crop\" style=\" width:215px; height:215px; overflow:hidden;\"><img decoding=\"async\" data-gg-real-image-href=\"http:\/\/veloclubfaumont.fr\/wp-content\/uploads\/2018\/07\/IMG_20180715_152041-1-215x215.jpg\" src=\"\" class=\"ggImg ggLazyImg\" alt=\"IMG_20180715_152041\" title=\"IMG_20180715_152041\" data-description=\"IMG_20180715_152041\" data-caption=\"IMG_20180715_152041\" data-title=\"IMG_20180715_152041\" style=\" width:215px; height:215px;\" \/><\/div><FIGCAPTION class=\"\" data-alpha=\"5\" style=\"color:#ffffff; background-color:#6f0000; font-size:14px; text-align:2; font-family:Default;\" ><div class=\"grid-gallery-figcaption-wrap\" style=\" vertical-align:;\"><\/div><\/FIGCAPTION><\/FIGURE><\/a><a id=\"gg-252-7560\" class=\"gg-link \" data-attachment-id=\"11362\" href=\"https:\/\/veloclubfaumont.fr\/wp-content\/uploads\/2018\/07\/IMG_20180716_102307.jpg?gid=252\" target=\"_self\" title=\"IMG_20180716_102307\" data-rel=\"prettyPhoto[pp_gal]\" style=\"border-radius:0px;\" ><FIGURE class=\"grid-gallery-caption\" data-grid-gallery-type=\"quarter-slide-up\" data-index=\"7\" style=\"display:none;border-radius:0px;; margin:5.3px; width:215px;\" ><div class=\"crop\" style=\" width:215px; height:215px; overflow:hidden;\"><img decoding=\"async\" data-gg-real-image-href=\"http:\/\/veloclubfaumont.fr\/wp-content\/uploads\/2018\/07\/IMG_20180716_102307-215x215.jpg\" src=\"\" class=\"ggImg ggLazyImg\" alt=\"IMG_20180716_102307\" title=\"IMG_20180716_102307\" data-description=\"IMG_20180716_102307\" data-caption=\"IMG_20180716_102307\" data-title=\"IMG_20180716_102307\" style=\" width:215px; height:215px;\" \/><\/div><FIGCAPTION class=\"\" data-alpha=\"5\" style=\"color:#ffffff; background-color:#6f0000; font-size:14px; text-align:2; font-family:Default;\" ><div class=\"grid-gallery-figcaption-wrap\" style=\" vertical-align:;\"><\/div><\/FIGCAPTION><\/FIGURE><\/a><a id=\"gg-252-7561\" class=\"gg-link \" data-attachment-id=\"11363\" href=\"https:\/\/veloclubfaumont.fr\/wp-content\/uploads\/2018\/07\/IMG_20180716_104238-1.jpg?gid=252\" target=\"_self\" title=\"IMG_20180716_104238\" data-rel=\"prettyPhoto[pp_gal]\" style=\"border-radius:0px;\" ><FIGURE class=\"grid-gallery-caption\" data-grid-gallery-type=\"quarter-slide-up\" data-index=\"8\" style=\"display:none;border-radius:0px;; margin:5.3px; width:215px;\" ><div class=\"crop\" style=\" width:215px; height:215px; overflow:hidden;\"><img decoding=\"async\" data-gg-real-image-href=\"http:\/\/veloclubfaumont.fr\/wp-content\/uploads\/2018\/07\/IMG_20180716_104238-1-215x215.jpg\" src=\"\" class=\"ggImg ggLazyImg\" alt=\"IMG_20180716_104238\" title=\"IMG_20180716_104238\" data-description=\"IMG_20180716_104238\" data-caption=\"IMG_20180716_104238\" data-title=\"IMG_20180716_104238\" style=\" width:215px; height:215px;\" \/><\/div><FIGCAPTION class=\"\" data-alpha=\"5\" style=\"color:#ffffff; background-color:#6f0000; font-size:14px; text-align:2; font-family:Default;\" ><div class=\"grid-gallery-figcaption-wrap\" style=\" vertical-align:;\"><\/div><\/FIGCAPTION><\/FIGURE><\/a><a id=\"gg-252-7562\" class=\"gg-link \" data-attachment-id=\"11364\" href=\"https:\/\/veloclubfaumont.fr\/wp-content\/uploads\/2018\/07\/IMG_20180716_113444.jpg?gid=252\" target=\"_self\" title=\"IMG_20180716_113444\" data-rel=\"prettyPhoto[pp_gal]\" style=\"border-radius:0px;\" ><FIGURE class=\"grid-gallery-caption\" data-grid-gallery-type=\"quarter-slide-up\" data-index=\"9\" style=\"display:none;border-radius:0px;; margin:5.3px; width:215px;\" ><div class=\"crop\" style=\" width:215px; height:215px; overflow:hidden;\"><img decoding=\"async\" data-gg-real-image-href=\"http:\/\/veloclubfaumont.fr\/wp-content\/uploads\/2018\/07\/IMG_20180716_113444-215x215.jpg\" src=\"\" class=\"ggImg ggLazyImg\" alt=\"IMG_20180716_113444\" title=\"IMG_20180716_113444\" data-description=\"IMG_20180716_113444\" data-caption=\"IMG_20180716_113444\" data-title=\"IMG_20180716_113444\" style=\" width:215px; height:215px;\" \/><\/div><FIGCAPTION class=\"\" data-alpha=\"5\" style=\"color:#ffffff; background-color:#6f0000; font-size:14px; text-align:2; font-family:Default;\" ><div class=\"grid-gallery-figcaption-wrap\" style=\" vertical-align:;\"><\/div><\/FIGCAPTION><\/FIGURE><\/a><a id=\"gg-252-7563\" class=\"gg-link \" data-attachment-id=\"11365\" href=\"https:\/\/veloclubfaumont.fr\/wp-content\/uploads\/2018\/07\/IMG_20180716_113919-1.jpg?gid=252\" target=\"_self\" title=\"IMG_20180716_113919\" data-rel=\"prettyPhoto[pp_gal]\" style=\"border-radius:0px;\" ><FIGURE class=\"grid-gallery-caption\" data-grid-gallery-type=\"quarter-slide-up\" data-index=\"10\" style=\"display:none;border-radius:0px;; margin:5.3px; width:215px;\" ><div class=\"crop\" style=\" width:215px; height:215px; overflow:hidden;\"><img decoding=\"async\" data-gg-real-image-href=\"http:\/\/veloclubfaumont.fr\/wp-content\/uploads\/2018\/07\/IMG_20180716_113919-1-215x215.jpg\" src=\"\" class=\"ggImg ggLazyImg\" alt=\"IMG_20180716_113919\" title=\"IMG_20180716_113919\" data-description=\"IMG_20180716_113919\" data-caption=\"IMG_20180716_113919\" data-title=\"IMG_20180716_113919\" style=\" width:215px; height:215px;\" \/><\/div><FIGCAPTION class=\"\" data-alpha=\"5\" style=\"color:#ffffff; background-color:#6f0000; font-size:14px; text-align:2; font-family:Default;\" ><div class=\"grid-gallery-figcaption-wrap\" style=\" vertical-align:;\"><\/div><\/FIGCAPTION><\/FIGURE><\/a><a id=\"gg-252-7564\" class=\"gg-link \" data-attachment-id=\"11366\" href=\"https:\/\/veloclubfaumont.fr\/wp-content\/uploads\/2018\/07\/IMG_20180716_122404.jpg?gid=252\" target=\"_self\" title=\"IMG_20180716_122404\" data-rel=\"prettyPhoto[pp_gal]\" style=\"border-radius:0px;\" ><FIGURE class=\"grid-gallery-caption\" data-grid-gallery-type=\"quarter-slide-up\" data-index=\"11\" style=\"display:none;border-radius:0px;; margin:5.3px; width:215px;\" ><div class=\"crop\" style=\" width:215px; height:215px; overflow:hidden;\"><img decoding=\"async\" data-gg-real-image-href=\"http:\/\/veloclubfaumont.fr\/wp-content\/uploads\/2018\/07\/IMG_20180716_122404-215x215.jpg\" src=\"\" class=\"ggImg ggLazyImg\" alt=\"IMG_20180716_122404\" title=\"IMG_20180716_122404\" data-description=\"IMG_20180716_122404\" data-caption=\"IMG_20180716_122404\" data-title=\"IMG_20180716_122404\" style=\" width:215px; height:215px;\" \/><\/div><FIGCAPTION class=\"\" data-alpha=\"5\" style=\"color:#ffffff; background-color:#6f0000; font-size:14px; text-align:2; font-family:Default;\" ><div class=\"grid-gallery-figcaption-wrap\" style=\" vertical-align:;\"><\/div><\/FIGCAPTION><\/FIGURE><\/a><a id=\"gg-252-7565\" class=\"gg-link \" data-attachment-id=\"11367\" href=\"https:\/\/veloclubfaumont.fr\/wp-content\/uploads\/2018\/07\/IMG_20180716_122418.jpg?gid=252\" target=\"_self\" title=\"IMG_20180716_122418\" data-rel=\"prettyPhoto[pp_gal]\" style=\"border-radius:0px;\" ><FIGURE class=\"grid-gallery-caption\" data-grid-gallery-type=\"quarter-slide-up\" data-index=\"12\" style=\"display:none;border-radius:0px;; margin:5.3px; width:215px;\" ><div class=\"crop\" style=\" width:215px; height:215px; overflow:hidden;\"><img decoding=\"async\" data-gg-real-image-href=\"http:\/\/veloclubfaumont.fr\/wp-content\/uploads\/2018\/07\/IMG_20180716_122418-215x215.jpg\" src=\"\" class=\"ggImg ggLazyImg\" alt=\"IMG_20180716_122418\" title=\"IMG_20180716_122418\" data-description=\"IMG_20180716_122418\" data-caption=\"IMG_20180716_122418\" data-title=\"IMG_20180716_122418\" style=\" width:215px; height:215px;\" \/><\/div><FIGCAPTION class=\"\" data-alpha=\"5\" style=\"color:#ffffff; background-color:#6f0000; font-size:14px; text-align:2; font-family:Default;\" ><div class=\"grid-gallery-figcaption-wrap\" style=\" vertical-align:;\"><\/div><\/FIGCAPTION><\/FIGURE><\/a><a id=\"gg-252-7566\" class=\"gg-link \" data-attachment-id=\"11368\" href=\"https:\/\/veloclubfaumont.fr\/wp-content\/uploads\/2018\/07\/IMG_20180716_151434.jpg?gid=252\" target=\"_self\" title=\"IMG_20180716_151434\" data-rel=\"prettyPhoto[pp_gal]\" style=\"border-radius:0px;\" ><FIGURE class=\"grid-gallery-caption\" data-grid-gallery-type=\"quarter-slide-up\" data-index=\"13\" style=\"display:none;border-radius:0px;; margin:5.3px; width:215px;\" ><div class=\"crop\" style=\" width:215px; height:215px; overflow:hidden;\"><img decoding=\"async\" data-gg-real-image-href=\"http:\/\/veloclubfaumont.fr\/wp-content\/uploads\/2018\/07\/IMG_20180716_151434-215x215.jpg\" src=\"\" class=\"ggImg ggLazyImg\" alt=\"IMG_20180716_151434\" title=\"IMG_20180716_151434\" data-description=\"IMG_20180716_151434\" data-caption=\"IMG_20180716_151434\" data-title=\"IMG_20180716_151434\" style=\" width:215px; height:215px;\" \/><\/div><FIGCAPTION class=\"\" data-alpha=\"5\" style=\"color:#ffffff; background-color:#6f0000; font-size:14px; text-align:2; font-family:Default;\" ><div class=\"grid-gallery-figcaption-wrap\" style=\" vertical-align:;\"><\/div><\/FIGCAPTION><\/FIGURE><\/a><a id=\"gg-252-7567\" class=\"gg-link \" data-attachment-id=\"11369\" href=\"https:\/\/veloclubfaumont.fr\/wp-content\/uploads\/2018\/07\/IMG_20180718_210222.jpg?gid=252\" target=\"_self\" title=\"IMG_20180718_210222\" data-rel=\"prettyPhoto[pp_gal]\" style=\"border-radius:0px;\" ><FIGURE class=\"grid-gallery-caption\" data-grid-gallery-type=\"quarter-slide-up\" data-index=\"14\" style=\"display:none;border-radius:0px;; margin:5.3px; width:215px;\" ><div class=\"crop\" style=\" width:215px; height:215px; overflow:hidden;\"><img decoding=\"async\" data-gg-real-image-href=\"http:\/\/veloclubfaumont.fr\/wp-content\/uploads\/2018\/07\/IMG_20180718_210222-215x215.jpg\" src=\"\" class=\"ggImg ggLazyImg\" alt=\"IMG_20180718_210222\" title=\"IMG_20180718_210222\" data-description=\"IMG_20180718_210222\" data-caption=\"IMG_20180718_210222\" data-title=\"IMG_20180718_210222\" style=\" width:215px; height:215px;\" \/><\/div><FIGCAPTION class=\"\" data-alpha=\"5\" style=\"color:#ffffff; background-color:#6f0000; font-size:14px; text-align:2; font-family:Default;\" ><div class=\"grid-gallery-figcaption-wrap\" style=\" vertical-align:;\"><\/div><\/FIGCAPTION><\/FIGURE><\/a><a id=\"gg-252-7568\" class=\"gg-link \" data-attachment-id=\"11370\" href=\"https:\/\/veloclubfaumont.fr\/wp-content\/uploads\/2018\/07\/DSC_0081.jpg?gid=252\" target=\"_self\" title=\"DSC_0081\" data-rel=\"prettyPhoto[pp_gal]\" style=\"border-radius:0px;\" ><FIGURE class=\"grid-gallery-caption\" data-grid-gallery-type=\"quarter-slide-up\" data-index=\"15\" style=\"display:none;border-radius:0px;; margin:5.3px; width:215px;\" ><div class=\"crop\" style=\" width:215px; height:215px; overflow:hidden;\"><img decoding=\"async\" data-gg-real-image-href=\"http:\/\/veloclubfaumont.fr\/wp-content\/uploads\/2018\/07\/DSC_0081-215x215.jpg\" src=\"\" class=\"ggImg ggLazyImg\" alt=\"DSC_0081\" title=\"DSC_0081\" data-description=\"DSC_0081\" data-caption=\"DSC_0081\" data-title=\"DSC_0081\" style=\" width:215px; height:215px;\" \/><\/div><FIGCAPTION class=\"\" data-alpha=\"5\" style=\"color:#ffffff; background-color:#6f0000; font-size:14px; text-align:2; font-family:Default;\" ><div class=\"grid-gallery-figcaption-wrap\" style=\" vertical-align:;\"><\/div><\/FIGCAPTION><\/FIGURE><\/a><a id=\"gg-252-7569\" class=\"gg-link \" data-attachment-id=\"11371\" href=\"https:\/\/veloclubfaumont.fr\/wp-content\/uploads\/2018\/07\/DSC_0082.jpg?gid=252\" target=\"_self\" title=\"DSC_0082\" data-rel=\"prettyPhoto[pp_gal]\" style=\"border-radius:0px;\" ><FIGURE class=\"grid-gallery-caption\" data-grid-gallery-type=\"quarter-slide-up\" data-index=\"16\" style=\"display:none;border-radius:0px;; margin:5.3px; width:215px;\" ><div class=\"crop\" style=\" width:215px; height:215px; overflow:hidden;\"><img decoding=\"async\" data-gg-real-image-href=\"http:\/\/veloclubfaumont.fr\/wp-content\/uploads\/2018\/07\/DSC_0082-215x215.jpg\" src=\"\" class=\"ggImg ggLazyImg\" alt=\"DSC_0082\" title=\"DSC_0082\" data-description=\"DSC_0082\" data-caption=\"DSC_0082\" data-title=\"DSC_0082\" style=\" width:215px; height:215px;\" \/><\/div><FIGCAPTION class=\"\" data-alpha=\"5\" style=\"color:#ffffff; background-color:#6f0000; font-size:14px; text-align:2; font-family:Default;\" ><div class=\"grid-gallery-figcaption-wrap\" style=\" vertical-align:;\"><\/div><\/FIGCAPTION><\/FIGURE><\/a><a id=\"gg-252-7570\" class=\"gg-link \" data-attachment-id=\"11372\" href=\"https:\/\/veloclubfaumont.fr\/wp-content\/uploads\/2018\/07\/DSC_0083-1.jpg?gid=252\" target=\"_self\" title=\"DSC_0083\" data-rel=\"prettyPhoto[pp_gal]\" style=\"border-radius:0px;\" ><FIGURE class=\"grid-gallery-caption\" data-grid-gallery-type=\"quarter-slide-up\" data-index=\"17\" style=\"display:none;border-radius:0px;; margin:5.3px; width:215px;\" ><div class=\"crop\" style=\" width:215px; height:215px; overflow:hidden;\"><img decoding=\"async\" data-gg-real-image-href=\"http:\/\/veloclubfaumont.fr\/wp-content\/uploads\/2018\/07\/DSC_0083-1-215x215.jpg\" src=\"\" class=\"ggImg ggLazyImg\" alt=\"DSC_0083\" title=\"DSC_0083\" data-description=\"DSC_0083\" data-caption=\"DSC_0083\" data-title=\"DSC_0083\" style=\" width:215px; height:215px;\" \/><\/div><FIGCAPTION class=\"\" data-alpha=\"5\" style=\"color:#ffffff; background-color:#6f0000; font-size:14px; text-align:2; font-family:Default;\" ><div class=\"grid-gallery-figcaption-wrap\" style=\" vertical-align:;\"><\/div><\/FIGCAPTION><\/FIGURE><\/a><a id=\"gg-252-7571\" class=\"gg-link \" data-attachment-id=\"11373\" href=\"https:\/\/veloclubfaumont.fr\/wp-content\/uploads\/2018\/07\/DSC_0084.jpg?gid=252\" target=\"_self\" title=\"DSC_0084\" data-rel=\"prettyPhoto[pp_gal]\" style=\"border-radius:0px;\" ><FIGURE class=\"grid-gallery-caption\" data-grid-gallery-type=\"quarter-slide-up\" data-index=\"18\" style=\"display:none;border-radius:0px;; margin:5.3px; width:215px;\" ><div class=\"crop\" style=\" width:215px; height:215px; overflow:hidden;\"><img decoding=\"async\" data-gg-real-image-href=\"http:\/\/veloclubfaumont.fr\/wp-content\/uploads\/2018\/07\/DSC_0084-215x215.jpg\" src=\"\" class=\"ggImg ggLazyImg\" alt=\"DSC_0084\" title=\"DSC_0084\" data-description=\"DSC_0084\" data-caption=\"DSC_0084\" data-title=\"DSC_0084\" style=\" width:215px; height:215px;\" \/><\/div><FIGCAPTION class=\"\" data-alpha=\"5\" style=\"color:#ffffff; background-color:#6f0000; font-size:14px; text-align:2; font-family:Default;\" ><div class=\"grid-gallery-figcaption-wrap\" style=\" vertical-align:;\"><\/div><\/FIGCAPTION><\/FIGURE><\/a><a id=\"gg-252-7572\" class=\"gg-link \" data-attachment-id=\"11374\" href=\"https:\/\/veloclubfaumont.fr\/wp-content\/uploads\/2018\/07\/DSC_0085.jpg?gid=252\" target=\"_self\" title=\"DSC_0085\" data-rel=\"prettyPhoto[pp_gal]\" style=\"border-radius:0px;\" ><FIGURE class=\"grid-gallery-caption\" data-grid-gallery-type=\"quarter-slide-up\" data-index=\"19\" style=\"display:none;border-radius:0px;; margin:5.3px; width:215px;\" ><div class=\"crop\" style=\" width:215px; height:215px; overflow:hidden;\"><img decoding=\"async\" data-gg-real-image-href=\"http:\/\/veloclubfaumont.fr\/wp-content\/uploads\/2018\/07\/DSC_0085-215x215.jpg\" src=\"\" class=\"ggImg ggLazyImg\" alt=\"DSC_0085\" title=\"DSC_0085\" data-description=\"DSC_0085\" data-caption=\"DSC_0085\" data-title=\"DSC_0085\" style=\" width:215px; height:215px;\" \/><\/div><FIGCAPTION class=\"\" data-alpha=\"5\" style=\"color:#ffffff; background-color:#6f0000; font-size:14px; text-align:2; font-family:Default;\" ><div class=\"grid-gallery-figcaption-wrap\" style=\" vertical-align:;\"><\/div><\/FIGCAPTION><\/FIGURE><\/a><a id=\"gg-252-7573\" class=\"gg-link \" data-attachment-id=\"11375\" href=\"https:\/\/veloclubfaumont.fr\/wp-content\/uploads\/2018\/07\/DSC_0086-1.jpg?gid=252\" target=\"_self\" title=\"DSC_0086\" data-rel=\"prettyPhoto[pp_gal]\" style=\"border-radius:0px;\" ><FIGURE class=\"grid-gallery-caption\" data-grid-gallery-type=\"quarter-slide-up\" data-index=\"20\" style=\"display:none;border-radius:0px;; margin:5.3px; width:215px;\" ><div class=\"crop\" style=\" width:215px; height:215px; overflow:hidden;\"><img decoding=\"async\" data-gg-real-image-href=\"http:\/\/veloclubfaumont.fr\/wp-content\/uploads\/2018\/07\/DSC_0086-1-215x215.jpg\" src=\"\" class=\"ggImg ggLazyImg\" alt=\"DSC_0086\" title=\"DSC_0086\" data-description=\"DSC_0086\" data-caption=\"DSC_0086\" data-title=\"DSC_0086\" style=\" width:215px; height:215px;\" \/><\/div><FIGCAPTION class=\"\" data-alpha=\"5\" style=\"color:#ffffff; background-color:#6f0000; font-size:14px; text-align:2; font-family:Default;\" ><div class=\"grid-gallery-figcaption-wrap\" style=\" vertical-align:;\"><\/div><\/FIGCAPTION><\/FIGURE><\/a><a id=\"gg-252-7574\" class=\"gg-link \" data-attachment-id=\"11376\" href=\"https:\/\/veloclubfaumont.fr\/wp-content\/uploads\/2018\/07\/DSC_0087.jpg?gid=252\" target=\"_self\" title=\"DSC_0087\" data-rel=\"prettyPhoto[pp_gal]\" style=\"border-radius:0px;\" ><FIGURE class=\"grid-gallery-caption\" data-grid-gallery-type=\"quarter-slide-up\" data-index=\"21\" style=\"display:none;border-radius:0px;; margin:5.3px; width:215px;\" ><div class=\"crop\" style=\" width:215px; height:215px; overflow:hidden;\"><img decoding=\"async\" data-gg-real-image-href=\"http:\/\/veloclubfaumont.fr\/wp-content\/uploads\/2018\/07\/DSC_0087-215x215.jpg\" src=\"\" class=\"ggImg ggLazyImg\" alt=\"DSC_0087\" title=\"DSC_0087\" data-description=\"DSC_0087\" data-caption=\"DSC_0087\" data-title=\"DSC_0087\" style=\" width:215px; height:215px;\" \/><\/div><FIGCAPTION class=\"\" data-alpha=\"5\" style=\"color:#ffffff; background-color:#6f0000; font-size:14px; text-align:2; font-family:Default;\" ><div class=\"grid-gallery-figcaption-wrap\" style=\" vertical-align:;\"><\/div><\/FIGCAPTION><\/FIGURE><\/a><a id=\"gg-252-7575\" class=\"gg-link \" data-attachment-id=\"11377\" href=\"https:\/\/veloclubfaumont.fr\/wp-content\/uploads\/2018\/07\/DSC_0088.jpg?gid=252\" target=\"_self\" title=\"DSC_0088\" data-rel=\"prettyPhoto[pp_gal]\" style=\"border-radius:0px;\" ><FIGURE class=\"grid-gallery-caption\" data-grid-gallery-type=\"quarter-slide-up\" data-index=\"22\" style=\"display:none;border-radius:0px;; margin:5.3px; width:215px;\" ><div class=\"crop\" style=\" width:215px; height:215px; overflow:hidden;\"><img decoding=\"async\" data-gg-real-image-href=\"http:\/\/veloclubfaumont.fr\/wp-content\/uploads\/2018\/07\/DSC_0088-215x215.jpg\" src=\"\" class=\"ggImg ggLazyImg\" alt=\"DSC_0088\" title=\"DSC_0088\" data-description=\"DSC_0088\" data-caption=\"DSC_0088\" data-title=\"DSC_0088\" style=\" width:215px; height:215px;\" \/><\/div><FIGCAPTION class=\"\" data-alpha=\"5\" style=\"color:#ffffff; background-color:#6f0000; font-size:14px; text-align:2; font-family:Default;\" ><div class=\"grid-gallery-figcaption-wrap\" style=\" vertical-align:;\"><\/div><\/FIGCAPTION><\/FIGURE><\/a><a id=\"gg-252-7576\" class=\"gg-link \" data-attachment-id=\"11378\" href=\"https:\/\/veloclubfaumont.fr\/wp-content\/uploads\/2018\/07\/DSC_0089.jpg?gid=252\" target=\"_self\" title=\"DSC_0089\" data-rel=\"prettyPhoto[pp_gal]\" style=\"border-radius:0px;\" ><FIGURE class=\"grid-gallery-caption\" data-grid-gallery-type=\"quarter-slide-up\" data-index=\"23\" style=\"display:none;border-radius:0px;; margin:5.3px; width:215px;\" ><div class=\"crop\" style=\" width:215px; height:215px; overflow:hidden;\"><img decoding=\"async\" data-gg-real-image-href=\"http:\/\/veloclubfaumont.fr\/wp-content\/uploads\/2018\/07\/DSC_0089-215x215.jpg\" src=\"\" class=\"ggImg ggLazyImg\" alt=\"DSC_0089\" title=\"DSC_0089\" data-description=\"DSC_0089\" data-caption=\"DSC_0089\" data-title=\"DSC_0089\" style=\" width:215px; height:215px;\" \/><\/div><FIGCAPTION class=\"\" data-alpha=\"5\" style=\"color:#ffffff; background-color:#6f0000; font-size:14px; text-align:2; font-family:Default;\" ><div class=\"grid-gallery-figcaption-wrap\" style=\" vertical-align:;\"><\/div><\/FIGCAPTION><\/FIGURE><\/a><a id=\"gg-252-7577\" class=\"gg-link \" data-attachment-id=\"11379\" href=\"https:\/\/veloclubfaumont.fr\/wp-content\/uploads\/2018\/07\/DSC_0090.jpg?gid=252\" target=\"_self\" title=\"DSC_0090\" data-rel=\"prettyPhoto[pp_gal]\" style=\"border-radius:0px;\" ><FIGURE class=\"grid-gallery-caption\" data-grid-gallery-type=\"quarter-slide-up\" data-index=\"24\" style=\"display:none;border-radius:0px;; margin:5.3px; width:215px;\" ><div class=\"crop\" style=\" width:215px; height:215px; overflow:hidden;\"><img decoding=\"async\" data-gg-real-image-href=\"http:\/\/veloclubfaumont.fr\/wp-content\/uploads\/2018\/07\/DSC_0090-215x215.jpg\" src=\"\" class=\"ggImg ggLazyImg\" alt=\"DSC_0090\" title=\"DSC_0090\" data-description=\"DSC_0090\" data-caption=\"DSC_0090\" data-title=\"DSC_0090\" style=\" width:215px; height:215px;\" \/><\/div><FIGCAPTION class=\"\" data-alpha=\"5\" style=\"color:#ffffff; background-color:#6f0000; font-size:14px; text-align:2; font-family:Default;\" ><div class=\"grid-gallery-figcaption-wrap\" style=\" vertical-align:;\"><\/div><\/FIGCAPTION><\/FIGURE><\/a><a id=\"gg-252-7578\" class=\"gg-link \" data-attachment-id=\"11380\" href=\"https:\/\/veloclubfaumont.fr\/wp-content\/uploads\/2018\/07\/DSC_0091.jpg?gid=252\" target=\"_self\" title=\"DSC_0091\" data-rel=\"prettyPhoto[pp_gal]\" style=\"border-radius:0px;\" ><FIGURE class=\"grid-gallery-caption\" data-grid-gallery-type=\"quarter-slide-up\" data-index=\"25\" style=\"display:none;border-radius:0px;; margin:5.3px; width:215px;\" ><div class=\"crop\" style=\" width:215px; height:215px; overflow:hidden;\"><img decoding=\"async\" data-gg-real-image-href=\"http:\/\/veloclubfaumont.fr\/wp-content\/uploads\/2018\/07\/DSC_0091-215x215.jpg\" src=\"\" class=\"ggImg ggLazyImg\" alt=\"DSC_0091\" title=\"DSC_0091\" data-description=\"DSC_0091\" data-caption=\"DSC_0091\" data-title=\"DSC_0091\" style=\" width:215px; height:215px;\" \/><\/div><FIGCAPTION class=\"\" data-alpha=\"5\" style=\"color:#ffffff; background-color:#6f0000; font-size:14px; text-align:2; font-family:Default;\" ><div class=\"grid-gallery-figcaption-wrap\" style=\" vertical-align:;\"><\/div><\/FIGCAPTION><\/FIGURE><\/a><a id=\"gg-252-7579\" class=\"gg-link \" data-attachment-id=\"11381\" href=\"https:\/\/veloclubfaumont.fr\/wp-content\/uploads\/2018\/07\/DSC_0092-1.jpg?gid=252\" target=\"_self\" title=\"DSC_0092\" data-rel=\"prettyPhoto[pp_gal]\" style=\"border-radius:0px;\" ><FIGURE class=\"grid-gallery-caption\" data-grid-gallery-type=\"quarter-slide-up\" data-index=\"26\" style=\"display:none;border-radius:0px;; margin:5.3px; width:215px;\" ><div class=\"crop\" style=\" width:215px; height:215px; overflow:hidden;\"><img decoding=\"async\" data-gg-real-image-href=\"http:\/\/veloclubfaumont.fr\/wp-content\/uploads\/2018\/07\/DSC_0092-1-215x215.jpg\" src=\"\" class=\"ggImg ggLazyImg\" alt=\"DSC_0092\" title=\"DSC_0092\" data-description=\"DSC_0092\" data-caption=\"DSC_0092\" data-title=\"DSC_0092\" style=\" width:215px; height:215px;\" \/><\/div><FIGCAPTION class=\"\" data-alpha=\"5\" style=\"color:#ffffff; background-color:#6f0000; font-size:14px; text-align:2; font-family:Default;\" ><div class=\"grid-gallery-figcaption-wrap\" style=\" vertical-align:;\"><\/div><\/FIGCAPTION><\/FIGURE><\/a><a id=\"gg-252-7580\" class=\"gg-link \" data-attachment-id=\"11382\" href=\"https:\/\/veloclubfaumont.fr\/wp-content\/uploads\/2018\/07\/DSC_0093-1.jpg?gid=252\" target=\"_self\" title=\"DSC_0093\" data-rel=\"prettyPhoto[pp_gal]\" style=\"border-radius:0px;\" ><FIGURE class=\"grid-gallery-caption\" data-grid-gallery-type=\"quarter-slide-up\" data-index=\"27\" style=\"display:none;border-radius:0px;; margin:5.3px; width:215px;\" ><div class=\"crop\" style=\" width:215px; height:215px; overflow:hidden;\"><img decoding=\"async\" data-gg-real-image-href=\"http:\/\/veloclubfaumont.fr\/wp-content\/uploads\/2018\/07\/DSC_0093-1-215x215.jpg\" src=\"\" class=\"ggImg ggLazyImg\" alt=\"DSC_0093\" title=\"DSC_0093\" data-description=\"DSC_0093\" data-caption=\"DSC_0093\" data-title=\"DSC_0093\" style=\" width:215px; height:215px;\" \/><\/div><FIGCAPTION class=\"\" data-alpha=\"5\" style=\"color:#ffffff; background-color:#6f0000; font-size:14px; text-align:2; font-family:Default;\" ><div class=\"grid-gallery-figcaption-wrap\" style=\" vertical-align:;\"><\/div><\/FIGCAPTION><\/FIGURE><\/a><a id=\"gg-252-7581\" class=\"gg-link \" data-attachment-id=\"11383\" href=\"https:\/\/veloclubfaumont.fr\/wp-content\/uploads\/2018\/07\/DSC_0094.jpg?gid=252\" target=\"_self\" title=\"DSC_0094\" data-rel=\"prettyPhoto[pp_gal]\" style=\"border-radius:0px;\" ><FIGURE class=\"grid-gallery-caption\" data-grid-gallery-type=\"quarter-slide-up\" data-index=\"28\" style=\"display:none;border-radius:0px;; margin:5.3px; width:215px;\" ><div class=\"crop\" style=\" width:215px; height:215px; overflow:hidden;\"><img decoding=\"async\" data-gg-real-image-href=\"http:\/\/veloclubfaumont.fr\/wp-content\/uploads\/2018\/07\/DSC_0094-215x215.jpg\" src=\"\" class=\"ggImg ggLazyImg\" alt=\"DSC_0094\" title=\"DSC_0094\" data-description=\"DSC_0094\" data-caption=\"DSC_0094\" data-title=\"DSC_0094\" style=\" width:215px; height:215px;\" \/><\/div><FIGCAPTION class=\"\" data-alpha=\"5\" style=\"color:#ffffff; background-color:#6f0000; font-size:14px; text-align:2; font-family:Default;\" ><div class=\"grid-gallery-figcaption-wrap\" style=\" vertical-align:;\"><\/div><\/FIGCAPTION><\/FIGURE><\/a><a id=\"gg-252-7583\" class=\"gg-link \" data-attachment-id=\"11385\" href=\"https:\/\/veloclubfaumont.fr\/wp-content\/uploads\/2018\/07\/DSC_0097-1.jpg?gid=252\" target=\"_self\" title=\"DSC_0097\" data-rel=\"prettyPhoto[pp_gal]\" style=\"border-radius:0px;\" ><FIGURE class=\"grid-gallery-caption\" data-grid-gallery-type=\"quarter-slide-up\" data-index=\"29\" style=\"display:none;border-radius:0px;; margin:5.3px; width:215px;\" ><div class=\"crop\" style=\" width:215px; height:215px; overflow:hidden;\"><img decoding=\"async\" data-gg-real-image-href=\"http:\/\/veloclubfaumont.fr\/wp-content\/uploads\/2018\/07\/DSC_0097-1-215x215.jpg\" src=\"\" class=\"ggImg ggLazyImg\" alt=\"DSC_0097\" title=\"DSC_0097\" data-description=\"DSC_0097\" data-caption=\"DSC_0097\" data-title=\"DSC_0097\" style=\" width:215px; height:215px;\" \/><\/div><FIGCAPTION class=\"\" data-alpha=\"5\" style=\"color:#ffffff; background-color:#6f0000; font-size:14px; text-align:2; font-family:Default;\" ><div class=\"grid-gallery-figcaption-wrap\" style=\" vertical-align:;\"><\/div><\/FIGCAPTION><\/FIGURE><\/a><a id=\"gg-252-7584\" class=\"gg-link \" data-attachment-id=\"11386\" href=\"https:\/\/veloclubfaumont.fr\/wp-content\/uploads\/2018\/07\/DSC_0099.jpg?gid=252\" target=\"_self\" title=\"DSC_0099\" data-rel=\"prettyPhoto[pp_gal]\" style=\"border-radius:0px;\" ><FIGURE class=\"grid-gallery-caption\" data-grid-gallery-type=\"quarter-slide-up\" data-index=\"30\" style=\"display:none;border-radius:0px;; margin:5.3px; width:215px;\" ><div class=\"crop\" style=\" width:215px; height:215px; overflow:hidden;\"><img decoding=\"async\" data-gg-real-image-href=\"http:\/\/veloclubfaumont.fr\/wp-content\/uploads\/2018\/07\/DSC_0099-215x215.jpg\" src=\"\" class=\"ggImg ggLazyImg\" alt=\"DSC_0099\" title=\"DSC_0099\" data-description=\"DSC_0099\" data-caption=\"DSC_0099\" data-title=\"DSC_0099\" style=\" width:215px; height:215px;\" \/><\/div><FIGCAPTION class=\"\" data-alpha=\"5\" style=\"color:#ffffff; background-color:#6f0000; font-size:14px; text-align:2; font-family:Default;\" ><div class=\"grid-gallery-figcaption-wrap\" style=\" vertical-align:;\"><\/div><\/FIGCAPTION><\/FIGURE><\/a> <div class=\"grid-gallery-clearfix\"><\/div> <\/div> <div class=\"gallery-sharing-bottom\"><\/div> <div class=\"grid-gallery-clearfix\"><\/div> <\/div> <!-- Gallery by Supsystic plugin1.15.12 --><\/p>\n<p style=\"text-align: center;\"><em><span style=\"font-size: 18pt;\">Les Vosges 1 &#8211; <a href=\"https:\/\/veloclubfaumont.fr\/index.php\/2018\/08\/02\/vtt-dans-les-vosges-partie-2-3\/\">Les Vosges 2<\/a> &#8211; <\/span><a href=\"https:\/\/veloclubfaumont.fr\/index.php\/2018\/08\/03\/vtt-dans-les-vosges-partie-3-sur-3\/\"><span style=\"font-size: 18pt;\">Les Vosges 3<\/span><\/a><\/em><\/p>\n<p><strong>&nbsp;<\/strong><\/p>\n","protected":false},"excerpt":{"rendered":"<p>Cet \u00e9t\u00e9, Jean-Louis a d\u00e9cid\u00e9 de passer 15 jours dans les Vosges. Il en a profit\u00e9 pour prendre sa tente et son VTT pour tester les divers circuits propos\u00e9s \u00e7a&#8230;<\/p>\n","protected":false},"author":1,"featured_media":11351,"comment_status":"open","ping_status":"open","sticky":false,"template":"","format":"standard","meta":{"ngg_post_thumbnail":0,"jetpack_post_was_ever_published":false,"_jetpack_newsletter_access":"","two_page_speed":[],"footnotes":"","jetpack_publicize_message":"","jetpack_is_tweetstorm":false,"jetpack_publicize_feature_enabled":true,"jetpack_social_post_already_shared":true,"jetpack_social_options":{"image_generator_settings":{"template":"highway","enabled":false}}},"categories":[32,27],"tags":[],"class_list":["post-11328","post","type-post","status-publish","format-standard","has-post-thumbnail","hentry","category-bases-et-circuits-vtt-en-france","category-divers"],"jetpack_publicize_connections":[],"jetpack_featured_media_url":"https:\/\/veloclubfaumont.fr\/wp-content\/uploads\/2018\/07\/DSC_0093.jpg","jetpack_sharing_enabled":true,"jetpack_shortlink":"https:\/\/wp.me\/p8bXJp-2WI","_links":{"self":[{"href":"https:\/\/veloclubfaumont.fr\/index.php\/wp-json\/wp\/v2\/posts\/11328","targetHints":{"allow":["GET"]}}],"collection":[{"href":"https:\/\/veloclubfaumont.fr\/index.php\/wp-json\/wp\/v2\/posts"}],"about":[{"href":"https:\/\/veloclubfaumont.fr\/index.php\/wp-json\/wp\/v2\/types\/post"}],"author":[{"embeddable":true,"href":"https:\/\/veloclubfaumont.fr\/index.php\/wp-json\/wp\/v2\/users\/1"}],"replies":[{"embeddable":true,"href":"https:\/\/veloclubfaumont.fr\/index.php\/wp-json\/wp\/v2\/comments?post=11328"}],"version-history":[{"count":0,"href":"https:\/\/veloclubfaumont.fr\/index.php\/wp-json\/wp\/v2\/posts\/11328\/revisions"}],"wp:featuredmedia":[{"embeddable":true,"href":"https:\/\/veloclubfaumont.fr\/index.php\/wp-json\/wp\/v2\/media\/11351"}],"wp:attachment":[{"href":"https:\/\/veloclubfaumont.fr\/index.php\/wp-json\/wp\/v2\/media?parent=11328"}],"wp:term":[{"taxonomy":"category","embeddable":true,"href":"https:\/\/veloclubfaumont.fr\/index.php\/wp-json\/wp\/v2\/categories?post=11328"},{"taxonomy":"post_tag","embeddable":true,"href":"https:\/\/veloclubfaumont.fr\/index.php\/wp-json\/wp\/v2\/tags?post=11328"}],"curies":[{"name":"wp","href":"https:\/\/api.w.org\/{rel}","templated":true}]}}