{"id":13727,"date":"2019-02-03T17:03:28","date_gmt":"2019-02-03T16:03:28","guid":{"rendered":"http:\/\/veloclubfaumont.fr\/?p=13727"},"modified":"2019-02-04T21:17:23","modified_gmt":"2019-02-04T20:17:23","slug":"reprise-officielle-2019-rando-bersee","status":"publish","type":"post","link":"https:\/\/veloclubfaumont.fr\/index.php\/2019\/02\/03\/reprise-officielle-2019-rando-bersee\/","title":{"rendered":"Reprise officielle 2019 + Rando Bers\u00e9e"},"content":{"rendered":"<p style=\"text-align: justify;\"><span class=\" _2iem\" role=\"heading\" aria-level=\"4\">Ce matin, apr\u00e8s l&rsquo;AG de la veille et notre Chicon Bike Tour boucl\u00e9, il \u00e9tait temps que le VC Faumont fasse enfin sa reprise officielle. Comme traditionnellement, le groupe se r\u00e9unit \u00e0 son local pour faire les photos officielles individuelles puis group\u00e9es. <\/span><\/p>\n<p style=\"text-align: center;\"><a href=\"https:\/\/veloclubfaumont.fr\/aavcf1-2019\/\"><img loading=\"lazy\" decoding=\"async\" class=\"aligncenter size-full wp-image-13687\" src=\"https:\/\/veloclubfaumont.fr\/wp-content\/uploads\/2019\/02\/aavcf1-2019.jpg\" alt=\"\" width=\"1200\" height=\"2000\" srcset=\"https:\/\/veloclubfaumont.fr\/wp-content\/uploads\/2019\/02\/aavcf1-2019.jpg 1200w, https:\/\/veloclubfaumont.fr\/wp-content\/uploads\/2019\/02\/aavcf1-2019-180x300.jpg 180w, https:\/\/veloclubfaumont.fr\/wp-content\/uploads\/2019\/02\/aavcf1-2019-768x1280.jpg 768w, https:\/\/veloclubfaumont.fr\/wp-content\/uploads\/2019\/02\/aavcf1-2019-614x1024.jpg 614w\" sizes=\"auto, (max-width: 1200px) 100vw, 1200px\" \/><\/a><a href=\"https:\/\/veloclubfaumont.fr\/aavcf2-2019\/\"><img loading=\"lazy\" decoding=\"async\" class=\"aligncenter size-full wp-image-13688\" src=\"https:\/\/veloclubfaumont.fr\/wp-content\/uploads\/2019\/02\/aavcf2-2019.jpg\" alt=\"\" width=\"1200\" height=\"1502\" srcset=\"https:\/\/veloclubfaumont.fr\/wp-content\/uploads\/2019\/02\/aavcf2-2019.jpg 1200w, https:\/\/veloclubfaumont.fr\/wp-content\/uploads\/2019\/02\/aavcf2-2019-240x300.jpg 240w, https:\/\/veloclubfaumont.fr\/wp-content\/uploads\/2019\/02\/aavcf2-2019-768x961.jpg 768w, https:\/\/veloclubfaumont.fr\/wp-content\/uploads\/2019\/02\/aavcf2-2019-818x1024.jpg 818w\" sizes=\"auto, (max-width: 1200px) 100vw, 1200px\" \/><\/a><\/p>\n<p style=\"text-align: justify;\"><span class=\" _2iem\" role=\"heading\" aria-level=\"4\">H\u00e9las cette ann\u00e9e, la pluie \u00e9tait encore bien pr\u00e9sente en ce d\u00e9but de matin\u00e9e o\u00f9 le club s&rsquo;\u00e9tait donn\u00e9e rendez-vous, c&rsquo;est donc sous les gouttes que le photographe a du se battre pour essayer de tirer les meilleurs clich\u00e9s possibles&#8230; A la fin de la s\u00e9ance, nous avons eu m\u00eame droit \u00e0 un bel arc-en-ciel du plus bel effet dans le ciel faumontois. <\/span><\/p>\n<p style=\"text-align: center;\"><a href=\"https:\/\/veloclubfaumont.fr\/dsc_02420\/\"><img loading=\"lazy\" decoding=\"async\" class=\"aligncenter size-full wp-image-13725\" src=\"https:\/\/veloclubfaumont.fr\/wp-content\/uploads\/2019\/02\/DSC_02420.jpg\" alt=\"\" width=\"1349\" height=\"695\" srcset=\"https:\/\/veloclubfaumont.fr\/wp-content\/uploads\/2019\/02\/DSC_02420.jpg 1349w, https:\/\/veloclubfaumont.fr\/wp-content\/uploads\/2019\/02\/DSC_02420-300x155.jpg 300w, https:\/\/veloclubfaumont.fr\/wp-content\/uploads\/2019\/02\/DSC_02420-768x396.jpg 768w, https:\/\/veloclubfaumont.fr\/wp-content\/uploads\/2019\/02\/DSC_02420-1024x528.jpg 1024w\" sizes=\"auto, (max-width: 1349px) 100vw, 1349px\" \/><\/a><\/p>\n<p><a href=\"https:\/\/veloclubfaumont.fr\/planche-contact-1\/\"><img loading=\"lazy\" decoding=\"async\" class=\"aligncenter size-full wp-image-13738\" src=\"https:\/\/veloclubfaumont.fr\/wp-content\/uploads\/2019\/02\/Planche-Contact-1.jpg\" alt=\"\" width=\"1200\" height=\"1800\" srcset=\"https:\/\/veloclubfaumont.fr\/wp-content\/uploads\/2019\/02\/Planche-Contact-1.jpg 1200w, https:\/\/veloclubfaumont.fr\/wp-content\/uploads\/2019\/02\/Planche-Contact-1-200x300.jpg 200w, https:\/\/veloclubfaumont.fr\/wp-content\/uploads\/2019\/02\/Planche-Contact-1-768x1152.jpg 768w, https:\/\/veloclubfaumont.fr\/wp-content\/uploads\/2019\/02\/Planche-Contact-1-683x1024.jpg 683w\" sizes=\"auto, (max-width: 1200px) 100vw, 1200px\" \/><\/a><span class=\" _2iem\" role=\"heading\" aria-level=\"4\"><a href=\"https:\/\/veloclubfaumont.fr\/planche-contact-2\/\"><img loading=\"lazy\" decoding=\"async\" class=\"aligncenter size-full wp-image-13739\" src=\"https:\/\/veloclubfaumont.fr\/wp-content\/uploads\/2019\/02\/Planche-Contact-2.jpg\" alt=\"\" width=\"1200\" height=\"1378\" srcset=\"https:\/\/veloclubfaumont.fr\/wp-content\/uploads\/2019\/02\/Planche-Contact-2.jpg 1200w, https:\/\/veloclubfaumont.fr\/wp-content\/uploads\/2019\/02\/Planche-Contact-2-261x300.jpg 261w, https:\/\/veloclubfaumont.fr\/wp-content\/uploads\/2019\/02\/Planche-Contact-2-768x882.jpg 768w, https:\/\/veloclubfaumont.fr\/wp-content\/uploads\/2019\/02\/Planche-Contact-2-892x1024.jpg 892w\" sizes=\"auto, (max-width: 1200px) 100vw, 1200px\" \/><\/a><\/span><\/p>\n<p style=\"text-align: justify;\"><span class=\" _2iem\" role=\"heading\" aria-level=\"4\">Ensuite, toute la troupe a rejoint le village voisin de Bers\u00e9e o\u00f9 se d\u00e9roulait la Ronde Verte du P\u00e9v\u00e8le. Comme \u00e0 chaque \u00e9dition, la boue s&rsquo;est une nouvelle fois invit\u00e9e pour des v\u00e9t\u00e9tistes quand m\u00eame bien heureux de retrouver les chemins. <\/span><\/p>\n<p style=\"text-align: center;\"><a href=\"https:\/\/veloclubfaumont.fr\/2019_0203_103328_004-mp4_snapshot_04-39_2019-02-03_16-15-58\/\"><img loading=\"lazy\" decoding=\"async\" class=\"aligncenter size-full wp-image-13722\" src=\"https:\/\/veloclubfaumont.fr\/wp-content\/uploads\/2019\/02\/2019_0203_103328_004.MP4_snapshot_04.39_2019.02.03_16.15.58.jpg\" alt=\"\" width=\"1920\" height=\"1080\" srcset=\"https:\/\/veloclubfaumont.fr\/wp-content\/uploads\/2019\/02\/2019_0203_103328_004.MP4_snapshot_04.39_2019.02.03_16.15.58.jpg 1920w, https:\/\/veloclubfaumont.fr\/wp-content\/uploads\/2019\/02\/2019_0203_103328_004.MP4_snapshot_04.39_2019.02.03_16.15.58-300x169.jpg 300w, https:\/\/veloclubfaumont.fr\/wp-content\/uploads\/2019\/02\/2019_0203_103328_004.MP4_snapshot_04.39_2019.02.03_16.15.58-768x432.jpg 768w, https:\/\/veloclubfaumont.fr\/wp-content\/uploads\/2019\/02\/2019_0203_103328_004.MP4_snapshot_04.39_2019.02.03_16.15.58-1024x576.jpg 1024w, https:\/\/veloclubfaumont.fr\/wp-content\/uploads\/2019\/02\/2019_0203_103328_004.MP4_snapshot_04.39_2019.02.03_16.15.58-777x437.jpg 777w, https:\/\/veloclubfaumont.fr\/wp-content\/uploads\/2019\/02\/2019_0203_103328_004.MP4_snapshot_04.39_2019.02.03_16.15.58-260x146.jpg 260w, https:\/\/veloclubfaumont.fr\/wp-content\/uploads\/2019\/02\/2019_0203_103328_004.MP4_snapshot_04.39_2019.02.03_16.15.58-120x67.jpg 120w\" sizes=\"auto, (max-width: 1920px) 100vw, 1920px\" \/><\/a><\/p>\n<p style=\"text-align: justify;\"><span class=\" _2iem\" role=\"heading\" aria-level=\"4\">Quant aux cyclos, ils ont pu \u00e9viter les gouttes et ont pu revenir tranquillement \u00e0 la maison. <\/span><\/p>\n<p style=\"text-align: center;\"><a href=\"https:\/\/veloclubfaumont.fr\/0mg_20190203_091821\/\"><img loading=\"lazy\" decoding=\"async\" class=\"aligncenter size-full wp-image-13714\" src=\"https:\/\/veloclubfaumont.fr\/wp-content\/uploads\/2019\/02\/0MG_20190203_091821.jpg\" alt=\"\" width=\"1248\" height=\"936\" srcset=\"https:\/\/veloclubfaumont.fr\/wp-content\/uploads\/2019\/02\/0MG_20190203_091821.jpg 1248w, https:\/\/veloclubfaumont.fr\/wp-content\/uploads\/2019\/02\/0MG_20190203_091821-300x225.jpg 300w, https:\/\/veloclubfaumont.fr\/wp-content\/uploads\/2019\/02\/0MG_20190203_091821-768x576.jpg 768w, https:\/\/veloclubfaumont.fr\/wp-content\/uploads\/2019\/02\/0MG_20190203_091821-1024x768.jpg 1024w\" sizes=\"auto, (max-width: 1248px) 100vw, 1248px\" \/><\/a><\/p>\n<p style=\"text-align: justify;\"><span class=\" _2iem\" role=\"heading\" aria-level=\"4\">A dimanche prochain \u00e0 Leforest !<\/span><\/p>\n<p style=\"text-align: center;\"><div id=\"grid-gallery-291-41211\" data-gg-id=\"291\" data-title=\"reprise 2019 +bers\u00e9e\" data-grid-type=\"0\" data-offset=\"5.3\" data-area-position=\"center\" data-icons=\"false\" data-preloader=\"true\" data-width=\"215\" data-height=\"215\" data-padding=\"0\" data-quicksand=\"disabled\" data-quicksand-duration=\"1800\" data-popup-theme=\"theme_6\" data-popup-type=\"pretty-photo\" data-popup-image-text=\"data-description\" data-popup-widthsize=\"auto\" data-popup-heightsize=\"auto\" data-popup-i18n-words=\"{&quot;close&quot;:&quot;fermer&quot;,&quot;next&quot;:&quot;suivant&quot;,&quot;previous&quot;:&quot;pr\\u00e9c\\u00e9dent&quot;,&quot;start_slideshow&quot;:&quot;d\\u00e9marrer le diaporama&quot;,&quot;stop_slideshow&quot;:&quot;arr\\u00e9ter le diaporama&quot;,&quot;image&quot;:&quot;image&quot;,&quot;of&quot;:&quot;de&quot;,&quot;prev&quot;:&quot;pr\\u00e9c.&quot;,&quot;cExpand&quot;:&quot;Agrandir&quot;,&quot;cPrevious&quot;:&quot;Pr\\u00e9c\\u00e9dent&quot;,&quot;cNext&quot;:&quot;Suivant&quot;,&quot;cExpandStr&quot;:&quot;Agrandir l&#039;image&quot;,&quot;cRotate&quot;:&quot;Pivoter&quot;,&quot;cDetails&quot;:&quot;Details&quot;}\" data-popup-slideshow=\"false\" data-popup-slideshow-speed=\"2500\" data-popup-hoverstop=\"true\" data-popup-slideshow-auto=\"false\" data-popup-background=\"\" data-popup-transparency=\"30\" data-popup-disable-history=\"\" data-popup-disable-changed-url=\"\" data-popup-border-type=\"\" data-popup-border-color=\"\" data-popup-border-width=\"\" data-popup-border-enable=\"\" data-fullscreen=\"false\" data-hide-tooltip=\"false\" data-caption-font-family=\"Default\" data-caption-text-size=\"14px\" data-is-mobile=\"0\" data-caption-mobile=\"false\" data-hide-long-tltp-title=\"0\" data-caption-disabled-on-mobile=\"false\" data-lazyload-enable='1' data-lazyload-effect=\"show\" data-lazyload-effect-duration=\"400\" data-popup-placement-type=\"0\" data-social-sharing=\"{&quot;enabled&quot;:&quot;&quot;,&quot;gallerySharing&quot;:{&quot;enabled&quot;:null,&quot;position&quot;:null},&quot;imageSharing&quot;:{&quot;enabled&quot;:null,&quot;wrapperClass&quot;:&quot; vertical &quot;},&quot;popupSharing&quot;:{&quot;enabled&quot;:null,&quot;wrapperClass&quot;:&quot; vertical &quot;}}\" class=\"grid-gallery grid-gallery-fixed \" style=\" width:100%; height:auto; margin-left:auto; margin-right:auto;position:relative;\"> <div class=\"gallery-loading\"> <div class=\"blocks\"> <div class=\"block\"><\/div> <div class=\"block\"><\/div> <div class=\"block\"><\/div> <div class=\"block\"><\/div> <\/div> <\/div> <div class=\"gallery-sharing-top\"><\/div> <div id=\"photos-291\" class=\"grid-gallery-photos\"><a id=\"gg-291-8833\" class=\"gg-link \" data-attachment-id=\"13687\" href=\"https:\/\/veloclubfaumont.fr\/wp-content\/uploads\/2019\/02\/aavcf1-2019.jpg?gid=291\" target=\"_self\" title=\"aavcf1-2019\" data-rel=\"prettyPhoto[pp_gal]\" style=\"border-radius:0px;\" ><FIGURE class=\"grid-gallery-caption\" data-grid-gallery-type=\"quarter-slide-up\" data-index=\"0\" style=\"display:none;border-radius:0px;; margin:5.3px; width:215px;\" ><div class=\"crop\" style=\" width:215px; height:215px; overflow:hidden;\"><img decoding=\"async\" data-gg-real-image-href=\"http:\/\/veloclubfaumont.fr\/wp-content\/uploads\/2019\/02\/aavcf1-2019-215x215.jpg\" src=\"\" class=\"ggImg ggLazyImg\" alt=\"aavcf1-2019\" title=\"aavcf1-2019\" data-description=\"aavcf1-2019\" data-caption=\"aavcf1-2019\" data-title=\"aavcf1-2019\" style=\" width:215px; height:215px;\" \/><\/div><FIGCAPTION class=\"\" data-alpha=\"5\" style=\"color:#ffffff; background-color:#6f0000; font-size:14px; text-align:2; font-family:Default;\" ><div class=\"grid-gallery-figcaption-wrap\" style=\" vertical-align:;\"><\/div><\/FIGCAPTION><\/FIGURE><\/a><a id=\"gg-291-8834\" class=\"gg-link \" data-attachment-id=\"13688\" href=\"https:\/\/veloclubfaumont.fr\/wp-content\/uploads\/2019\/02\/aavcf2-2019.jpg?gid=291\" target=\"_self\" title=\"aavcf2-2019\" data-rel=\"prettyPhoto[pp_gal]\" style=\"border-radius:0px;\" ><FIGURE class=\"grid-gallery-caption\" data-grid-gallery-type=\"quarter-slide-up\" data-index=\"1\" style=\"display:none;border-radius:0px;; margin:5.3px; width:215px;\" ><div class=\"crop\" style=\" width:215px; height:215px; overflow:hidden;\"><img decoding=\"async\" data-gg-real-image-href=\"http:\/\/veloclubfaumont.fr\/wp-content\/uploads\/2019\/02\/aavcf2-2019-215x215.jpg\" src=\"\" class=\"ggImg ggLazyImg\" alt=\"aavcf2-2019\" title=\"aavcf2-2019\" data-description=\"aavcf2-2019\" data-caption=\"aavcf2-2019\" data-title=\"aavcf2-2019\" style=\" width:215px; height:215px;\" \/><\/div><FIGCAPTION class=\"\" data-alpha=\"5\" style=\"color:#ffffff; background-color:#6f0000; font-size:14px; text-align:2; font-family:Default;\" ><div class=\"grid-gallery-figcaption-wrap\" style=\" vertical-align:;\"><\/div><\/FIGCAPTION><\/FIGURE><\/a><a id=\"gg-291-8835\" class=\"gg-link \" data-attachment-id=\"13689\" href=\"https:\/\/veloclubfaumont.fr\/wp-content\/uploads\/2019\/02\/Arnaud-Fournier.jpg?gid=291\" target=\"_self\" title=\"Arnaud Fournier\" data-rel=\"prettyPhoto[pp_gal]\" style=\"border-radius:0px;\" ><FIGURE class=\"grid-gallery-caption\" data-grid-gallery-type=\"quarter-slide-up\" data-index=\"2\" style=\"display:none;border-radius:0px;; margin:5.3px; width:215px;\" ><div class=\"crop\" style=\" width:215px; height:215px; overflow:hidden;\"><img decoding=\"async\" data-gg-real-image-href=\"http:\/\/veloclubfaumont.fr\/wp-content\/uploads\/2019\/02\/Arnaud-Fournier-215x215.jpg\" src=\"\" class=\"ggImg ggLazyImg\" alt=\"Arnaud Fournier\" title=\"Arnaud Fournier\" data-description=\"Arnaud Fournier\" data-caption=\"Arnaud Fournier\" data-title=\"Arnaud Fournier\" style=\" width:215px; height:215px;\" \/><\/div><FIGCAPTION class=\"\" data-alpha=\"5\" style=\"color:#ffffff; background-color:#6f0000; font-size:14px; text-align:2; font-family:Default;\" ><div class=\"grid-gallery-figcaption-wrap\" style=\" vertical-align:;\"><\/div><\/FIGCAPTION><\/FIGURE><\/a><a id=\"gg-291-8836\" class=\"gg-link \" data-attachment-id=\"13690\" href=\"https:\/\/veloclubfaumont.fr\/wp-content\/uploads\/2019\/02\/Christophe-Choquet.jpg?gid=291\" target=\"_self\" title=\"Christophe Choquet\" data-rel=\"prettyPhoto[pp_gal]\" style=\"border-radius:0px;\" ><FIGURE class=\"grid-gallery-caption\" data-grid-gallery-type=\"quarter-slide-up\" data-index=\"3\" style=\"display:none;border-radius:0px;; margin:5.3px; width:215px;\" ><div class=\"crop\" style=\" width:215px; height:215px; overflow:hidden;\"><img decoding=\"async\" data-gg-real-image-href=\"http:\/\/veloclubfaumont.fr\/wp-content\/uploads\/2019\/02\/Christophe-Choquet-215x215.jpg\" src=\"\" class=\"ggImg ggLazyImg\" alt=\"Christophe Choquet\" title=\"Christophe Choquet\" data-description=\"Christophe Choquet\" data-caption=\"Christophe Choquet\" data-title=\"Christophe Choquet\" style=\" width:215px; height:215px;\" \/><\/div><FIGCAPTION class=\"\" data-alpha=\"5\" style=\"color:#ffffff; background-color:#6f0000; font-size:14px; text-align:2; font-family:Default;\" ><div class=\"grid-gallery-figcaption-wrap\" style=\" vertical-align:;\"><\/div><\/FIGCAPTION><\/FIGURE><\/a><a id=\"gg-291-8837\" class=\"gg-link \" data-attachment-id=\"13691\" href=\"https:\/\/veloclubfaumont.fr\/wp-content\/uploads\/2019\/02\/David-Demagny.jpg?gid=291\" target=\"_self\" title=\"David Demagny\" data-rel=\"prettyPhoto[pp_gal]\" style=\"border-radius:0px;\" ><FIGURE class=\"grid-gallery-caption\" data-grid-gallery-type=\"quarter-slide-up\" data-index=\"4\" style=\"display:none;border-radius:0px;; margin:5.3px; width:215px;\" ><div class=\"crop\" style=\" width:215px; height:215px; overflow:hidden;\"><img decoding=\"async\" data-gg-real-image-href=\"http:\/\/veloclubfaumont.fr\/wp-content\/uploads\/2019\/02\/David-Demagny-215x215.jpg\" src=\"\" class=\"ggImg ggLazyImg\" alt=\"David Demagny\" title=\"David Demagny\" data-description=\"David Demagny\" data-caption=\"David Demagny\" data-title=\"David Demagny\" style=\" width:215px; height:215px;\" \/><\/div><FIGCAPTION class=\"\" data-alpha=\"5\" style=\"color:#ffffff; background-color:#6f0000; font-size:14px; text-align:2; font-family:Default;\" ><div class=\"grid-gallery-figcaption-wrap\" style=\" vertical-align:;\"><\/div><\/FIGCAPTION><\/FIGURE><\/a><a id=\"gg-291-8838\" class=\"gg-link \" data-attachment-id=\"13692\" href=\"https:\/\/veloclubfaumont.fr\/wp-content\/uploads\/2019\/02\/Denis-Raton.jpg?gid=291\" target=\"_self\" title=\"Denis Raton\" data-rel=\"prettyPhoto[pp_gal]\" style=\"border-radius:0px;\" ><FIGURE class=\"grid-gallery-caption\" data-grid-gallery-type=\"quarter-slide-up\" data-index=\"5\" style=\"display:none;border-radius:0px;; margin:5.3px; width:215px;\" ><div class=\"crop\" style=\" width:215px; height:215px; overflow:hidden;\"><img decoding=\"async\" data-gg-real-image-href=\"http:\/\/veloclubfaumont.fr\/wp-content\/uploads\/2019\/02\/Denis-Raton-215x215.jpg\" src=\"\" class=\"ggImg ggLazyImg\" alt=\"Denis Raton\" title=\"Denis Raton\" data-description=\"Denis Raton\" data-caption=\"Denis Raton\" data-title=\"Denis Raton\" style=\" width:215px; height:215px;\" \/><\/div><FIGCAPTION class=\"\" data-alpha=\"5\" style=\"color:#ffffff; background-color:#6f0000; font-size:14px; text-align:2; font-family:Default;\" ><div class=\"grid-gallery-figcaption-wrap\" style=\" vertical-align:;\"><\/div><\/FIGCAPTION><\/FIGURE><\/a><a id=\"gg-291-8839\" class=\"gg-link \" data-attachment-id=\"13693\" href=\"https:\/\/veloclubfaumont.fr\/wp-content\/uploads\/2019\/02\/Fr\u00e9d\u00e9ric-Bondue.jpg?gid=291\" target=\"_self\" title=\"Fr\u00e9d\u00e9ric Bondue\" data-rel=\"prettyPhoto[pp_gal]\" style=\"border-radius:0px;\" ><FIGURE class=\"grid-gallery-caption\" data-grid-gallery-type=\"quarter-slide-up\" data-index=\"6\" style=\"display:none;border-radius:0px;; margin:5.3px; width:215px;\" ><div class=\"crop\" style=\" width:215px; height:215px; overflow:hidden;\"><img decoding=\"async\" data-gg-real-image-href=\"http:\/\/veloclubfaumont.fr\/wp-content\/uploads\/2019\/02\/Fr\u00e9d\u00e9ric-Bondue-215x215.jpg\" src=\"\" class=\"ggImg ggLazyImg\" alt=\"Fr\u00e9d\u00e9ric Bondue\" title=\"Fr\u00e9d\u00e9ric Bondue\" data-description=\"Fr\u00e9d\u00e9ric Bondue\" data-caption=\"Fr\u00e9d\u00e9ric Bondue\" data-title=\"Fr\u00e9d\u00e9ric Bondue\" style=\" width:215px; height:215px;\" \/><\/div><FIGCAPTION class=\"\" data-alpha=\"5\" style=\"color:#ffffff; background-color:#6f0000; font-size:14px; text-align:2; font-family:Default;\" ><div class=\"grid-gallery-figcaption-wrap\" style=\" vertical-align:;\"><\/div><\/FIGCAPTION><\/FIGURE><\/a><a id=\"gg-291-8840\" class=\"gg-link \" data-attachment-id=\"13694\" href=\"https:\/\/veloclubfaumont.fr\/wp-content\/uploads\/2019\/02\/Gilles-Barbieux.jpg?gid=291\" target=\"_self\" title=\"Gilles Barbieux\" data-rel=\"prettyPhoto[pp_gal]\" style=\"border-radius:0px;\" ><FIGURE class=\"grid-gallery-caption\" data-grid-gallery-type=\"quarter-slide-up\" data-index=\"7\" style=\"display:none;border-radius:0px;; margin:5.3px; width:215px;\" ><div class=\"crop\" style=\" width:215px; height:215px; overflow:hidden;\"><img decoding=\"async\" data-gg-real-image-href=\"http:\/\/veloclubfaumont.fr\/wp-content\/uploads\/2019\/02\/Gilles-Barbieux-215x215.jpg\" src=\"\" class=\"ggImg ggLazyImg\" alt=\"Gilles Barbieux\" title=\"Gilles Barbieux\" data-description=\"Gilles Barbieux\" data-caption=\"Gilles Barbieux\" data-title=\"Gilles Barbieux\" style=\" width:215px; height:215px;\" \/><\/div><FIGCAPTION class=\"\" data-alpha=\"5\" style=\"color:#ffffff; background-color:#6f0000; font-size:14px; text-align:2; font-family:Default;\" ><div class=\"grid-gallery-figcaption-wrap\" style=\" vertical-align:;\"><\/div><\/FIGCAPTION><\/FIGURE><\/a><a id=\"gg-291-8841\" class=\"gg-link \" data-attachment-id=\"13695\" href=\"https:\/\/veloclubfaumont.fr\/wp-content\/uploads\/2019\/02\/Gilles-Courtois.jpg?gid=291\" target=\"_self\" title=\"Gilles Courtois\" data-rel=\"prettyPhoto[pp_gal]\" style=\"border-radius:0px;\" ><FIGURE class=\"grid-gallery-caption\" data-grid-gallery-type=\"quarter-slide-up\" data-index=\"8\" style=\"display:none;border-radius:0px;; margin:5.3px; width:215px;\" ><div class=\"crop\" style=\" width:215px; height:215px; overflow:hidden;\"><img decoding=\"async\" data-gg-real-image-href=\"http:\/\/veloclubfaumont.fr\/wp-content\/uploads\/2019\/02\/Gilles-Courtois-215x215.jpg\" src=\"\" class=\"ggImg ggLazyImg\" alt=\"Gilles Courtois\" title=\"Gilles Courtois\" data-description=\"Gilles Courtois\" data-caption=\"Gilles Courtois\" data-title=\"Gilles Courtois\" style=\" width:215px; height:215px;\" \/><\/div><FIGCAPTION class=\"\" data-alpha=\"5\" style=\"color:#ffffff; background-color:#6f0000; font-size:14px; text-align:2; font-family:Default;\" ><div class=\"grid-gallery-figcaption-wrap\" style=\" vertical-align:;\"><\/div><\/FIGCAPTION><\/FIGURE><\/a><a id=\"gg-291-8842\" class=\"gg-link \" data-attachment-id=\"13696\" href=\"https:\/\/veloclubfaumont.fr\/wp-content\/uploads\/2019\/02\/Gr\u00e9gory-Masse.jpg?gid=291\" target=\"_self\" title=\"Gr\u00e9gory Masse\" data-rel=\"prettyPhoto[pp_gal]\" style=\"border-radius:0px;\" ><FIGURE class=\"grid-gallery-caption\" data-grid-gallery-type=\"quarter-slide-up\" data-index=\"9\" style=\"display:none;border-radius:0px;; margin:5.3px; width:215px;\" ><div class=\"crop\" style=\" width:215px; height:215px; overflow:hidden;\"><img decoding=\"async\" data-gg-real-image-href=\"http:\/\/veloclubfaumont.fr\/wp-content\/uploads\/2019\/02\/Gr\u00e9gory-Masse-215x215.jpg\" src=\"\" class=\"ggImg ggLazyImg\" alt=\"Gr\u00e9gory Masse\" title=\"Gr\u00e9gory Masse\" data-description=\"Gr\u00e9gory Masse\" data-caption=\"Gr\u00e9gory Masse\" data-title=\"Gr\u00e9gory Masse\" style=\" width:215px; height:215px;\" \/><\/div><FIGCAPTION class=\"\" data-alpha=\"5\" style=\"color:#ffffff; background-color:#6f0000; font-size:14px; text-align:2; font-family:Default;\" ><div class=\"grid-gallery-figcaption-wrap\" style=\" vertical-align:;\"><\/div><\/FIGCAPTION><\/FIGURE><\/a><a id=\"gg-291-8843\" class=\"gg-link \" data-attachment-id=\"13697\" href=\"https:\/\/veloclubfaumont.fr\/wp-content\/uploads\/2019\/02\/Guillaume-Leroy.jpg?gid=291\" target=\"_self\" title=\"Guillaume Leroy\" data-rel=\"prettyPhoto[pp_gal]\" style=\"border-radius:0px;\" ><FIGURE class=\"grid-gallery-caption\" data-grid-gallery-type=\"quarter-slide-up\" data-index=\"10\" style=\"display:none;border-radius:0px;; margin:5.3px; width:215px;\" ><div class=\"crop\" style=\" width:215px; height:215px; overflow:hidden;\"><img decoding=\"async\" data-gg-real-image-href=\"http:\/\/veloclubfaumont.fr\/wp-content\/uploads\/2019\/02\/Guillaume-Leroy-215x215.jpg\" src=\"\" class=\"ggImg ggLazyImg\" alt=\"Guillaume Leroy\" title=\"Guillaume Leroy\" data-description=\"Guillaume Leroy\" data-caption=\"Guillaume Leroy\" data-title=\"Guillaume Leroy\" style=\" width:215px; height:215px;\" \/><\/div><FIGCAPTION class=\"\" data-alpha=\"5\" style=\"color:#ffffff; background-color:#6f0000; font-size:14px; text-align:2; font-family:Default;\" ><div class=\"grid-gallery-figcaption-wrap\" style=\" vertical-align:;\"><\/div><\/FIGCAPTION><\/FIGURE><\/a><a id=\"gg-291-8844\" class=\"gg-link \" data-attachment-id=\"13698\" href=\"https:\/\/veloclubfaumont.fr\/wp-content\/uploads\/2019\/02\/Jean-Claude-Verdelle.jpg?gid=291\" target=\"_self\" title=\"Jean-Claude Verdelle\" data-rel=\"prettyPhoto[pp_gal]\" style=\"border-radius:0px;\" ><FIGURE class=\"grid-gallery-caption\" data-grid-gallery-type=\"quarter-slide-up\" data-index=\"11\" style=\"display:none;border-radius:0px;; margin:5.3px; width:215px;\" ><div class=\"crop\" style=\" width:215px; height:215px; overflow:hidden;\"><img decoding=\"async\" data-gg-real-image-href=\"http:\/\/veloclubfaumont.fr\/wp-content\/uploads\/2019\/02\/Jean-Claude-Verdelle-215x215.jpg\" src=\"\" class=\"ggImg ggLazyImg\" alt=\"Jean-Claude Verdelle\" title=\"Jean-Claude Verdelle\" data-description=\"Jean-Claude Verdelle\" data-caption=\"Jean-Claude Verdelle\" data-title=\"Jean-Claude Verdelle\" style=\" width:215px; height:215px;\" \/><\/div><FIGCAPTION class=\"\" data-alpha=\"5\" style=\"color:#ffffff; background-color:#6f0000; font-size:14px; text-align:2; font-family:Default;\" ><div class=\"grid-gallery-figcaption-wrap\" style=\" vertical-align:;\"><\/div><\/FIGCAPTION><\/FIGURE><\/a><a id=\"gg-291-8845\" class=\"gg-link \" data-attachment-id=\"13699\" href=\"https:\/\/veloclubfaumont.fr\/wp-content\/uploads\/2019\/02\/Jean-Louis-Og\u00e9.jpg?gid=291\" target=\"_self\" title=\"Jean-Louis Og\u00e9\" data-rel=\"prettyPhoto[pp_gal]\" style=\"border-radius:0px;\" ><FIGURE class=\"grid-gallery-caption\" data-grid-gallery-type=\"quarter-slide-up\" data-index=\"12\" style=\"display:none;border-radius:0px;; margin:5.3px; width:215px;\" ><div class=\"crop\" style=\" width:215px; height:215px; overflow:hidden;\"><img decoding=\"async\" data-gg-real-image-href=\"http:\/\/veloclubfaumont.fr\/wp-content\/uploads\/2019\/02\/Jean-Louis-Og\u00e9-215x215.jpg\" src=\"\" class=\"ggImg ggLazyImg\" alt=\"Jean-Louis Og\u00e9\" title=\"Jean-Louis Og\u00e9\" data-description=\"Jean-Louis Og\u00e9\" data-caption=\"Jean-Louis Og\u00e9\" data-title=\"Jean-Louis Og\u00e9\" style=\" width:215px; height:215px;\" \/><\/div><FIGCAPTION class=\"\" data-alpha=\"5\" style=\"color:#ffffff; background-color:#6f0000; font-size:14px; text-align:2; font-family:Default;\" ><div class=\"grid-gallery-figcaption-wrap\" style=\" vertical-align:;\"><\/div><\/FIGCAPTION><\/FIGURE><\/a><a id=\"gg-291-8846\" class=\"gg-link \" data-attachment-id=\"13700\" href=\"https:\/\/veloclubfaumont.fr\/wp-content\/uploads\/2019\/02\/Johann-Flon.jpg?gid=291\" target=\"_self\" title=\"Johann Flon\" data-rel=\"prettyPhoto[pp_gal]\" style=\"border-radius:0px;\" ><FIGURE class=\"grid-gallery-caption\" data-grid-gallery-type=\"quarter-slide-up\" data-index=\"13\" style=\"display:none;border-radius:0px;; margin:5.3px; width:215px;\" ><div class=\"crop\" style=\" width:215px; height:215px; overflow:hidden;\"><img decoding=\"async\" data-gg-real-image-href=\"http:\/\/veloclubfaumont.fr\/wp-content\/uploads\/2019\/02\/Johann-Flon-215x215.jpg\" src=\"\" class=\"ggImg ggLazyImg\" alt=\"Johann Flon\" title=\"Johann Flon\" data-description=\"Johann Flon\" data-caption=\"Johann Flon\" data-title=\"Johann Flon\" style=\" width:215px; height:215px;\" \/><\/div><FIGCAPTION class=\"\" data-alpha=\"5\" style=\"color:#ffffff; background-color:#6f0000; font-size:14px; text-align:2; font-family:Default;\" ><div class=\"grid-gallery-figcaption-wrap\" style=\" vertical-align:;\"><\/div><\/FIGCAPTION><\/FIGURE><\/a><a id=\"gg-291-8847\" class=\"gg-link \" data-attachment-id=\"13701\" href=\"https:\/\/veloclubfaumont.fr\/wp-content\/uploads\/2019\/02\/Laurent-L\u00e9cluse.jpg?gid=291\" target=\"_self\" title=\"Laurent L\u00e9cluse\" data-rel=\"prettyPhoto[pp_gal]\" style=\"border-radius:0px;\" ><FIGURE class=\"grid-gallery-caption\" data-grid-gallery-type=\"quarter-slide-up\" data-index=\"14\" style=\"display:none;border-radius:0px;; margin:5.3px; width:215px;\" ><div class=\"crop\" style=\" width:215px; height:215px; overflow:hidden;\"><img decoding=\"async\" data-gg-real-image-href=\"http:\/\/veloclubfaumont.fr\/wp-content\/uploads\/2019\/02\/Laurent-L\u00e9cluse-215x215.jpg\" src=\"\" class=\"ggImg ggLazyImg\" alt=\"Laurent L\u00e9cluse\" title=\"Laurent L\u00e9cluse\" data-description=\"Laurent L\u00e9cluse\" data-caption=\"Laurent L\u00e9cluse\" data-title=\"Laurent L\u00e9cluse\" style=\" width:215px; height:215px;\" \/><\/div><FIGCAPTION class=\"\" data-alpha=\"5\" style=\"color:#ffffff; background-color:#6f0000; font-size:14px; text-align:2; font-family:Default;\" ><div class=\"grid-gallery-figcaption-wrap\" style=\" vertical-align:;\"><\/div><\/FIGCAPTION><\/FIGURE><\/a><a id=\"gg-291-8848\" class=\"gg-link \" data-attachment-id=\"13702\" href=\"https:\/\/veloclubfaumont.fr\/wp-content\/uploads\/2019\/02\/Marc-Delannoy.jpg?gid=291\" target=\"_self\" title=\"Marc Delannoy\" data-rel=\"prettyPhoto[pp_gal]\" style=\"border-radius:0px;\" ><FIGURE class=\"grid-gallery-caption\" data-grid-gallery-type=\"quarter-slide-up\" data-index=\"15\" style=\"display:none;border-radius:0px;; margin:5.3px; width:215px;\" ><div class=\"crop\" style=\" width:215px; height:215px; overflow:hidden;\"><img decoding=\"async\" data-gg-real-image-href=\"http:\/\/veloclubfaumont.fr\/wp-content\/uploads\/2019\/02\/Marc-Delannoy-215x215.jpg\" src=\"\" class=\"ggImg ggLazyImg\" alt=\"Marc Delannoy\" title=\"Marc Delannoy\" data-description=\"Marc Delannoy\" data-caption=\"Marc Delannoy\" data-title=\"Marc Delannoy\" style=\" width:215px; height:215px;\" \/><\/div><FIGCAPTION class=\"\" data-alpha=\"5\" style=\"color:#ffffff; background-color:#6f0000; font-size:14px; text-align:2; font-family:Default;\" ><div class=\"grid-gallery-figcaption-wrap\" style=\" vertical-align:;\"><\/div><\/FIGCAPTION><\/FIGURE><\/a><a id=\"gg-291-8849\" class=\"gg-link \" data-attachment-id=\"13703\" href=\"https:\/\/veloclubfaumont.fr\/wp-content\/uploads\/2019\/02\/Nicolas-Perrotte.jpg?gid=291\" target=\"_self\" title=\"Nicolas Perrotte\" data-rel=\"prettyPhoto[pp_gal]\" style=\"border-radius:0px;\" ><FIGURE class=\"grid-gallery-caption\" data-grid-gallery-type=\"quarter-slide-up\" data-index=\"16\" style=\"display:none;border-radius:0px;; margin:5.3px; width:215px;\" ><div class=\"crop\" style=\" width:215px; height:215px; overflow:hidden;\"><img decoding=\"async\" data-gg-real-image-href=\"http:\/\/veloclubfaumont.fr\/wp-content\/uploads\/2019\/02\/Nicolas-Perrotte-215x215.jpg\" src=\"\" class=\"ggImg ggLazyImg\" alt=\"Nicolas Perrotte\" title=\"Nicolas Perrotte\" data-description=\"Nicolas Perrotte\" data-caption=\"Nicolas Perrotte\" data-title=\"Nicolas Perrotte\" style=\" width:215px; height:215px;\" \/><\/div><FIGCAPTION class=\"\" data-alpha=\"5\" style=\"color:#ffffff; background-color:#6f0000; font-size:14px; text-align:2; font-family:Default;\" ><div class=\"grid-gallery-figcaption-wrap\" style=\" vertical-align:;\"><\/div><\/FIGCAPTION><\/FIGURE><\/a><a id=\"gg-291-8850\" class=\"gg-link \" data-attachment-id=\"13704\" href=\"https:\/\/veloclubfaumont.fr\/wp-content\/uploads\/2019\/02\/Olivier-Jaboureck.jpg?gid=291\" target=\"_self\" title=\"Olivier Jaboureck\" data-rel=\"prettyPhoto[pp_gal]\" style=\"border-radius:0px;\" ><FIGURE class=\"grid-gallery-caption\" data-grid-gallery-type=\"quarter-slide-up\" data-index=\"17\" style=\"display:none;border-radius:0px;; margin:5.3px; width:215px;\" ><div class=\"crop\" style=\" width:215px; height:215px; overflow:hidden;\"><img decoding=\"async\" data-gg-real-image-href=\"http:\/\/veloclubfaumont.fr\/wp-content\/uploads\/2019\/02\/Olivier-Jaboureck-215x215.jpg\" src=\"\" class=\"ggImg ggLazyImg\" alt=\"Olivier Jaboureck\" title=\"Olivier Jaboureck\" data-description=\"Olivier Jaboureck\" data-caption=\"Olivier Jaboureck\" data-title=\"Olivier Jaboureck\" style=\" width:215px; height:215px;\" \/><\/div><FIGCAPTION class=\"\" data-alpha=\"5\" style=\"color:#ffffff; background-color:#6f0000; font-size:14px; text-align:2; font-family:Default;\" ><div class=\"grid-gallery-figcaption-wrap\" style=\" vertical-align:;\"><\/div><\/FIGCAPTION><\/FIGURE><\/a><a id=\"gg-291-8851\" class=\"gg-link \" data-attachment-id=\"13705\" href=\"https:\/\/veloclubfaumont.fr\/wp-content\/uploads\/2019\/02\/Olivier-Morrin.jpg?gid=291\" target=\"_self\" title=\"Olivier Morrin\" data-rel=\"prettyPhoto[pp_gal]\" style=\"border-radius:0px;\" ><FIGURE class=\"grid-gallery-caption\" data-grid-gallery-type=\"quarter-slide-up\" data-index=\"18\" style=\"display:none;border-radius:0px;; margin:5.3px; width:215px;\" ><div class=\"crop\" style=\" width:215px; height:215px; overflow:hidden;\"><img decoding=\"async\" data-gg-real-image-href=\"http:\/\/veloclubfaumont.fr\/wp-content\/uploads\/2019\/02\/Olivier-Morrin-215x215.jpg\" src=\"\" class=\"ggImg ggLazyImg\" alt=\"Olivier Morrin\" title=\"Olivier Morrin\" data-description=\"Olivier Morrin\" data-caption=\"Olivier Morrin\" data-title=\"Olivier Morrin\" style=\" width:215px; height:215px;\" \/><\/div><FIGCAPTION class=\"\" data-alpha=\"5\" style=\"color:#ffffff; background-color:#6f0000; font-size:14px; text-align:2; font-family:Default;\" ><div class=\"grid-gallery-figcaption-wrap\" style=\" vertical-align:;\"><\/div><\/FIGCAPTION><\/FIGURE><\/a><a id=\"gg-291-8852\" class=\"gg-link \" data-attachment-id=\"13706\" href=\"https:\/\/veloclubfaumont.fr\/wp-content\/uploads\/2019\/02\/Patrick-Lefebvre.jpg?gid=291\" target=\"_self\" title=\"Patrick Lefebvre\" data-rel=\"prettyPhoto[pp_gal]\" style=\"border-radius:0px;\" ><FIGURE class=\"grid-gallery-caption\" data-grid-gallery-type=\"quarter-slide-up\" data-index=\"19\" style=\"display:none;border-radius:0px;; margin:5.3px; width:215px;\" ><div class=\"crop\" style=\" width:215px; height:215px; overflow:hidden;\"><img decoding=\"async\" data-gg-real-image-href=\"http:\/\/veloclubfaumont.fr\/wp-content\/uploads\/2019\/02\/Patrick-Lefebvre-215x215.jpg\" src=\"\" class=\"ggImg ggLazyImg\" alt=\"Patrick Lefebvre\" title=\"Patrick Lefebvre\" data-description=\"Patrick Lefebvre\" data-caption=\"Patrick Lefebvre\" data-title=\"Patrick Lefebvre\" style=\" width:215px; height:215px;\" \/><\/div><FIGCAPTION class=\"\" data-alpha=\"5\" style=\"color:#ffffff; background-color:#6f0000; font-size:14px; text-align:2; font-family:Default;\" ><div class=\"grid-gallery-figcaption-wrap\" style=\" vertical-align:;\"><\/div><\/FIGCAPTION><\/FIGURE><\/a><a id=\"gg-291-8853\" class=\"gg-link \" data-attachment-id=\"13707\" href=\"https:\/\/veloclubfaumont.fr\/wp-content\/uploads\/2019\/02\/Philippe-Valet.jpg?gid=291\" target=\"_self\" title=\"Philippe Valet\" data-rel=\"prettyPhoto[pp_gal]\" style=\"border-radius:0px;\" ><FIGURE class=\"grid-gallery-caption\" data-grid-gallery-type=\"quarter-slide-up\" data-index=\"20\" style=\"display:none;border-radius:0px;; margin:5.3px; width:215px;\" ><div class=\"crop\" style=\" width:215px; height:215px; overflow:hidden;\"><img decoding=\"async\" data-gg-real-image-href=\"http:\/\/veloclubfaumont.fr\/wp-content\/uploads\/2019\/02\/Philippe-Valet-215x215.jpg\" src=\"\" class=\"ggImg ggLazyImg\" alt=\"Philippe Valet\" title=\"Philippe Valet\" data-description=\"Philippe Valet\" data-caption=\"Philippe Valet\" data-title=\"Philippe Valet\" style=\" width:215px; height:215px;\" \/><\/div><FIGCAPTION class=\"\" data-alpha=\"5\" style=\"color:#ffffff; background-color:#6f0000; font-size:14px; text-align:2; font-family:Default;\" ><div class=\"grid-gallery-figcaption-wrap\" style=\" vertical-align:;\"><\/div><\/FIGCAPTION><\/FIGURE><\/a><a id=\"gg-291-8854\" class=\"gg-link \" data-attachment-id=\"13708\" href=\"https:\/\/veloclubfaumont.fr\/wp-content\/uploads\/2019\/02\/Richard-P\u00e9tula.jpg?gid=291\" target=\"_self\" title=\"Richard P\u00e9tula\" data-rel=\"prettyPhoto[pp_gal]\" style=\"border-radius:0px;\" ><FIGURE class=\"grid-gallery-caption\" data-grid-gallery-type=\"quarter-slide-up\" data-index=\"21\" style=\"display:none;border-radius:0px;; margin:5.3px; width:215px;\" ><div class=\"crop\" style=\" width:215px; height:215px; overflow:hidden;\"><img decoding=\"async\" data-gg-real-image-href=\"http:\/\/veloclubfaumont.fr\/wp-content\/uploads\/2019\/02\/Richard-P\u00e9tula-215x215.jpg\" src=\"\" class=\"ggImg ggLazyImg\" alt=\"Richard P\u00e9tula\" title=\"Richard P\u00e9tula\" data-description=\"Richard P\u00e9tula\" data-caption=\"Richard P\u00e9tula\" data-title=\"Richard P\u00e9tula\" style=\" width:215px; height:215px;\" \/><\/div><FIGCAPTION class=\"\" data-alpha=\"5\" style=\"color:#ffffff; background-color:#6f0000; font-size:14px; text-align:2; font-family:Default;\" ><div class=\"grid-gallery-figcaption-wrap\" style=\" vertical-align:;\"><\/div><\/FIGCAPTION><\/FIGURE><\/a><a id=\"gg-291-8855\" class=\"gg-link \" data-attachment-id=\"13709\" href=\"https:\/\/veloclubfaumont.fr\/wp-content\/uploads\/2019\/02\/St\u00e9phane-Vlamynck.jpg?gid=291\" target=\"_self\" title=\"St\u00e9phane Vlamynck\" data-rel=\"prettyPhoto[pp_gal]\" style=\"border-radius:0px;\" ><FIGURE class=\"grid-gallery-caption\" data-grid-gallery-type=\"quarter-slide-up\" data-index=\"22\" style=\"display:none;border-radius:0px;; margin:5.3px; width:215px;\" ><div class=\"crop\" style=\" width:215px; height:215px; overflow:hidden;\"><img decoding=\"async\" data-gg-real-image-href=\"http:\/\/veloclubfaumont.fr\/wp-content\/uploads\/2019\/02\/St\u00e9phane-Vlamynck-215x215.jpg\" src=\"\" class=\"ggImg ggLazyImg\" alt=\"St\u00e9phane Vlamynck\" title=\"St\u00e9phane Vlamynck\" data-description=\"St\u00e9phane Vlamynck\" data-caption=\"St\u00e9phane Vlamynck\" data-title=\"St\u00e9phane Vlamynck\" style=\" width:215px; height:215px;\" \/><\/div><FIGCAPTION class=\"\" data-alpha=\"5\" style=\"color:#ffffff; background-color:#6f0000; font-size:14px; text-align:2; font-family:Default;\" ><div class=\"grid-gallery-figcaption-wrap\" style=\" vertical-align:;\"><\/div><\/FIGCAPTION><\/FIGURE><\/a><a id=\"gg-291-8856\" class=\"gg-link \" data-attachment-id=\"13710\" href=\"https:\/\/veloclubfaumont.fr\/wp-content\/uploads\/2019\/02\/Sylvain-Duhamel.jpg?gid=291\" target=\"_self\" title=\"Sylvain Duhamel\" data-rel=\"prettyPhoto[pp_gal]\" style=\"border-radius:0px;\" ><FIGURE class=\"grid-gallery-caption\" data-grid-gallery-type=\"quarter-slide-up\" data-index=\"23\" style=\"display:none;border-radius:0px;; margin:5.3px; width:215px;\" ><div class=\"crop\" style=\" width:215px; height:215px; overflow:hidden;\"><img decoding=\"async\" data-gg-real-image-href=\"http:\/\/veloclubfaumont.fr\/wp-content\/uploads\/2019\/02\/Sylvain-Duhamel-215x215.jpg\" src=\"\" class=\"ggImg ggLazyImg\" alt=\"Sylvain Duhamel\" title=\"Sylvain Duhamel\" data-description=\"Sylvain Duhamel\" data-caption=\"Sylvain Duhamel\" data-title=\"Sylvain Duhamel\" style=\" width:215px; height:215px;\" \/><\/div><FIGCAPTION class=\"\" data-alpha=\"5\" style=\"color:#ffffff; background-color:#6f0000; font-size:14px; text-align:2; font-family:Default;\" ><div class=\"grid-gallery-figcaption-wrap\" style=\" vertical-align:;\"><\/div><\/FIGCAPTION><\/FIGURE><\/a><a id=\"gg-291-8857\" class=\"gg-link \" data-attachment-id=\"13711\" href=\"https:\/\/veloclubfaumont.fr\/wp-content\/uploads\/2019\/02\/Valentin-Malecki.jpg?gid=291\" target=\"_self\" title=\"Valentin Malecki\" data-rel=\"prettyPhoto[pp_gal]\" style=\"border-radius:0px;\" ><FIGURE class=\"grid-gallery-caption\" data-grid-gallery-type=\"quarter-slide-up\" data-index=\"24\" style=\"display:none;border-radius:0px;; margin:5.3px; width:215px;\" ><div class=\"crop\" style=\" width:215px; height:215px; overflow:hidden;\"><img decoding=\"async\" data-gg-real-image-href=\"http:\/\/veloclubfaumont.fr\/wp-content\/uploads\/2019\/02\/Valentin-Malecki-215x215.jpg\" src=\"\" class=\"ggImg ggLazyImg\" alt=\"Valentin Malecki\" title=\"Valentin Malecki\" data-description=\"Valentin Malecki\" data-caption=\"Valentin Malecki\" data-title=\"Valentin Malecki\" style=\" width:215px; height:215px;\" \/><\/div><FIGCAPTION class=\"\" data-alpha=\"5\" style=\"color:#ffffff; background-color:#6f0000; font-size:14px; text-align:2; font-family:Default;\" ><div class=\"grid-gallery-figcaption-wrap\" style=\" vertical-align:;\"><\/div><\/FIGCAPTION><\/FIGURE><\/a><a id=\"gg-291-8858\" class=\"gg-link \" data-attachment-id=\"13712\" href=\"https:\/\/veloclubfaumont.fr\/wp-content\/uploads\/2019\/02\/Vincent-delaval.jpg?gid=291\" target=\"_self\" title=\"Vincent delaval\" data-rel=\"prettyPhoto[pp_gal]\" style=\"border-radius:0px;\" ><FIGURE class=\"grid-gallery-caption\" data-grid-gallery-type=\"quarter-slide-up\" data-index=\"25\" style=\"display:none;border-radius:0px;; margin:5.3px; width:215px;\" ><div class=\"crop\" style=\" width:215px; height:215px; overflow:hidden;\"><img decoding=\"async\" data-gg-real-image-href=\"http:\/\/veloclubfaumont.fr\/wp-content\/uploads\/2019\/02\/Vincent-delaval-215x215.jpg\" src=\"\" class=\"ggImg ggLazyImg\" alt=\"Vincent delaval\" title=\"Vincent delaval\" data-description=\"Vincent delaval\" data-caption=\"Vincent delaval\" data-title=\"Vincent delaval\" style=\" width:215px; height:215px;\" \/><\/div><FIGCAPTION class=\"\" data-alpha=\"5\" style=\"color:#ffffff; background-color:#6f0000; font-size:14px; text-align:2; font-family:Default;\" ><div class=\"grid-gallery-figcaption-wrap\" style=\" vertical-align:;\"><\/div><\/FIGCAPTION><\/FIGURE><\/a><a id=\"gg-291-8859\" class=\"gg-link \" data-attachment-id=\"13713\" href=\"https:\/\/veloclubfaumont.fr\/wp-content\/uploads\/2019\/02\/Vincent-Lestriez.jpg?gid=291\" target=\"_self\" title=\"Vincent Lestriez\" data-rel=\"prettyPhoto[pp_gal]\" style=\"border-radius:0px;\" ><FIGURE class=\"grid-gallery-caption\" data-grid-gallery-type=\"quarter-slide-up\" data-index=\"26\" style=\"display:none;border-radius:0px;; margin:5.3px; width:215px;\" ><div class=\"crop\" style=\" width:215px; height:215px; overflow:hidden;\"><img decoding=\"async\" data-gg-real-image-href=\"http:\/\/veloclubfaumont.fr\/wp-content\/uploads\/2019\/02\/Vincent-Lestriez-215x215.jpg\" src=\"\" class=\"ggImg ggLazyImg\" alt=\"Vincent Lestriez\" title=\"Vincent Lestriez\" data-description=\"Vincent Lestriez\" data-caption=\"Vincent Lestriez\" data-title=\"Vincent Lestriez\" style=\" width:215px; height:215px;\" \/><\/div><FIGCAPTION class=\"\" data-alpha=\"5\" style=\"color:#ffffff; background-color:#6f0000; font-size:14px; text-align:2; font-family:Default;\" ><div class=\"grid-gallery-figcaption-wrap\" style=\" vertical-align:;\"><\/div><\/FIGCAPTION><\/FIGURE><\/a><a id=\"gg-291-8860\" class=\"gg-link \" data-attachment-id=\"13714\" href=\"https:\/\/veloclubfaumont.fr\/wp-content\/uploads\/2019\/02\/0MG_20190203_091821.jpg?gid=291\" target=\"_self\" title=\"0MG_20190203_091821\" data-rel=\"prettyPhoto[pp_gal]\" style=\"border-radius:0px;\" ><FIGURE class=\"grid-gallery-caption\" data-grid-gallery-type=\"quarter-slide-up\" data-index=\"27\" style=\"display:none;border-radius:0px;; margin:5.3px; width:215px;\" ><div class=\"crop\" style=\" width:215px; height:215px; overflow:hidden;\"><img decoding=\"async\" data-gg-real-image-href=\"http:\/\/veloclubfaumont.fr\/wp-content\/uploads\/2019\/02\/0MG_20190203_091821-215x215.jpg\" src=\"\" class=\"ggImg ggLazyImg\" alt=\"0MG_20190203_091821\" title=\"0MG_20190203_091821\" data-description=\"0MG_20190203_091821\" data-caption=\"0MG_20190203_091821\" data-title=\"0MG_20190203_091821\" style=\" width:215px; height:215px;\" \/><\/div><FIGCAPTION class=\"\" data-alpha=\"5\" style=\"color:#ffffff; background-color:#6f0000; font-size:14px; text-align:2; font-family:Default;\" ><div class=\"grid-gallery-figcaption-wrap\" style=\" vertical-align:;\"><\/div><\/FIGCAPTION><\/FIGURE><\/a><a id=\"gg-291-8861\" class=\"gg-link \" data-attachment-id=\"13715\" href=\"https:\/\/veloclubfaumont.fr\/wp-content\/uploads\/2019\/02\/0MG_20190203_091845.jpg?gid=291\" target=\"_self\" title=\"0MG_20190203_091845\" data-rel=\"prettyPhoto[pp_gal]\" style=\"border-radius:0px;\" ><FIGURE class=\"grid-gallery-caption\" data-grid-gallery-type=\"quarter-slide-up\" data-index=\"28\" style=\"display:none;border-radius:0px;; margin:5.3px; width:215px;\" ><div class=\"crop\" style=\" width:215px; height:215px; overflow:hidden;\"><img decoding=\"async\" data-gg-real-image-href=\"http:\/\/veloclubfaumont.fr\/wp-content\/uploads\/2019\/02\/0MG_20190203_091845-215x215.jpg\" src=\"\" class=\"ggImg ggLazyImg\" alt=\"0MG_20190203_091845\" title=\"0MG_20190203_091845\" data-description=\"0MG_20190203_091845\" data-caption=\"0MG_20190203_091845\" data-title=\"0MG_20190203_091845\" style=\" width:215px; height:215px;\" \/><\/div><FIGCAPTION class=\"\" data-alpha=\"5\" style=\"color:#ffffff; background-color:#6f0000; font-size:14px; text-align:2; font-family:Default;\" ><div class=\"grid-gallery-figcaption-wrap\" style=\" vertical-align:;\"><\/div><\/FIGCAPTION><\/FIGURE><\/a><a id=\"gg-291-8862\" class=\"gg-link \" data-attachment-id=\"13716\" href=\"https:\/\/veloclubfaumont.fr\/wp-content\/uploads\/2019\/02\/0MG_20190203_091901.jpg?gid=291\" target=\"_self\" title=\"0MG_20190203_091901\" data-rel=\"prettyPhoto[pp_gal]\" style=\"border-radius:0px;\" ><FIGURE class=\"grid-gallery-caption\" data-grid-gallery-type=\"quarter-slide-up\" data-index=\"29\" style=\"display:none;border-radius:0px;; margin:5.3px; width:215px;\" ><div class=\"crop\" style=\" width:215px; height:215px; overflow:hidden;\"><img decoding=\"async\" data-gg-real-image-href=\"http:\/\/veloclubfaumont.fr\/wp-content\/uploads\/2019\/02\/0MG_20190203_091901-215x215.jpg\" src=\"\" class=\"ggImg ggLazyImg\" alt=\"0MG_20190203_091901\" title=\"0MG_20190203_091901\" data-description=\"0MG_20190203_091901\" data-caption=\"0MG_20190203_091901\" data-title=\"0MG_20190203_091901\" style=\" width:215px; height:215px;\" \/><\/div><FIGCAPTION class=\"\" data-alpha=\"5\" style=\"color:#ffffff; background-color:#6f0000; font-size:14px; text-align:2; font-family:Default;\" ><div class=\"grid-gallery-figcaption-wrap\" style=\" vertical-align:;\"><\/div><\/FIGCAPTION><\/FIGURE><\/a><a id=\"gg-291-8863\" class=\"gg-link \" data-attachment-id=\"13717\" href=\"https:\/\/veloclubfaumont.fr\/wp-content\/uploads\/2019\/02\/0MG_20190203_092234.jpg?gid=291\" target=\"_self\" title=\"0MG_20190203_092234\" data-rel=\"prettyPhoto[pp_gal]\" style=\"border-radius:0px;\" ><FIGURE class=\"grid-gallery-caption\" data-grid-gallery-type=\"quarter-slide-up\" data-index=\"30\" style=\"display:none;border-radius:0px;; margin:5.3px; width:215px;\" ><div class=\"crop\" style=\" width:215px; height:215px; overflow:hidden;\"><img decoding=\"async\" data-gg-real-image-href=\"http:\/\/veloclubfaumont.fr\/wp-content\/uploads\/2019\/02\/0MG_20190203_092234-215x215.jpg\" src=\"\" class=\"ggImg ggLazyImg\" alt=\"0MG_20190203_092234\" title=\"0MG_20190203_092234\" data-description=\"0MG_20190203_092234\" data-caption=\"0MG_20190203_092234\" data-title=\"0MG_20190203_092234\" style=\" width:215px; height:215px;\" \/><\/div><FIGCAPTION class=\"\" data-alpha=\"5\" style=\"color:#ffffff; background-color:#6f0000; font-size:14px; text-align:2; font-family:Default;\" ><div class=\"grid-gallery-figcaption-wrap\" style=\" vertical-align:;\"><\/div><\/FIGCAPTION><\/FIGURE><\/a><a id=\"gg-291-8864\" class=\"gg-link \" data-attachment-id=\"13718\" href=\"https:\/\/veloclubfaumont.fr\/wp-content\/uploads\/2019\/02\/2019_0203_100901_003.MP4_snapshot_01.38_2019.02.03_16.11.58.jpg?gid=291\" target=\"_self\" title=\"2019_0203_100901_003.MP4_snapshot_01.38_[2019.02.03_16.11.58]\" data-rel=\"prettyPhoto[pp_gal]\" style=\"border-radius:0px;\" ><FIGURE class=\"grid-gallery-caption\" data-grid-gallery-type=\"quarter-slide-up\" data-index=\"31\" style=\"display:none;border-radius:0px;; margin:5.3px; width:215px;\" ><div class=\"crop\" style=\" width:215px; height:215px; overflow:hidden;\"><img decoding=\"async\" data-gg-real-image-href=\"http:\/\/veloclubfaumont.fr\/wp-content\/uploads\/2019\/02\/2019_0203_100901_003.MP4_snapshot_01.38_2019.02.03_16.11.58-215x215.jpg\" src=\"\" class=\"ggImg ggLazyImg\" alt=\"2019_0203_100901_003.MP4_snapshot_01.38_[2019.02.03_16.11.58]\" title=\"2019_0203_100901_003.MP4_snapshot_01.38_[2019.02.03_16.11.58]\" data-description=\"2019_0203_100901_003.MP4_snapshot_01.38_[2019.02.03_16.11.58]\" data-caption=\"2019_0203_100901_003.MP4_snapshot_01.38_[2019.02.03_16.11.58]\" data-title=\"2019_0203_100901_003.MP4_snapshot_01.38_[2019.02.03_16.11.58]\" style=\" width:215px; height:215px;\" \/><\/div><FIGCAPTION class=\"\" data-alpha=\"5\" style=\"color:#ffffff; background-color:#6f0000; font-size:14px; text-align:2; font-family:Default;\" ><div class=\"grid-gallery-figcaption-wrap\" style=\" vertical-align:;\"><\/div><\/FIGCAPTION><\/FIGURE><\/a><a id=\"gg-291-8865\" class=\"gg-link \" data-attachment-id=\"13719\" href=\"https:\/\/veloclubfaumont.fr\/wp-content\/uploads\/2019\/02\/2019_0203_100901_003.MP4_snapshot_01.50_2019.02.03_16.12.21.jpg?gid=291\" target=\"_self\" title=\"2019_0203_100901_003.MP4_snapshot_01.50_[2019.02.03_16.12.21]\" data-rel=\"prettyPhoto[pp_gal]\" style=\"border-radius:0px;\" ><FIGURE class=\"grid-gallery-caption\" data-grid-gallery-type=\"quarter-slide-up\" data-index=\"32\" style=\"display:none;border-radius:0px;; margin:5.3px; width:215px;\" ><div class=\"crop\" style=\" width:215px; height:215px; overflow:hidden;\"><img decoding=\"async\" data-gg-real-image-href=\"http:\/\/veloclubfaumont.fr\/wp-content\/uploads\/2019\/02\/2019_0203_100901_003.MP4_snapshot_01.50_2019.02.03_16.12.21-215x215.jpg\" src=\"\" class=\"ggImg ggLazyImg\" alt=\"2019_0203_100901_003.MP4_snapshot_01.50_[2019.02.03_16.12.21]\" title=\"2019_0203_100901_003.MP4_snapshot_01.50_[2019.02.03_16.12.21]\" data-description=\"2019_0203_100901_003.MP4_snapshot_01.50_[2019.02.03_16.12.21]\" data-caption=\"2019_0203_100901_003.MP4_snapshot_01.50_[2019.02.03_16.12.21]\" data-title=\"2019_0203_100901_003.MP4_snapshot_01.50_[2019.02.03_16.12.21]\" style=\" width:215px; height:215px;\" \/><\/div><FIGCAPTION class=\"\" data-alpha=\"5\" style=\"color:#ffffff; background-color:#6f0000; font-size:14px; text-align:2; font-family:Default;\" ><div class=\"grid-gallery-figcaption-wrap\" style=\" vertical-align:;\"><\/div><\/FIGCAPTION><\/FIGURE><\/a><a id=\"gg-291-8866\" class=\"gg-link \" data-attachment-id=\"13720\" href=\"https:\/\/veloclubfaumont.fr\/wp-content\/uploads\/2019\/02\/2019_0203_103328_004.MP4_snapshot_00.07_2019.02.03_16.13.42.jpg?gid=291\" target=\"_self\" title=\"2019_0203_103328_004.MP4_snapshot_00.07_[2019.02.03_16.13.42]\" data-rel=\"prettyPhoto[pp_gal]\" style=\"border-radius:0px;\" ><FIGURE class=\"grid-gallery-caption\" data-grid-gallery-type=\"quarter-slide-up\" data-index=\"33\" style=\"display:none;border-radius:0px;; margin:5.3px; width:215px;\" ><div class=\"crop\" style=\" width:215px; height:215px; overflow:hidden;\"><img decoding=\"async\" data-gg-real-image-href=\"http:\/\/veloclubfaumont.fr\/wp-content\/uploads\/2019\/02\/2019_0203_103328_004.MP4_snapshot_00.07_2019.02.03_16.13.42-215x215.jpg\" src=\"\" class=\"ggImg ggLazyImg\" alt=\"2019_0203_103328_004.MP4_snapshot_00.07_[2019.02.03_16.13.42]\" title=\"2019_0203_103328_004.MP4_snapshot_00.07_[2019.02.03_16.13.42]\" data-description=\"2019_0203_103328_004.MP4_snapshot_00.07_[2019.02.03_16.13.42]\" data-caption=\"2019_0203_103328_004.MP4_snapshot_00.07_[2019.02.03_16.13.42]\" data-title=\"2019_0203_103328_004.MP4_snapshot_00.07_[2019.02.03_16.13.42]\" style=\" width:215px; height:215px;\" \/><\/div><FIGCAPTION class=\"\" data-alpha=\"5\" style=\"color:#ffffff; background-color:#6f0000; font-size:14px; text-align:2; font-family:Default;\" ><div class=\"grid-gallery-figcaption-wrap\" style=\" vertical-align:;\"><\/div><\/FIGCAPTION><\/FIGURE><\/a><a id=\"gg-291-8867\" class=\"gg-link \" data-attachment-id=\"13721\" href=\"https:\/\/veloclubfaumont.fr\/wp-content\/uploads\/2019\/02\/2019_0203_103328_004.MP4_snapshot_02.56_2019.02.03_16.14.32.jpg?gid=291\" target=\"_self\" title=\"2019_0203_103328_004.MP4_snapshot_02.56_[2019.02.03_16.14.32]\" data-rel=\"prettyPhoto[pp_gal]\" style=\"border-radius:0px;\" ><FIGURE class=\"grid-gallery-caption\" data-grid-gallery-type=\"quarter-slide-up\" data-index=\"34\" style=\"display:none;border-radius:0px;; margin:5.3px; width:215px;\" ><div class=\"crop\" style=\" width:215px; height:215px; overflow:hidden;\"><img decoding=\"async\" data-gg-real-image-href=\"http:\/\/veloclubfaumont.fr\/wp-content\/uploads\/2019\/02\/2019_0203_103328_004.MP4_snapshot_02.56_2019.02.03_16.14.32-215x215.jpg\" src=\"\" class=\"ggImg ggLazyImg\" alt=\"2019_0203_103328_004.MP4_snapshot_02.56_[2019.02.03_16.14.32]\" title=\"2019_0203_103328_004.MP4_snapshot_02.56_[2019.02.03_16.14.32]\" data-description=\"2019_0203_103328_004.MP4_snapshot_02.56_[2019.02.03_16.14.32]\" data-caption=\"2019_0203_103328_004.MP4_snapshot_02.56_[2019.02.03_16.14.32]\" data-title=\"2019_0203_103328_004.MP4_snapshot_02.56_[2019.02.03_16.14.32]\" style=\" width:215px; height:215px;\" \/><\/div><FIGCAPTION class=\"\" data-alpha=\"5\" style=\"color:#ffffff; background-color:#6f0000; font-size:14px; text-align:2; font-family:Default;\" ><div class=\"grid-gallery-figcaption-wrap\" style=\" vertical-align:;\"><\/div><\/FIGCAPTION><\/FIGURE><\/a><a id=\"gg-291-8868\" class=\"gg-link \" data-attachment-id=\"13722\" href=\"https:\/\/veloclubfaumont.fr\/wp-content\/uploads\/2019\/02\/2019_0203_103328_004.MP4_snapshot_04.39_2019.02.03_16.15.58.jpg?gid=291\" target=\"_self\" title=\"2019_0203_103328_004.MP4_snapshot_04.39_[2019.02.03_16.15.58]\" data-rel=\"prettyPhoto[pp_gal]\" style=\"border-radius:0px;\" ><FIGURE class=\"grid-gallery-caption\" data-grid-gallery-type=\"quarter-slide-up\" data-index=\"35\" style=\"display:none;border-radius:0px;; margin:5.3px; width:215px;\" ><div class=\"crop\" style=\" width:215px; height:215px; overflow:hidden;\"><img decoding=\"async\" data-gg-real-image-href=\"http:\/\/veloclubfaumont.fr\/wp-content\/uploads\/2019\/02\/2019_0203_103328_004.MP4_snapshot_04.39_2019.02.03_16.15.58-215x215.jpg\" src=\"\" class=\"ggImg ggLazyImg\" alt=\"2019_0203_103328_004.MP4_snapshot_04.39_[2019.02.03_16.15.58]\" title=\"2019_0203_103328_004.MP4_snapshot_04.39_[2019.02.03_16.15.58]\" data-description=\"2019_0203_103328_004.MP4_snapshot_04.39_[2019.02.03_16.15.58]\" data-caption=\"2019_0203_103328_004.MP4_snapshot_04.39_[2019.02.03_16.15.58]\" data-title=\"2019_0203_103328_004.MP4_snapshot_04.39_[2019.02.03_16.15.58]\" style=\" width:215px; height:215px;\" \/><\/div><FIGCAPTION class=\"\" data-alpha=\"5\" style=\"color:#ffffff; background-color:#6f0000; font-size:14px; text-align:2; font-family:Default;\" ><div class=\"grid-gallery-figcaption-wrap\" style=\" vertical-align:;\"><\/div><\/FIGCAPTION><\/FIGURE><\/a><a id=\"gg-291-8869\" class=\"gg-link \" data-attachment-id=\"13723\" href=\"https:\/\/veloclubfaumont.fr\/wp-content\/uploads\/2019\/02\/2019_0203_103328_004.MP4_snapshot_07.26_2019.02.03_16.17.21.jpg?gid=291\" target=\"_self\" title=\"2019_0203_103328_004.MP4_snapshot_07.26_[2019.02.03_16.17.21]\" data-rel=\"prettyPhoto[pp_gal]\" style=\"border-radius:0px;\" ><FIGURE class=\"grid-gallery-caption\" data-grid-gallery-type=\"quarter-slide-up\" data-index=\"36\" style=\"display:none;border-radius:0px;; margin:5.3px; width:215px;\" ><div class=\"crop\" style=\" width:215px; height:215px; overflow:hidden;\"><img decoding=\"async\" data-gg-real-image-href=\"http:\/\/veloclubfaumont.fr\/wp-content\/uploads\/2019\/02\/2019_0203_103328_004.MP4_snapshot_07.26_2019.02.03_16.17.21-215x215.jpg\" src=\"\" class=\"ggImg ggLazyImg\" alt=\"2019_0203_103328_004.MP4_snapshot_07.26_[2019.02.03_16.17.21]\" title=\"2019_0203_103328_004.MP4_snapshot_07.26_[2019.02.03_16.17.21]\" data-description=\"2019_0203_103328_004.MP4_snapshot_07.26_[2019.02.03_16.17.21]\" data-caption=\"2019_0203_103328_004.MP4_snapshot_07.26_[2019.02.03_16.17.21]\" data-title=\"2019_0203_103328_004.MP4_snapshot_07.26_[2019.02.03_16.17.21]\" style=\" width:215px; height:215px;\" \/><\/div><FIGCAPTION class=\"\" data-alpha=\"5\" style=\"color:#ffffff; background-color:#6f0000; font-size:14px; text-align:2; font-family:Default;\" ><div class=\"grid-gallery-figcaption-wrap\" style=\" vertical-align:;\"><\/div><\/FIGCAPTION><\/FIGURE><\/a><a id=\"gg-291-8870\" class=\"gg-link \" data-attachment-id=\"13724\" href=\"https:\/\/veloclubfaumont.fr\/wp-content\/uploads\/2019\/02\/DSC_02410.jpg?gid=291\" target=\"_self\" title=\"DSC_02410\" data-rel=\"prettyPhoto[pp_gal]\" style=\"border-radius:0px;\" ><FIGURE class=\"grid-gallery-caption\" data-grid-gallery-type=\"quarter-slide-up\" data-index=\"37\" style=\"display:none;border-radius:0px;; margin:5.3px; width:215px;\" ><div class=\"crop\" style=\" width:215px; height:215px; overflow:hidden;\"><img decoding=\"async\" data-gg-real-image-href=\"http:\/\/veloclubfaumont.fr\/wp-content\/uploads\/2019\/02\/DSC_02410-215x215.jpg\" src=\"\" class=\"ggImg ggLazyImg\" alt=\"DSC_02410\" title=\"DSC_02410\" data-description=\"DSC_02410\" data-caption=\"DSC_02410\" data-title=\"DSC_02410\" style=\" width:215px; height:215px;\" \/><\/div><FIGCAPTION class=\"\" data-alpha=\"5\" style=\"color:#ffffff; background-color:#6f0000; font-size:14px; text-align:2; font-family:Default;\" ><div class=\"grid-gallery-figcaption-wrap\" style=\" vertical-align:;\"><\/div><\/FIGCAPTION><\/FIGURE><\/a><a id=\"gg-291-8871\" class=\"gg-link \" data-attachment-id=\"13725\" href=\"https:\/\/veloclubfaumont.fr\/wp-content\/uploads\/2019\/02\/DSC_02420.jpg?gid=291\" target=\"_self\" title=\"DSC_02420\" data-rel=\"prettyPhoto[pp_gal]\" style=\"border-radius:0px;\" ><FIGURE class=\"grid-gallery-caption\" data-grid-gallery-type=\"quarter-slide-up\" data-index=\"38\" style=\"display:none;border-radius:0px;; margin:5.3px; width:215px;\" ><div class=\"crop\" style=\" width:215px; height:215px; overflow:hidden;\"><img decoding=\"async\" data-gg-real-image-href=\"http:\/\/veloclubfaumont.fr\/wp-content\/uploads\/2019\/02\/DSC_02420-215x215.jpg\" src=\"\" class=\"ggImg ggLazyImg\" alt=\"DSC_02420\" title=\"DSC_02420\" data-description=\"DSC_02420\" data-caption=\"DSC_02420\" data-title=\"DSC_02420\" style=\" width:215px; height:215px;\" \/><\/div><FIGCAPTION class=\"\" data-alpha=\"5\" style=\"color:#ffffff; background-color:#6f0000; font-size:14px; text-align:2; font-family:Default;\" ><div class=\"grid-gallery-figcaption-wrap\" style=\" vertical-align:;\"><\/div><\/FIGCAPTION><\/FIGURE><\/a><a id=\"gg-291-8872\" class=\"gg-link \" data-attachment-id=\"13726\" href=\"https:\/\/veloclubfaumont.fr\/wp-content\/uploads\/2019\/02\/DSC_02430.jpg?gid=291\" target=\"_self\" title=\"DSC_02430\" data-rel=\"prettyPhoto[pp_gal]\" style=\"border-radius:0px;\" ><FIGURE class=\"grid-gallery-caption\" data-grid-gallery-type=\"quarter-slide-up\" data-index=\"39\" style=\"display:none;border-radius:0px;; margin:5.3px; width:215px;\" ><div class=\"crop\" style=\" width:215px; height:215px; overflow:hidden;\"><img decoding=\"async\" data-gg-real-image-href=\"http:\/\/veloclubfaumont.fr\/wp-content\/uploads\/2019\/02\/DSC_02430-215x215.jpg\" src=\"\" class=\"ggImg ggLazyImg\" alt=\"DSC_02430\" title=\"DSC_02430\" data-description=\"DSC_02430\" data-caption=\"DSC_02430\" data-title=\"DSC_02430\" style=\" width:215px; height:215px;\" \/><\/div><FIGCAPTION class=\"\" data-alpha=\"5\" style=\"color:#ffffff; background-color:#6f0000; font-size:14px; text-align:2; font-family:Default;\" ><div class=\"grid-gallery-figcaption-wrap\" style=\" vertical-align:;\"><\/div><\/FIGCAPTION><\/FIGURE><\/a><a id=\"gg-291-8873\" class=\"gg-link \" data-attachment-id=\"13738\" href=\"https:\/\/veloclubfaumont.fr\/wp-content\/uploads\/2019\/02\/Planche-Contact-1.jpg?gid=291\" target=\"_self\" title=\"Planche Contact-1\" data-rel=\"prettyPhoto[pp_gal]\" style=\"border-radius:0px;\" ><FIGURE class=\"grid-gallery-caption\" data-grid-gallery-type=\"quarter-slide-up\" data-index=\"40\" style=\"display:none;border-radius:0px;; margin:5.3px; width:215px;\" ><div class=\"crop\" style=\" width:215px; height:215px; overflow:hidden;\"><img decoding=\"async\" data-gg-real-image-href=\"http:\/\/veloclubfaumont.fr\/wp-content\/uploads\/2019\/02\/Planche-Contact-1-215x215.jpg\" src=\"\" class=\"ggImg ggLazyImg\" alt=\"Planche Contact-1\" title=\"Planche Contact-1\" data-description=\"Planche Contact-1\" data-caption=\"Planche Contact-1\" data-title=\"Planche Contact-1\" style=\" width:215px; height:215px;\" \/><\/div><FIGCAPTION class=\"\" data-alpha=\"5\" style=\"color:#ffffff; background-color:#6f0000; font-size:14px; text-align:2; font-family:Default;\" ><div class=\"grid-gallery-figcaption-wrap\" style=\" vertical-align:;\"><\/div><\/FIGCAPTION><\/FIGURE><\/a><a id=\"gg-291-8874\" class=\"gg-link \" data-attachment-id=\"13739\" href=\"https:\/\/veloclubfaumont.fr\/wp-content\/uploads\/2019\/02\/Planche-Contact-2.jpg?gid=291\" target=\"_self\" title=\"Planche Contact-2\" data-rel=\"prettyPhoto[pp_gal]\" style=\"border-radius:0px;\" ><FIGURE class=\"grid-gallery-caption\" data-grid-gallery-type=\"quarter-slide-up\" data-index=\"41\" style=\"display:none;border-radius:0px;; margin:5.3px; width:215px;\" ><div class=\"crop\" style=\" width:215px; height:215px; overflow:hidden;\"><img decoding=\"async\" data-gg-real-image-href=\"http:\/\/veloclubfaumont.fr\/wp-content\/uploads\/2019\/02\/Planche-Contact-2-215x215.jpg\" src=\"\" class=\"ggImg ggLazyImg\" alt=\"Planche Contact-2\" title=\"Planche Contact-2\" data-description=\"Planche Contact-2\" data-caption=\"Planche Contact-2\" data-title=\"Planche Contact-2\" style=\" width:215px; height:215px;\" \/><\/div><FIGCAPTION class=\"\" data-alpha=\"5\" style=\"color:#ffffff; background-color:#6f0000; font-size:14px; text-align:2; font-family:Default;\" ><div class=\"grid-gallery-figcaption-wrap\" style=\" vertical-align:;\"><\/div><\/FIGCAPTION><\/FIGURE><\/a><a id=\"gg-291-8875\" class=\"gg-link \" data-attachment-id=\"13740\" href=\"https:\/\/veloclubfaumont.fr\/wp-content\/uploads\/2019\/02\/Arnaud.jpg?gid=291\" target=\"_self\" title=\"Arnaud\" data-rel=\"prettyPhoto[pp_gal]\" style=\"border-radius:0px;\" ><FIGURE class=\"grid-gallery-caption\" data-grid-gallery-type=\"quarter-slide-up\" data-index=\"42\" style=\"display:none;border-radius:0px;; margin:5.3px; width:215px;\" ><div class=\"crop\" style=\" width:215px; height:215px; overflow:hidden;\"><img decoding=\"async\" data-gg-real-image-href=\"http:\/\/veloclubfaumont.fr\/wp-content\/uploads\/2019\/02\/Arnaud-215x215.jpg\" src=\"\" class=\"ggImg ggLazyImg\" alt=\"Arnaud\" title=\"Arnaud\" data-description=\"Arnaud\" data-caption=\"Arnaud\" data-title=\"Arnaud\" style=\" width:215px; height:215px;\" \/><\/div><FIGCAPTION class=\"\" data-alpha=\"5\" style=\"color:#ffffff; background-color:#6f0000; font-size:14px; text-align:2; font-family:Default;\" ><div class=\"grid-gallery-figcaption-wrap\" style=\" vertical-align:;\"><\/div><\/FIGCAPTION><\/FIGURE><\/a><a id=\"gg-291-8876\" class=\"gg-link \" data-attachment-id=\"13741\" href=\"https:\/\/veloclubfaumont.fr\/wp-content\/uploads\/2019\/02\/christophe.jpg?gid=291\" target=\"_self\" title=\"christophe\" data-rel=\"prettyPhoto[pp_gal]\" style=\"border-radius:0px;\" ><FIGURE class=\"grid-gallery-caption\" data-grid-gallery-type=\"quarter-slide-up\" data-index=\"43\" style=\"display:none;border-radius:0px;; margin:5.3px; width:215px;\" ><div class=\"crop\" style=\" width:215px; height:215px; overflow:hidden;\"><img decoding=\"async\" data-gg-real-image-href=\"http:\/\/veloclubfaumont.fr\/wp-content\/uploads\/2019\/02\/christophe-215x215.jpg\" src=\"\" class=\"ggImg ggLazyImg\" alt=\"christophe\" title=\"christophe\" data-description=\"christophe\" data-caption=\"christophe\" data-title=\"christophe\" style=\" width:215px; height:215px;\" \/><\/div><FIGCAPTION class=\"\" data-alpha=\"5\" style=\"color:#ffffff; background-color:#6f0000; font-size:14px; text-align:2; font-family:Default;\" ><div class=\"grid-gallery-figcaption-wrap\" style=\" vertical-align:;\"><\/div><\/FIGCAPTION><\/FIGURE><\/a><a id=\"gg-291-8877\" class=\"gg-link \" data-attachment-id=\"13742\" href=\"https:\/\/veloclubfaumont.fr\/wp-content\/uploads\/2019\/02\/DAVID.jpg?gid=291\" target=\"_self\" title=\"DAVID\" data-rel=\"prettyPhoto[pp_gal]\" style=\"border-radius:0px;\" ><FIGURE class=\"grid-gallery-caption\" data-grid-gallery-type=\"quarter-slide-up\" data-index=\"44\" style=\"display:none;border-radius:0px;; margin:5.3px; width:215px;\" ><div class=\"crop\" style=\" width:215px; height:215px; overflow:hidden;\"><img decoding=\"async\" data-gg-real-image-href=\"http:\/\/veloclubfaumont.fr\/wp-content\/uploads\/2019\/02\/DAVID-215x215.jpg\" src=\"\" class=\"ggImg ggLazyImg\" alt=\"DAVID\" title=\"DAVID\" data-description=\"DAVID\" data-caption=\"DAVID\" data-title=\"DAVID\" style=\" width:215px; height:215px;\" \/><\/div><FIGCAPTION class=\"\" data-alpha=\"5\" style=\"color:#ffffff; background-color:#6f0000; font-size:14px; text-align:2; font-family:Default;\" ><div class=\"grid-gallery-figcaption-wrap\" style=\" vertical-align:;\"><\/div><\/FIGCAPTION><\/FIGURE><\/a><a id=\"gg-291-8878\" class=\"gg-link \" data-attachment-id=\"13743\" href=\"https:\/\/veloclubfaumont.fr\/wp-content\/uploads\/2019\/02\/DENIS.jpg?gid=291\" target=\"_self\" title=\"DENIS\" data-rel=\"prettyPhoto[pp_gal]\" style=\"border-radius:0px;\" ><FIGURE class=\"grid-gallery-caption\" data-grid-gallery-type=\"quarter-slide-up\" data-index=\"45\" style=\"display:none;border-radius:0px;; margin:5.3px; width:215px;\" ><div class=\"crop\" style=\" width:215px; height:215px; overflow:hidden;\"><img decoding=\"async\" data-gg-real-image-href=\"http:\/\/veloclubfaumont.fr\/wp-content\/uploads\/2019\/02\/DENIS-215x215.jpg\" src=\"\" class=\"ggImg ggLazyImg\" alt=\"DENIS\" title=\"DENIS\" data-description=\"DENIS\" data-caption=\"DENIS\" data-title=\"DENIS\" style=\" width:215px; height:215px;\" \/><\/div><FIGCAPTION class=\"\" data-alpha=\"5\" style=\"color:#ffffff; background-color:#6f0000; font-size:14px; text-align:2; font-family:Default;\" ><div class=\"grid-gallery-figcaption-wrap\" style=\" vertical-align:;\"><\/div><\/FIGCAPTION><\/FIGURE><\/a><a id=\"gg-291-8879\" class=\"gg-link \" data-attachment-id=\"13744\" href=\"https:\/\/veloclubfaumont.fr\/wp-content\/uploads\/2019\/02\/FRED.jpg?gid=291\" target=\"_self\" title=\"FRED\" data-rel=\"prettyPhoto[pp_gal]\" style=\"border-radius:0px;\" ><FIGURE class=\"grid-gallery-caption\" data-grid-gallery-type=\"quarter-slide-up\" data-index=\"46\" style=\"display:none;border-radius:0px;; margin:5.3px; width:215px;\" ><div class=\"crop\" style=\" width:215px; height:215px; overflow:hidden;\"><img decoding=\"async\" data-gg-real-image-href=\"http:\/\/veloclubfaumont.fr\/wp-content\/uploads\/2019\/02\/FRED-215x215.jpg\" src=\"\" class=\"ggImg ggLazyImg\" alt=\"FRED\" title=\"FRED\" data-description=\"FRED\" data-caption=\"FRED\" data-title=\"FRED\" style=\" width:215px; height:215px;\" \/><\/div><FIGCAPTION class=\"\" data-alpha=\"5\" style=\"color:#ffffff; background-color:#6f0000; font-size:14px; text-align:2; font-family:Default;\" ><div class=\"grid-gallery-figcaption-wrap\" style=\" vertical-align:;\"><\/div><\/FIGCAPTION><\/FIGURE><\/a><a id=\"gg-291-8880\" class=\"gg-link \" data-attachment-id=\"13745\" href=\"https:\/\/veloclubfaumont.fr\/wp-content\/uploads\/2019\/02\/GILLESB.jpg?gid=291\" target=\"_self\" title=\"GILLESB\" data-rel=\"prettyPhoto[pp_gal]\" style=\"border-radius:0px;\" ><FIGURE class=\"grid-gallery-caption\" data-grid-gallery-type=\"quarter-slide-up\" data-index=\"47\" style=\"display:none;border-radius:0px;; margin:5.3px; width:215px;\" ><div class=\"crop\" style=\" width:215px; height:215px; overflow:hidden;\"><img decoding=\"async\" data-gg-real-image-href=\"http:\/\/veloclubfaumont.fr\/wp-content\/uploads\/2019\/02\/GILLESB-215x215.jpg\" src=\"\" class=\"ggImg ggLazyImg\" alt=\"GILLESB\" title=\"GILLESB\" data-description=\"GILLESB\" data-caption=\"GILLESB\" data-title=\"GILLESB\" style=\" width:215px; height:215px;\" \/><\/div><FIGCAPTION class=\"\" data-alpha=\"5\" style=\"color:#ffffff; background-color:#6f0000; font-size:14px; text-align:2; font-family:Default;\" ><div class=\"grid-gallery-figcaption-wrap\" style=\" vertical-align:;\"><\/div><\/FIGCAPTION><\/FIGURE><\/a><a id=\"gg-291-8881\" class=\"gg-link \" data-attachment-id=\"13746\" href=\"https:\/\/veloclubfaumont.fr\/wp-content\/uploads\/2019\/02\/GILLESC.jpg?gid=291\" target=\"_self\" title=\"GILLESC\" data-rel=\"prettyPhoto[pp_gal]\" style=\"border-radius:0px;\" ><FIGURE class=\"grid-gallery-caption\" data-grid-gallery-type=\"quarter-slide-up\" data-index=\"48\" style=\"display:none;border-radius:0px;; margin:5.3px; width:215px;\" ><div class=\"crop\" style=\" width:215px; height:215px; overflow:hidden;\"><img decoding=\"async\" data-gg-real-image-href=\"http:\/\/veloclubfaumont.fr\/wp-content\/uploads\/2019\/02\/GILLESC-215x215.jpg\" src=\"\" class=\"ggImg ggLazyImg\" alt=\"GILLESC\" title=\"GILLESC\" data-description=\"GILLESC\" data-caption=\"GILLESC\" data-title=\"GILLESC\" style=\" width:215px; height:215px;\" \/><\/div><FIGCAPTION class=\"\" data-alpha=\"5\" style=\"color:#ffffff; background-color:#6f0000; font-size:14px; text-align:2; font-family:Default;\" ><div class=\"grid-gallery-figcaption-wrap\" style=\" vertical-align:;\"><\/div><\/FIGCAPTION><\/FIGURE><\/a><a id=\"gg-291-8882\" class=\"gg-link \" data-attachment-id=\"13747\" href=\"https:\/\/veloclubfaumont.fr\/wp-content\/uploads\/2019\/02\/GREG.jpg?gid=291\" target=\"_self\" title=\"GREG\" data-rel=\"prettyPhoto[pp_gal]\" style=\"border-radius:0px;\" ><FIGURE class=\"grid-gallery-caption\" data-grid-gallery-type=\"quarter-slide-up\" data-index=\"49\" style=\"display:none;border-radius:0px;; margin:5.3px; width:215px;\" ><div class=\"crop\" style=\" width:215px; height:215px; overflow:hidden;\"><img decoding=\"async\" data-gg-real-image-href=\"http:\/\/veloclubfaumont.fr\/wp-content\/uploads\/2019\/02\/GREG-215x215.jpg\" src=\"\" class=\"ggImg ggLazyImg\" alt=\"GREG\" title=\"GREG\" data-description=\"GREG\" data-caption=\"GREG\" data-title=\"GREG\" style=\" width:215px; height:215px;\" \/><\/div><FIGCAPTION class=\"\" data-alpha=\"5\" style=\"color:#ffffff; background-color:#6f0000; font-size:14px; text-align:2; font-family:Default;\" ><div class=\"grid-gallery-figcaption-wrap\" style=\" vertical-align:;\"><\/div><\/FIGCAPTION><\/FIGURE><\/a><a id=\"gg-291-8883\" class=\"gg-link \" data-attachment-id=\"13748\" href=\"https:\/\/veloclubfaumont.fr\/wp-content\/uploads\/2019\/02\/GUILLAUME.jpg?gid=291\" target=\"_self\" title=\"GUILLAUME\" data-rel=\"prettyPhoto[pp_gal]\" style=\"border-radius:0px;\" ><FIGURE class=\"grid-gallery-caption\" data-grid-gallery-type=\"quarter-slide-up\" data-index=\"50\" style=\"display:none;border-radius:0px;; margin:5.3px; width:215px;\" ><div class=\"crop\" style=\" width:215px; height:215px; overflow:hidden;\"><img decoding=\"async\" data-gg-real-image-href=\"http:\/\/veloclubfaumont.fr\/wp-content\/uploads\/2019\/02\/GUILLAUME-215x215.jpg\" src=\"\" class=\"ggImg ggLazyImg\" alt=\"GUILLAUME\" title=\"GUILLAUME\" data-description=\"GUILLAUME\" data-caption=\"GUILLAUME\" data-title=\"GUILLAUME\" style=\" width:215px; height:215px;\" \/><\/div><FIGCAPTION class=\"\" data-alpha=\"5\" style=\"color:#ffffff; background-color:#6f0000; font-size:14px; text-align:2; font-family:Default;\" ><div class=\"grid-gallery-figcaption-wrap\" style=\" vertical-align:;\"><\/div><\/FIGCAPTION><\/FIGURE><\/a><a id=\"gg-291-8884\" class=\"gg-link \" data-attachment-id=\"13749\" href=\"https:\/\/veloclubfaumont.fr\/wp-content\/uploads\/2019\/02\/JCV.jpg?gid=291\" target=\"_self\" title=\"JCV\" data-rel=\"prettyPhoto[pp_gal]\" style=\"border-radius:0px;\" ><FIGURE class=\"grid-gallery-caption\" data-grid-gallery-type=\"quarter-slide-up\" data-index=\"51\" style=\"display:none;border-radius:0px;; margin:5.3px; width:215px;\" ><div class=\"crop\" style=\" width:215px; height:215px; overflow:hidden;\"><img decoding=\"async\" data-gg-real-image-href=\"http:\/\/veloclubfaumont.fr\/wp-content\/uploads\/2019\/02\/JCV-215x215.jpg\" src=\"\" class=\"ggImg ggLazyImg\" alt=\"JCV\" title=\"JCV\" data-description=\"JCV\" data-caption=\"JCV\" data-title=\"JCV\" style=\" width:215px; height:215px;\" \/><\/div><FIGCAPTION class=\"\" data-alpha=\"5\" style=\"color:#ffffff; background-color:#6f0000; font-size:14px; text-align:2; font-family:Default;\" ><div class=\"grid-gallery-figcaption-wrap\" style=\" vertical-align:;\"><\/div><\/FIGCAPTION><\/FIGURE><\/a><a id=\"gg-291-8885\" class=\"gg-link \" data-attachment-id=\"13750\" href=\"https:\/\/veloclubfaumont.fr\/wp-content\/uploads\/2019\/02\/JLO.jpg?gid=291\" target=\"_self\" title=\"JLO\" data-rel=\"prettyPhoto[pp_gal]\" style=\"border-radius:0px;\" ><FIGURE class=\"grid-gallery-caption\" data-grid-gallery-type=\"quarter-slide-up\" data-index=\"52\" style=\"display:none;border-radius:0px;; margin:5.3px; width:215px;\" ><div class=\"crop\" style=\" width:215px; height:215px; overflow:hidden;\"><img decoding=\"async\" data-gg-real-image-href=\"http:\/\/veloclubfaumont.fr\/wp-content\/uploads\/2019\/02\/JLO-215x215.jpg\" src=\"\" class=\"ggImg ggLazyImg\" alt=\"JLO\" title=\"JLO\" data-description=\"JLO\" data-caption=\"JLO\" data-title=\"JLO\" style=\" width:215px; height:215px;\" \/><\/div><FIGCAPTION class=\"\" data-alpha=\"5\" style=\"color:#ffffff; background-color:#6f0000; font-size:14px; text-align:2; font-family:Default;\" ><div class=\"grid-gallery-figcaption-wrap\" style=\" vertical-align:;\"><\/div><\/FIGCAPTION><\/FIGURE><\/a><a id=\"gg-291-8886\" class=\"gg-link \" data-attachment-id=\"13751\" href=\"https:\/\/veloclubfaumont.fr\/wp-content\/uploads\/2019\/02\/JOHANN.jpg?gid=291\" target=\"_self\" title=\"JOHANN\" data-rel=\"prettyPhoto[pp_gal]\" style=\"border-radius:0px;\" ><FIGURE class=\"grid-gallery-caption\" data-grid-gallery-type=\"quarter-slide-up\" data-index=\"53\" style=\"display:none;border-radius:0px;; margin:5.3px; width:215px;\" ><div class=\"crop\" style=\" width:215px; height:215px; overflow:hidden;\"><img decoding=\"async\" data-gg-real-image-href=\"http:\/\/veloclubfaumont.fr\/wp-content\/uploads\/2019\/02\/JOHANN-215x215.jpg\" src=\"\" class=\"ggImg ggLazyImg\" alt=\"JOHANN\" title=\"JOHANN\" data-description=\"JOHANN\" data-caption=\"JOHANN\" data-title=\"JOHANN\" style=\" width:215px; height:215px;\" \/><\/div><FIGCAPTION class=\"\" data-alpha=\"5\" style=\"color:#ffffff; background-color:#6f0000; font-size:14px; text-align:2; font-family:Default;\" ><div class=\"grid-gallery-figcaption-wrap\" style=\" vertical-align:;\"><\/div><\/FIGCAPTION><\/FIGURE><\/a><a id=\"gg-291-8887\" class=\"gg-link \" data-attachment-id=\"13752\" href=\"https:\/\/veloclubfaumont.fr\/wp-content\/uploads\/2019\/02\/LAURENT.jpg?gid=291\" target=\"_self\" title=\"LAURENT\" data-rel=\"prettyPhoto[pp_gal]\" style=\"border-radius:0px;\" ><FIGURE class=\"grid-gallery-caption\" data-grid-gallery-type=\"quarter-slide-up\" data-index=\"54\" style=\"display:none;border-radius:0px;; margin:5.3px; width:215px;\" ><div class=\"crop\" style=\" width:215px; height:215px; overflow:hidden;\"><img decoding=\"async\" data-gg-real-image-href=\"http:\/\/veloclubfaumont.fr\/wp-content\/uploads\/2019\/02\/LAURENT-215x215.jpg\" src=\"\" class=\"ggImg ggLazyImg\" alt=\"LAURENT\" title=\"LAURENT\" data-description=\"LAURENT\" data-caption=\"LAURENT\" data-title=\"LAURENT\" style=\" width:215px; height:215px;\" \/><\/div><FIGCAPTION class=\"\" data-alpha=\"5\" style=\"color:#ffffff; background-color:#6f0000; font-size:14px; text-align:2; font-family:Default;\" ><div class=\"grid-gallery-figcaption-wrap\" style=\" vertical-align:;\"><\/div><\/FIGCAPTION><\/FIGURE><\/a><a id=\"gg-291-8888\" class=\"gg-link \" data-attachment-id=\"13753\" href=\"https:\/\/veloclubfaumont.fr\/wp-content\/uploads\/2019\/02\/MARC.jpg?gid=291\" target=\"_self\" title=\"MARC\" data-rel=\"prettyPhoto[pp_gal]\" style=\"border-radius:0px;\" ><FIGURE class=\"grid-gallery-caption\" data-grid-gallery-type=\"quarter-slide-up\" data-index=\"55\" style=\"display:none;border-radius:0px;; margin:5.3px; width:215px;\" ><div class=\"crop\" style=\" width:215px; height:215px; overflow:hidden;\"><img decoding=\"async\" data-gg-real-image-href=\"http:\/\/veloclubfaumont.fr\/wp-content\/uploads\/2019\/02\/MARC-215x215.jpg\" src=\"\" class=\"ggImg ggLazyImg\" alt=\"MARC\" title=\"MARC\" data-description=\"MARC\" data-caption=\"MARC\" data-title=\"MARC\" style=\" width:215px; height:215px;\" \/><\/div><FIGCAPTION class=\"\" data-alpha=\"5\" style=\"color:#ffffff; background-color:#6f0000; font-size:14px; text-align:2; font-family:Default;\" ><div class=\"grid-gallery-figcaption-wrap\" style=\" vertical-align:;\"><\/div><\/FIGCAPTION><\/FIGURE><\/a><a id=\"gg-291-8889\" class=\"gg-link \" data-attachment-id=\"13754\" href=\"https:\/\/veloclubfaumont.fr\/wp-content\/uploads\/2019\/02\/NICOLAS.jpg?gid=291\" target=\"_self\" title=\"NICOLAS\" data-rel=\"prettyPhoto[pp_gal]\" style=\"border-radius:0px;\" ><FIGURE class=\"grid-gallery-caption\" data-grid-gallery-type=\"quarter-slide-up\" data-index=\"56\" style=\"display:none;border-radius:0px;; margin:5.3px; width:215px;\" ><div class=\"crop\" style=\" width:215px; height:215px; overflow:hidden;\"><img decoding=\"async\" data-gg-real-image-href=\"http:\/\/veloclubfaumont.fr\/wp-content\/uploads\/2019\/02\/NICOLAS-215x215.jpg\" src=\"\" class=\"ggImg ggLazyImg\" alt=\"NICOLAS\" title=\"NICOLAS\" data-description=\"NICOLAS\" data-caption=\"NICOLAS\" data-title=\"NICOLAS\" style=\" width:215px; height:215px;\" \/><\/div><FIGCAPTION class=\"\" data-alpha=\"5\" style=\"color:#ffffff; background-color:#6f0000; font-size:14px; text-align:2; font-family:Default;\" ><div class=\"grid-gallery-figcaption-wrap\" style=\" vertical-align:;\"><\/div><\/FIGCAPTION><\/FIGURE><\/a><a id=\"gg-291-8890\" class=\"gg-link \" data-attachment-id=\"13755\" href=\"https:\/\/veloclubfaumont.fr\/wp-content\/uploads\/2019\/02\/OLIVIER.jpg?gid=291\" target=\"_self\" title=\"OLIVIER\" data-rel=\"prettyPhoto[pp_gal]\" style=\"border-radius:0px;\" ><FIGURE class=\"grid-gallery-caption\" data-grid-gallery-type=\"quarter-slide-up\" data-index=\"57\" style=\"display:none;border-radius:0px;; margin:5.3px; width:215px;\" ><div class=\"crop\" style=\" width:215px; height:215px; overflow:hidden;\"><img decoding=\"async\" data-gg-real-image-href=\"http:\/\/veloclubfaumont.fr\/wp-content\/uploads\/2019\/02\/OLIVIER-215x215.jpg\" src=\"\" class=\"ggImg ggLazyImg\" alt=\"OLIVIER\" title=\"OLIVIER\" data-description=\"OLIVIER\" data-caption=\"OLIVIER\" data-title=\"OLIVIER\" style=\" width:215px; height:215px;\" \/><\/div><FIGCAPTION class=\"\" data-alpha=\"5\" style=\"color:#ffffff; background-color:#6f0000; font-size:14px; text-align:2; font-family:Default;\" ><div class=\"grid-gallery-figcaption-wrap\" style=\" vertical-align:;\"><\/div><\/FIGCAPTION><\/FIGURE><\/a><a id=\"gg-291-8891\" class=\"gg-link \" data-attachment-id=\"13756\" href=\"https:\/\/veloclubfaumont.fr\/wp-content\/uploads\/2019\/02\/OLIVIERM.jpg?gid=291\" target=\"_self\" title=\"OLIVIERM\" data-rel=\"prettyPhoto[pp_gal]\" style=\"border-radius:0px;\" ><FIGURE class=\"grid-gallery-caption\" data-grid-gallery-type=\"quarter-slide-up\" data-index=\"58\" style=\"display:none;border-radius:0px;; margin:5.3px; width:215px;\" ><div class=\"crop\" style=\" width:215px; height:215px; overflow:hidden;\"><img decoding=\"async\" data-gg-real-image-href=\"http:\/\/veloclubfaumont.fr\/wp-content\/uploads\/2019\/02\/OLIVIERM-215x215.jpg\" src=\"\" class=\"ggImg ggLazyImg\" alt=\"OLIVIERM\" title=\"OLIVIERM\" data-description=\"OLIVIERM\" data-caption=\"OLIVIERM\" data-title=\"OLIVIERM\" style=\" width:215px; height:215px;\" \/><\/div><FIGCAPTION class=\"\" data-alpha=\"5\" style=\"color:#ffffff; background-color:#6f0000; font-size:14px; text-align:2; font-family:Default;\" ><div class=\"grid-gallery-figcaption-wrap\" style=\" vertical-align:;\"><\/div><\/FIGCAPTION><\/FIGURE><\/a><a id=\"gg-291-8892\" class=\"gg-link \" data-attachment-id=\"13757\" href=\"https:\/\/veloclubfaumont.fr\/wp-content\/uploads\/2019\/02\/PATRICK.jpg?gid=291\" target=\"_self\" title=\"PATRICK\" data-rel=\"prettyPhoto[pp_gal]\" style=\"border-radius:0px;\" ><FIGURE class=\"grid-gallery-caption\" data-grid-gallery-type=\"quarter-slide-up\" data-index=\"59\" style=\"display:none;border-radius:0px;; margin:5.3px; width:215px;\" ><div class=\"crop\" style=\" width:215px; height:215px; overflow:hidden;\"><img decoding=\"async\" data-gg-real-image-href=\"http:\/\/veloclubfaumont.fr\/wp-content\/uploads\/2019\/02\/PATRICK-215x215.jpg\" src=\"\" class=\"ggImg ggLazyImg\" alt=\"PATRICK\" title=\"PATRICK\" data-description=\"PATRICK\" data-caption=\"PATRICK\" data-title=\"PATRICK\" style=\" width:215px; height:215px;\" \/><\/div><FIGCAPTION class=\"\" data-alpha=\"5\" style=\"color:#ffffff; background-color:#6f0000; font-size:14px; text-align:2; font-family:Default;\" ><div class=\"grid-gallery-figcaption-wrap\" style=\" vertical-align:;\"><\/div><\/FIGCAPTION><\/FIGURE><\/a><a id=\"gg-291-8893\" class=\"gg-link \" data-attachment-id=\"13758\" href=\"https:\/\/veloclubfaumont.fr\/wp-content\/uploads\/2019\/02\/PHIL.jpg?gid=291\" target=\"_self\" title=\"PHIL\" data-rel=\"prettyPhoto[pp_gal]\" style=\"border-radius:0px;\" ><FIGURE class=\"grid-gallery-caption\" data-grid-gallery-type=\"quarter-slide-up\" data-index=\"60\" style=\"display:none;border-radius:0px;; margin:5.3px; width:215px;\" ><div class=\"crop\" style=\" width:215px; height:215px; overflow:hidden;\"><img decoding=\"async\" data-gg-real-image-href=\"http:\/\/veloclubfaumont.fr\/wp-content\/uploads\/2019\/02\/PHIL-215x215.jpg\" src=\"\" class=\"ggImg ggLazyImg\" alt=\"PHIL\" title=\"PHIL\" data-description=\"PHIL\" data-caption=\"PHIL\" data-title=\"PHIL\" style=\" width:215px; height:215px;\" \/><\/div><FIGCAPTION class=\"\" data-alpha=\"5\" style=\"color:#ffffff; background-color:#6f0000; font-size:14px; text-align:2; font-family:Default;\" ><div class=\"grid-gallery-figcaption-wrap\" style=\" vertical-align:;\"><\/div><\/FIGCAPTION><\/FIGURE><\/a><a id=\"gg-291-8894\" class=\"gg-link \" data-attachment-id=\"13759\" href=\"https:\/\/veloclubfaumont.fr\/wp-content\/uploads\/2019\/02\/RICHARD.jpg?gid=291\" target=\"_self\" title=\"RICHARD\" data-rel=\"prettyPhoto[pp_gal]\" style=\"border-radius:0px;\" ><FIGURE class=\"grid-gallery-caption\" data-grid-gallery-type=\"quarter-slide-up\" data-index=\"61\" style=\"display:none;border-radius:0px;; margin:5.3px; width:215px;\" ><div class=\"crop\" style=\" width:215px; height:215px; overflow:hidden;\"><img decoding=\"async\" data-gg-real-image-href=\"http:\/\/veloclubfaumont.fr\/wp-content\/uploads\/2019\/02\/RICHARD-215x215.jpg\" src=\"\" class=\"ggImg ggLazyImg\" alt=\"RICHARD\" title=\"RICHARD\" data-description=\"RICHARD\" data-caption=\"RICHARD\" data-title=\"RICHARD\" style=\" width:215px; height:215px;\" \/><\/div><FIGCAPTION class=\"\" data-alpha=\"5\" style=\"color:#ffffff; background-color:#6f0000; font-size:14px; text-align:2; font-family:Default;\" ><div class=\"grid-gallery-figcaption-wrap\" style=\" vertical-align:;\"><\/div><\/FIGCAPTION><\/FIGURE><\/a><a id=\"gg-291-8895\" class=\"gg-link \" data-attachment-id=\"13760\" href=\"https:\/\/veloclubfaumont.fr\/wp-content\/uploads\/2019\/02\/STEPH.jpg?gid=291\" target=\"_self\" title=\"STEPH\" data-rel=\"prettyPhoto[pp_gal]\" style=\"border-radius:0px;\" ><FIGURE class=\"grid-gallery-caption\" data-grid-gallery-type=\"quarter-slide-up\" data-index=\"62\" style=\"display:none;border-radius:0px;; margin:5.3px; width:215px;\" ><div class=\"crop\" style=\" width:215px; height:215px; overflow:hidden;\"><img decoding=\"async\" data-gg-real-image-href=\"http:\/\/veloclubfaumont.fr\/wp-content\/uploads\/2019\/02\/STEPH-215x215.jpg\" src=\"\" class=\"ggImg ggLazyImg\" alt=\"STEPH\" title=\"STEPH\" data-description=\"STEPH\" data-caption=\"STEPH\" data-title=\"STEPH\" style=\" width:215px; height:215px;\" \/><\/div><FIGCAPTION class=\"\" data-alpha=\"5\" style=\"color:#ffffff; background-color:#6f0000; font-size:14px; text-align:2; font-family:Default;\" ><div class=\"grid-gallery-figcaption-wrap\" style=\" vertical-align:;\"><\/div><\/FIGCAPTION><\/FIGURE><\/a><a id=\"gg-291-8896\" class=\"gg-link \" data-attachment-id=\"13761\" href=\"https:\/\/veloclubfaumont.fr\/wp-content\/uploads\/2019\/02\/SYLVAIN.jpg?gid=291\" target=\"_self\" title=\"SYLVAIN\" data-rel=\"prettyPhoto[pp_gal]\" style=\"border-radius:0px;\" ><FIGURE class=\"grid-gallery-caption\" data-grid-gallery-type=\"quarter-slide-up\" data-index=\"63\" style=\"display:none;border-radius:0px;; margin:5.3px; width:215px;\" ><div class=\"crop\" style=\" width:215px; height:215px; overflow:hidden;\"><img decoding=\"async\" data-gg-real-image-href=\"http:\/\/veloclubfaumont.fr\/wp-content\/uploads\/2019\/02\/SYLVAIN-215x215.jpg\" src=\"\" class=\"ggImg ggLazyImg\" alt=\"SYLVAIN\" title=\"SYLVAIN\" data-description=\"SYLVAIN\" data-caption=\"SYLVAIN\" data-title=\"SYLVAIN\" style=\" width:215px; height:215px;\" \/><\/div><FIGCAPTION class=\"\" data-alpha=\"5\" style=\"color:#ffffff; background-color:#6f0000; font-size:14px; text-align:2; font-family:Default;\" ><div class=\"grid-gallery-figcaption-wrap\" style=\" vertical-align:;\"><\/div><\/FIGCAPTION><\/FIGURE><\/a><a id=\"gg-291-8897\" class=\"gg-link \" data-attachment-id=\"13762\" href=\"https:\/\/veloclubfaumont.fr\/wp-content\/uploads\/2019\/02\/VAL.jpg?gid=291\" target=\"_self\" title=\"VAL\" data-rel=\"prettyPhoto[pp_gal]\" style=\"border-radius:0px;\" ><FIGURE class=\"grid-gallery-caption\" data-grid-gallery-type=\"quarter-slide-up\" data-index=\"64\" style=\"display:none;border-radius:0px;; margin:5.3px; width:215px;\" ><div class=\"crop\" style=\" width:215px; height:215px; overflow:hidden;\"><img decoding=\"async\" data-gg-real-image-href=\"http:\/\/veloclubfaumont.fr\/wp-content\/uploads\/2019\/02\/VAL-215x215.jpg\" src=\"\" class=\"ggImg ggLazyImg\" alt=\"VAL\" title=\"VAL\" data-description=\"VAL\" data-caption=\"VAL\" data-title=\"VAL\" style=\" width:215px; height:215px;\" \/><\/div><FIGCAPTION class=\"\" data-alpha=\"5\" style=\"color:#ffffff; background-color:#6f0000; font-size:14px; text-align:2; font-family:Default;\" ><div class=\"grid-gallery-figcaption-wrap\" style=\" vertical-align:;\"><\/div><\/FIGCAPTION><\/FIGURE><\/a><a id=\"gg-291-8898\" class=\"gg-link \" data-attachment-id=\"13763\" href=\"https:\/\/veloclubfaumont.fr\/wp-content\/uploads\/2019\/02\/VINCENTD.jpg?gid=291\" target=\"_self\" title=\"VINCENTD\" data-rel=\"prettyPhoto[pp_gal]\" style=\"border-radius:0px;\" ><FIGURE class=\"grid-gallery-caption\" data-grid-gallery-type=\"quarter-slide-up\" data-index=\"65\" style=\"display:none;border-radius:0px;; margin:5.3px; width:215px;\" ><div class=\"crop\" style=\" width:215px; height:215px; overflow:hidden;\"><img decoding=\"async\" data-gg-real-image-href=\"http:\/\/veloclubfaumont.fr\/wp-content\/uploads\/2019\/02\/VINCENTD-215x215.jpg\" src=\"\" class=\"ggImg ggLazyImg\" alt=\"VINCENTD\" title=\"VINCENTD\" data-description=\"VINCENTD\" data-caption=\"VINCENTD\" data-title=\"VINCENTD\" style=\" width:215px; height:215px;\" \/><\/div><FIGCAPTION class=\"\" data-alpha=\"5\" style=\"color:#ffffff; background-color:#6f0000; font-size:14px; text-align:2; font-family:Default;\" ><div class=\"grid-gallery-figcaption-wrap\" style=\" vertical-align:;\"><\/div><\/FIGCAPTION><\/FIGURE><\/a><a id=\"gg-291-8899\" class=\"gg-link \" data-attachment-id=\"13764\" href=\"https:\/\/veloclubfaumont.fr\/wp-content\/uploads\/2019\/02\/VINCENTL.jpg?gid=291\" target=\"_self\" title=\"VINCENTL\" data-rel=\"prettyPhoto[pp_gal]\" style=\"border-radius:0px;\" ><FIGURE class=\"grid-gallery-caption\" data-grid-gallery-type=\"quarter-slide-up\" data-index=\"66\" style=\"display:none;border-radius:0px;; margin:5.3px; width:215px;\" ><div class=\"crop\" style=\" width:215px; height:215px; overflow:hidden;\"><img decoding=\"async\" data-gg-real-image-href=\"http:\/\/veloclubfaumont.fr\/wp-content\/uploads\/2019\/02\/VINCENTL-215x215.jpg\" src=\"\" class=\"ggImg ggLazyImg\" alt=\"VINCENTL\" title=\"VINCENTL\" data-description=\"VINCENTL\" data-caption=\"VINCENTL\" data-title=\"VINCENTL\" style=\" width:215px; height:215px;\" \/><\/div><FIGCAPTION class=\"\" data-alpha=\"5\" style=\"color:#ffffff; background-color:#6f0000; font-size:14px; text-align:2; font-family:Default;\" ><div class=\"grid-gallery-figcaption-wrap\" style=\" vertical-align:;\"><\/div><\/FIGCAPTION><\/FIGURE><\/a> <div class=\"grid-gallery-clearfix\"><\/div> <\/div> <div class=\"gallery-sharing-bottom\"><\/div> <div class=\"grid-gallery-clearfix\"><\/div> <\/div> <!-- Gallery by Supsystic plugin1.15.12 --><\/p>\n","protected":false},"excerpt":{"rendered":"<p>Ce matin, apr\u00e8s l&rsquo;AG de la veille et notre Chicon Bike Tour boucl\u00e9, il \u00e9tait temps que le VC Faumont fasse enfin sa reprise officielle. Comme traditionnellement, le groupe se&#8230;<\/p>\n","protected":false},"author":1,"featured_media":13724,"comment_status":"open","ping_status":"open","sticky":false,"template":"","format":"standard","meta":{"ngg_post_thumbnail":0,"jetpack_post_was_ever_published":false,"_jetpack_newsletter_access":"","two_page_speed":[],"footnotes":"","jetpack_publicize_message":"","jetpack_is_tweetstorm":false,"jetpack_publicize_feature_enabled":true,"jetpack_social_post_already_shared":true,"jetpack_social_options":{"image_generator_settings":{"template":"highway","enabled":false}}},"categories":[3,2,16,28,10],"tags":[],"class_list":["post-13727","post","type-post","status-publish","format-standard","has-post-thumbnail","hentry","category-evenements","category-randonnees-exterieures","category-randos-exterieures-cyclos","category-sorties-2019","category-vie-du-club"],"jetpack_publicize_connections":[],"jetpack_featured_media_url":"https:\/\/veloclubfaumont.fr\/wp-content\/uploads\/2019\/02\/DSC_02410.jpg","jetpack_sharing_enabled":true,"jetpack_shortlink":"https:\/\/wp.me\/p8bXJp-3zp","_links":{"self":[{"href":"https:\/\/veloclubfaumont.fr\/index.php\/wp-json\/wp\/v2\/posts\/13727","targetHints":{"allow":["GET"]}}],"collection":[{"href":"https:\/\/veloclubfaumont.fr\/index.php\/wp-json\/wp\/v2\/posts"}],"about":[{"href":"https:\/\/veloclubfaumont.fr\/index.php\/wp-json\/wp\/v2\/types\/post"}],"author":[{"embeddable":true,"href":"https:\/\/veloclubfaumont.fr\/index.php\/wp-json\/wp\/v2\/users\/1"}],"replies":[{"embeddable":true,"href":"https:\/\/veloclubfaumont.fr\/index.php\/wp-json\/wp\/v2\/comments?post=13727"}],"version-history":[{"count":0,"href":"https:\/\/veloclubfaumont.fr\/index.php\/wp-json\/wp\/v2\/posts\/13727\/revisions"}],"wp:featuredmedia":[{"embeddable":true,"href":"https:\/\/veloclubfaumont.fr\/index.php\/wp-json\/wp\/v2\/media\/13724"}],"wp:attachment":[{"href":"https:\/\/veloclubfaumont.fr\/index.php\/wp-json\/wp\/v2\/media?parent=13727"}],"wp:term":[{"taxonomy":"category","embeddable":true,"href":"https:\/\/veloclubfaumont.fr\/index.php\/wp-json\/wp\/v2\/categories?post=13727"},{"taxonomy":"post_tag","embeddable":true,"href":"https:\/\/veloclubfaumont.fr\/index.php\/wp-json\/wp\/v2\/tags?post=13727"}],"curies":[{"name":"wp","href":"https:\/\/api.w.org\/{rel}","templated":true}]}}