{"id":17875,"date":"2020-03-11T09:57:58","date_gmt":"2020-03-11T08:57:58","guid":{"rendered":"http:\/\/veloclubfaumont.fr\/?p=17875"},"modified":"2020-03-11T10:00:13","modified_gmt":"2020-03-11T09:00:13","slug":"mons-en-pevele-2020","status":"publish","type":"post","link":"https:\/\/veloclubfaumont.fr\/index.php\/2020\/03\/11\/mons-en-pevele-2020\/","title":{"rendered":"Mons en P\u00e9v\u00e8le 2020"},"content":{"rendered":"<p style=\"text-align: justify;\">Dimanche dernier, les cyclos et les VTT du VCF sont all\u00e9s rouler chez nos voisins de Mons en P\u00e9v\u00e8le. Le soleil de la veille sera h\u00e9las plus au rendez-vous, avec donc retour une nouvelle fois des nuages, du vent et m\u00eame un peu de pluie en milieu de matin\u00e9e. Jean-Louis nous donne son avis sur le grand parcours VTT.<\/p>\n<p style=\"text-align: center;\"><a href=\"https:\/\/veloclubfaumont.fr\/2020_0308_095058_014-mp4_snapshot_04-35_2020-03-11_09-24-35\/\"><img loading=\"lazy\" decoding=\"async\" class=\"aligncenter size-full wp-image-17869\" src=\"https:\/\/veloclubfaumont.fr\/wp-content\/uploads\/2020\/03\/2020_0308_095058_014.MP4_snapshot_04.35_2020.03.11_09.24.35.jpg\" alt=\"\" width=\"1920\" height=\"1080\" srcset=\"https:\/\/veloclubfaumont.fr\/wp-content\/uploads\/2020\/03\/2020_0308_095058_014.MP4_snapshot_04.35_2020.03.11_09.24.35.jpg 1920w, https:\/\/veloclubfaumont.fr\/wp-content\/uploads\/2020\/03\/2020_0308_095058_014.MP4_snapshot_04.35_2020.03.11_09.24.35-300x169.jpg 300w, https:\/\/veloclubfaumont.fr\/wp-content\/uploads\/2020\/03\/2020_0308_095058_014.MP4_snapshot_04.35_2020.03.11_09.24.35-1024x576.jpg 1024w, https:\/\/veloclubfaumont.fr\/wp-content\/uploads\/2020\/03\/2020_0308_095058_014.MP4_snapshot_04.35_2020.03.11_09.24.35-768x432.jpg 768w, https:\/\/veloclubfaumont.fr\/wp-content\/uploads\/2020\/03\/2020_0308_095058_014.MP4_snapshot_04.35_2020.03.11_09.24.35-1536x864.jpg 1536w, https:\/\/veloclubfaumont.fr\/wp-content\/uploads\/2020\/03\/2020_0308_095058_014.MP4_snapshot_04.35_2020.03.11_09.24.35-777x437.jpg 777w, https:\/\/veloclubfaumont.fr\/wp-content\/uploads\/2020\/03\/2020_0308_095058_014.MP4_snapshot_04.35_2020.03.11_09.24.35-260x146.jpg 260w, https:\/\/veloclubfaumont.fr\/wp-content\/uploads\/2020\/03\/2020_0308_095058_014.MP4_snapshot_04.35_2020.03.11_09.24.35-120x67.jpg 120w\" sizes=\"auto, (max-width: 1920px) 100vw, 1920px\" \/><\/a><em>des passages encore fort humides dans la for\u00eat de Phalempin !<\/em><\/p>\n<p style=\"text-align: justify;\">Agr\u00e9ablement surpris par la Transpeveloise que j&rsquo;avais zapp\u00e9 depuis quelques ann\u00e9es (pr\u00e9f\u00e9rant aller me changer les id\u00e9es du c\u00f4t\u00e9 de Qu\u00e9ant). En effet, je savais qu&rsquo;on irait se balader du c\u00f4t\u00e9 des marais de Fretin, mais j&rsquo;ignorais qu&rsquo;on passerait d&rsquo;abord par la for\u00eat de Phalempin. Certes, c&rsquo;\u00e9tait encore plein de berdoule, avec quelques arbres tomb\u00e9s \u00e0 terre en prime et rouler dans de telles conditions \u00e9tait souvent hasardeux&#8230; mais aucune chute malgr\u00e9 quelques belle<span class=\"text_exposed_show\">s glissades. Me suis donc <span id=\"u_ps_jsonp_39_5_c\" class=\"_ezo\">bien amus\u00e9<\/span>&#8230; <span class=\"_47e3 _5mfr\" title=\"\u00e9motic\u00f4ne smile\"><img loading=\"lazy\" decoding=\"async\" class=\"img\" role=\"presentation\" src=\"https:\/\/static.xx.fbcdn.net\/images\/emoji.php\/v9\/ta5\/1.5\/16\/1f642.png\" alt=\"\" width=\"16\" height=\"16\"><span class=\"_7oe\" aria-hidden=\"true\">\ud83d\ude42<\/span><\/span> <\/span><\/p>\n<p style=\"text-align: center;\"><a href=\"https:\/\/veloclubfaumont.fr\/2020_0308_100559_015-mp4_snapshot_02-15_2020-03-11_09-26-32\/\"><img loading=\"lazy\" decoding=\"async\" class=\"aligncenter size-full wp-image-17871\" src=\"https:\/\/veloclubfaumont.fr\/wp-content\/uploads\/2020\/03\/2020_0308_100559_015.MP4_snapshot_02.15_2020.03.11_09.26.32.jpg\" alt=\"\" width=\"1920\" height=\"1080\" srcset=\"https:\/\/veloclubfaumont.fr\/wp-content\/uploads\/2020\/03\/2020_0308_100559_015.MP4_snapshot_02.15_2020.03.11_09.26.32.jpg 1920w, https:\/\/veloclubfaumont.fr\/wp-content\/uploads\/2020\/03\/2020_0308_100559_015.MP4_snapshot_02.15_2020.03.11_09.26.32-300x169.jpg 300w, https:\/\/veloclubfaumont.fr\/wp-content\/uploads\/2020\/03\/2020_0308_100559_015.MP4_snapshot_02.15_2020.03.11_09.26.32-1024x576.jpg 1024w, https:\/\/veloclubfaumont.fr\/wp-content\/uploads\/2020\/03\/2020_0308_100559_015.MP4_snapshot_02.15_2020.03.11_09.26.32-768x432.jpg 768w, https:\/\/veloclubfaumont.fr\/wp-content\/uploads\/2020\/03\/2020_0308_100559_015.MP4_snapshot_02.15_2020.03.11_09.26.32-1536x864.jpg 1536w, https:\/\/veloclubfaumont.fr\/wp-content\/uploads\/2020\/03\/2020_0308_100559_015.MP4_snapshot_02.15_2020.03.11_09.26.32-777x437.jpg 777w, https:\/\/veloclubfaumont.fr\/wp-content\/uploads\/2020\/03\/2020_0308_100559_015.MP4_snapshot_02.15_2020.03.11_09.26.32-260x146.jpg 260w, https:\/\/veloclubfaumont.fr\/wp-content\/uploads\/2020\/03\/2020_0308_100559_015.MP4_snapshot_02.15_2020.03.11_09.26.32-120x67.jpg 120w\" sizes=\"auto, (max-width: 1920px) 100vw, 1920px\" \/><\/a><em> une for\u00eat toujours aussi sympathique malgr\u00e9 la forte humidit\u00e9 ambiante<br \/>\n<\/em><\/p>\n<p style=\"text-align: justify;\"><span class=\"text_exposed_show\">Ensuite, on empruntera quelques chemins peu usit\u00e9s par les randos locales. Cool. Les pav\u00e9s et les chemins agricoles seront h\u00e9las eux aussi gorg\u00e9s d&rsquo;eau avec de belles flaques et des passages fort gadoueux. <\/span><\/p>\n<p style=\"text-align: center;\"><a href=\"https:\/\/veloclubfaumont.fr\/2020_0308_103942_016-mp4_snapshot_00-33_2020-03-11_09-28-34\/\"><img loading=\"lazy\" decoding=\"async\" class=\"aligncenter size-full wp-image-17872\" src=\"https:\/\/veloclubfaumont.fr\/wp-content\/uploads\/2020\/03\/2020_0308_103942_016.MP4_snapshot_00.33_2020.03.11_09.28.34.jpg\" alt=\"\" width=\"1920\" height=\"1080\" srcset=\"https:\/\/veloclubfaumont.fr\/wp-content\/uploads\/2020\/03\/2020_0308_103942_016.MP4_snapshot_00.33_2020.03.11_09.28.34.jpg 1920w, https:\/\/veloclubfaumont.fr\/wp-content\/uploads\/2020\/03\/2020_0308_103942_016.MP4_snapshot_00.33_2020.03.11_09.28.34-300x169.jpg 300w, https:\/\/veloclubfaumont.fr\/wp-content\/uploads\/2020\/03\/2020_0308_103942_016.MP4_snapshot_00.33_2020.03.11_09.28.34-1024x576.jpg 1024w, https:\/\/veloclubfaumont.fr\/wp-content\/uploads\/2020\/03\/2020_0308_103942_016.MP4_snapshot_00.33_2020.03.11_09.28.34-768x432.jpg 768w, https:\/\/veloclubfaumont.fr\/wp-content\/uploads\/2020\/03\/2020_0308_103942_016.MP4_snapshot_00.33_2020.03.11_09.28.34-1536x864.jpg 1536w, https:\/\/veloclubfaumont.fr\/wp-content\/uploads\/2020\/03\/2020_0308_103942_016.MP4_snapshot_00.33_2020.03.11_09.28.34-777x437.jpg 777w, https:\/\/veloclubfaumont.fr\/wp-content\/uploads\/2020\/03\/2020_0308_103942_016.MP4_snapshot_00.33_2020.03.11_09.28.34-260x146.jpg 260w, https:\/\/veloclubfaumont.fr\/wp-content\/uploads\/2020\/03\/2020_0308_103942_016.MP4_snapshot_00.33_2020.03.11_09.28.34-120x67.jpg 120w\" sizes=\"auto, (max-width: 1920px) 100vw, 1920px\" \/><\/a><em>premier ravito \u00e0 Avelin<\/em><\/p>\n<p style=\"text-align: justify;\"><span class=\"text_exposed_show\">Les 2 ravitos seront corrects. Pour le fl\u00e9chage, on ne s&rsquo;est pas perdus, mais les pr\u00e9-fl\u00e8ches \u00e9taient souvent mal positionn\u00e9es : soit qu&rsquo;elles n&rsquo;\u00e9taient pas assez en amont soit dans la mauvaise direction (tout droit, juste avant de tourner !!). <\/span><\/p>\n<p style=\"text-align: center;\"><a href=\"https:\/\/veloclubfaumont.fr\/2020_0308_110943_018-mp4_snapshot_11-33_2020-03-11_09-31-44\/\"><img loading=\"lazy\" decoding=\"async\" class=\"aligncenter size-full wp-image-17874\" src=\"https:\/\/veloclubfaumont.fr\/wp-content\/uploads\/2020\/03\/2020_0308_110943_018.MP4_snapshot_11.33_2020.03.11_09.31.44.jpg\" alt=\"\" width=\"1920\" height=\"1080\" srcset=\"https:\/\/veloclubfaumont.fr\/wp-content\/uploads\/2020\/03\/2020_0308_110943_018.MP4_snapshot_11.33_2020.03.11_09.31.44.jpg 1920w, https:\/\/veloclubfaumont.fr\/wp-content\/uploads\/2020\/03\/2020_0308_110943_018.MP4_snapshot_11.33_2020.03.11_09.31.44-300x169.jpg 300w, https:\/\/veloclubfaumont.fr\/wp-content\/uploads\/2020\/03\/2020_0308_110943_018.MP4_snapshot_11.33_2020.03.11_09.31.44-1024x576.jpg 1024w, https:\/\/veloclubfaumont.fr\/wp-content\/uploads\/2020\/03\/2020_0308_110943_018.MP4_snapshot_11.33_2020.03.11_09.31.44-768x432.jpg 768w, https:\/\/veloclubfaumont.fr\/wp-content\/uploads\/2020\/03\/2020_0308_110943_018.MP4_snapshot_11.33_2020.03.11_09.31.44-1536x864.jpg 1536w, https:\/\/veloclubfaumont.fr\/wp-content\/uploads\/2020\/03\/2020_0308_110943_018.MP4_snapshot_11.33_2020.03.11_09.31.44-777x437.jpg 777w, https:\/\/veloclubfaumont.fr\/wp-content\/uploads\/2020\/03\/2020_0308_110943_018.MP4_snapshot_11.33_2020.03.11_09.31.44-260x146.jpg 260w, https:\/\/veloclubfaumont.fr\/wp-content\/uploads\/2020\/03\/2020_0308_110943_018.MP4_snapshot_11.33_2020.03.11_09.31.44-120x67.jpg 120w\" sizes=\"auto, (max-width: 1920px) 100vw, 1920px\" \/><\/a><em>des fl\u00e8ches orange bien visibles mais parfois mal positionn\u00e9es&#8230;<\/em><\/p>\n<p style=\"text-align: justify;\"><span class=\"text_exposed_show\">Malgr\u00e9 cela, malgr\u00e9 la pluie et le vent de face au retour, j&rsquo;ai donc bien appr\u00e9ci\u00e9 cette matin\u00e9e, qui me changeait un peu de tous ces terrils crois\u00e9s r\u00e9cemment. <\/span><\/p>\n<p style=\"text-align: justify;\"><span class=\"text_exposed_show\">Bon, j&rsquo;\u00e9tais rinc\u00e9 \u00e0 la fin, mais content&#8230; et c&rsquo;est le principal !<\/span><\/p>\n<p>JL<\/p>\n<p>PS : pas vu h\u00e9las de photographes officiels sur la rando&#8230;<\/p>\n<p><iframe loading=\"lazy\" class=\"wp-embedded-content\" sandbox=\"allow-scripts\" security=\"restricted\" title=\"Relive Mons en P\u00e9v\u00e8le 2020 : 50km\" src=\"https:\/\/www.relive.cc\/view\/v1vjpVRVYY6\/widget?r=oembed#?secret=3oq2B2qJtK\" data-secret=\"3oq2B2qJtK\" width=\"500\" height=\"391.25\" scrolling=\"no\" frameborder=\"0\"><\/iframe><\/p>\n<p style=\"text-align: center;\"><a href=\"https:\/\/www.strava.com\/activities\/3165241425\" target=\"_blank\" rel=\"noopener noreferrer\">Trace GPS du 50 (en partant de Faumont)<\/a><\/p>\n<p style=\"text-align: center;\"><div id=\"grid-gallery-360-67050\" data-gg-id=\"360\" data-title=\"MEP 2020\" data-grid-type=\"0\" data-offset=\"5.3\" data-area-position=\"center\" data-icons=\"false\" data-preloader=\"true\" data-width=\"215\" data-height=\"215\" data-padding=\"0\" data-quicksand=\"disabled\" data-quicksand-duration=\"1800\" data-popup-theme=\"theme_6\" data-popup-type=\"pretty-photo\" data-popup-image-text=\"data-description\" data-popup-widthsize=\"auto\" data-popup-heightsize=\"auto\" data-popup-i18n-words=\"{&quot;close&quot;:&quot;fermer&quot;,&quot;next&quot;:&quot;suivant&quot;,&quot;previous&quot;:&quot;pr\\u00e9c\\u00e9dent&quot;,&quot;start_slideshow&quot;:&quot;d\\u00e9marrer le diaporama&quot;,&quot;stop_slideshow&quot;:&quot;arr\\u00e9ter le diaporama&quot;,&quot;image&quot;:&quot;image&quot;,&quot;of&quot;:&quot;de&quot;,&quot;prev&quot;:&quot;pr\\u00e9c.&quot;,&quot;cExpand&quot;:&quot;Agrandir&quot;,&quot;cPrevious&quot;:&quot;Pr\\u00e9c\\u00e9dent&quot;,&quot;cNext&quot;:&quot;Suivant&quot;,&quot;cExpandStr&quot;:&quot;Agrandir l&#039;image&quot;,&quot;cRotate&quot;:&quot;Pivoter&quot;,&quot;cDetails&quot;:&quot;Details&quot;}\" data-popup-slideshow=\"false\" data-popup-slideshow-speed=\"2500\" data-popup-hoverstop=\"true\" data-popup-slideshow-auto=\"false\" data-popup-background=\"\" data-popup-transparency=\"30\" data-popup-disable-history=\"\" data-popup-disable-changed-url=\"\" data-popup-border-type=\"\" data-popup-border-color=\"\" data-popup-border-width=\"\" data-popup-border-enable=\"\" data-fullscreen=\"false\" data-hide-tooltip=\"false\" data-caption-font-family=\"Default\" data-caption-text-size=\"14px\" data-is-mobile=\"0\" data-caption-mobile=\"false\" data-hide-long-tltp-title=\"0\" data-caption-disabled-on-mobile=\"false\" data-lazyload-enable='1' data-lazyload-effect=\"show\" data-lazyload-effect-duration=\"400\" data-popup-placement-type=\"0\" data-social-sharing=\"{&quot;enabled&quot;:&quot;&quot;,&quot;gallerySharing&quot;:{&quot;enabled&quot;:null,&quot;position&quot;:null},&quot;imageSharing&quot;:{&quot;enabled&quot;:null,&quot;wrapperClass&quot;:&quot; vertical &quot;},&quot;popupSharing&quot;:{&quot;enabled&quot;:null,&quot;wrapperClass&quot;:&quot; vertical &quot;}}\" class=\"grid-gallery grid-gallery-fixed \" style=\" width:100%; height:auto; margin-left:auto; margin-right:auto;position:relative;\"> <div class=\"gallery-loading\"> <div class=\"blocks\"> <div class=\"block\"><\/div> <div class=\"block\"><\/div> <div class=\"block\"><\/div> <div class=\"block\"><\/div> <\/div> <\/div> <div class=\"gallery-sharing-top\"><\/div> <div id=\"photos-360\" class=\"grid-gallery-photos\"><a id=\"gg-360-10685\" class=\"gg-link \" data-attachment-id=\"17868\" href=\"https:\/\/veloclubfaumont.fr\/wp-content\/uploads\/2020\/03\/2020_0308_094556_013.MP4_snapshot_00.40_2020.03.11_09.15.06.jpg?gid=360\" target=\"_self\" title=\"2020_0308_094556_013.MP4_snapshot_00.40_[2020.03.11_09.15.06]\" data-rel=\"prettyPhoto[pp_gal]\" style=\"border-radius:0px;\" ><FIGURE class=\"grid-gallery-caption\" data-grid-gallery-type=\"quarter-slide-up\" data-index=\"0\" style=\"display:none;border-radius:0px;; margin:5.3px; width:215px;\" ><div class=\"crop\" style=\" width:215px; height:215px; overflow:hidden;\"><img decoding=\"async\" data-gg-real-image-href=\"http:\/\/veloclubfaumont.fr\/wp-content\/uploads\/2020\/03\/2020_0308_094556_013.MP4_snapshot_00.40_2020.03.11_09.15.06-215x215.jpg\" src=\"\" class=\"ggImg ggLazyImg\" alt=\"2020_0308_094556_013.MP4_snapshot_00.40_[2020.03.11_09.15.06]\" title=\"2020_0308_094556_013.MP4_snapshot_00.40_[2020.03.11_09.15.06]\" data-description=\"2020_0308_094556_013.MP4_snapshot_00.40_[2020.03.11_09.15.06]\" data-caption=\"2020_0308_094556_013.MP4_snapshot_00.40_[2020.03.11_09.15.06]\" data-title=\"2020_0308_094556_013.MP4_snapshot_00.40_[2020.03.11_09.15.06]\" style=\" width:215px; height:215px;\" \/><\/div><FIGCAPTION class=\"\" data-alpha=\"5\" style=\"color:#ffffff; background-color:#6f0000; font-size:14px; text-align:2; font-family:Default;\" ><div class=\"grid-gallery-figcaption-wrap\" style=\" vertical-align:;\"><\/div><\/FIGCAPTION><\/FIGURE><\/a><a id=\"gg-360-10686\" class=\"gg-link \" data-attachment-id=\"17869\" href=\"https:\/\/veloclubfaumont.fr\/wp-content\/uploads\/2020\/03\/2020_0308_095058_014.MP4_snapshot_04.35_2020.03.11_09.24.35.jpg?gid=360\" target=\"_self\" title=\"2020_0308_095058_014.MP4_snapshot_04.35_[2020.03.11_09.24.35]\" data-rel=\"prettyPhoto[pp_gal]\" style=\"border-radius:0px;\" ><FIGURE class=\"grid-gallery-caption\" data-grid-gallery-type=\"quarter-slide-up\" data-index=\"1\" style=\"display:none;border-radius:0px;; margin:5.3px; width:215px;\" ><div class=\"crop\" style=\" width:215px; height:215px; overflow:hidden;\"><img decoding=\"async\" data-gg-real-image-href=\"http:\/\/veloclubfaumont.fr\/wp-content\/uploads\/2020\/03\/2020_0308_095058_014.MP4_snapshot_04.35_2020.03.11_09.24.35-215x215.jpg\" src=\"\" class=\"ggImg ggLazyImg\" alt=\"2020_0308_095058_014.MP4_snapshot_04.35_[2020.03.11_09.24.35]\" title=\"2020_0308_095058_014.MP4_snapshot_04.35_[2020.03.11_09.24.35]\" data-description=\"2020_0308_095058_014.MP4_snapshot_04.35_[2020.03.11_09.24.35]\" data-caption=\"2020_0308_095058_014.MP4_snapshot_04.35_[2020.03.11_09.24.35]\" data-title=\"2020_0308_095058_014.MP4_snapshot_04.35_[2020.03.11_09.24.35]\" style=\" width:215px; height:215px;\" \/><\/div><FIGCAPTION class=\"\" data-alpha=\"5\" style=\"color:#ffffff; background-color:#6f0000; font-size:14px; text-align:2; font-family:Default;\" ><div class=\"grid-gallery-figcaption-wrap\" style=\" vertical-align:;\"><\/div><\/FIGCAPTION><\/FIGURE><\/a><a id=\"gg-360-10687\" class=\"gg-link \" data-attachment-id=\"17870\" href=\"https:\/\/veloclubfaumont.fr\/wp-content\/uploads\/2020\/03\/2020_0308_095058_014.MP4_snapshot_10.08_2020.03.11_09.25.10.jpg?gid=360\" target=\"_self\" title=\"2020_0308_095058_014.MP4_snapshot_10.08_[2020.03.11_09.25.10]\" data-rel=\"prettyPhoto[pp_gal]\" style=\"border-radius:0px;\" ><FIGURE class=\"grid-gallery-caption\" data-grid-gallery-type=\"quarter-slide-up\" data-index=\"2\" style=\"display:none;border-radius:0px;; margin:5.3px; width:215px;\" ><div class=\"crop\" style=\" width:215px; height:215px; overflow:hidden;\"><img decoding=\"async\" data-gg-real-image-href=\"http:\/\/veloclubfaumont.fr\/wp-content\/uploads\/2020\/03\/2020_0308_095058_014.MP4_snapshot_10.08_2020.03.11_09.25.10-215x215.jpg\" src=\"\" class=\"ggImg ggLazyImg\" alt=\"2020_0308_095058_014.MP4_snapshot_10.08_[2020.03.11_09.25.10]\" title=\"2020_0308_095058_014.MP4_snapshot_10.08_[2020.03.11_09.25.10]\" data-description=\"2020_0308_095058_014.MP4_snapshot_10.08_[2020.03.11_09.25.10]\" data-caption=\"2020_0308_095058_014.MP4_snapshot_10.08_[2020.03.11_09.25.10]\" data-title=\"2020_0308_095058_014.MP4_snapshot_10.08_[2020.03.11_09.25.10]\" style=\" width:215px; height:215px;\" \/><\/div><FIGCAPTION class=\"\" data-alpha=\"5\" style=\"color:#ffffff; background-color:#6f0000; font-size:14px; text-align:2; font-family:Default;\" ><div class=\"grid-gallery-figcaption-wrap\" style=\" vertical-align:;\"><\/div><\/FIGCAPTION><\/FIGURE><\/a><a id=\"gg-360-10688\" class=\"gg-link \" data-attachment-id=\"17871\" href=\"https:\/\/veloclubfaumont.fr\/wp-content\/uploads\/2020\/03\/2020_0308_100559_015.MP4_snapshot_02.15_2020.03.11_09.26.32.jpg?gid=360\" target=\"_self\" title=\"2020_0308_100559_015.MP4_snapshot_02.15_[2020.03.11_09.26.32]\" data-rel=\"prettyPhoto[pp_gal]\" style=\"border-radius:0px;\" ><FIGURE class=\"grid-gallery-caption\" data-grid-gallery-type=\"quarter-slide-up\" data-index=\"3\" style=\"display:none;border-radius:0px;; margin:5.3px; width:215px;\" ><div class=\"crop\" style=\" width:215px; height:215px; overflow:hidden;\"><img decoding=\"async\" data-gg-real-image-href=\"http:\/\/veloclubfaumont.fr\/wp-content\/uploads\/2020\/03\/2020_0308_100559_015.MP4_snapshot_02.15_2020.03.11_09.26.32-215x215.jpg\" src=\"\" class=\"ggImg ggLazyImg\" alt=\"2020_0308_100559_015.MP4_snapshot_02.15_[2020.03.11_09.26.32]\" title=\"2020_0308_100559_015.MP4_snapshot_02.15_[2020.03.11_09.26.32]\" data-description=\"2020_0308_100559_015.MP4_snapshot_02.15_[2020.03.11_09.26.32]\" data-caption=\"2020_0308_100559_015.MP4_snapshot_02.15_[2020.03.11_09.26.32]\" data-title=\"2020_0308_100559_015.MP4_snapshot_02.15_[2020.03.11_09.26.32]\" style=\" width:215px; height:215px;\" \/><\/div><FIGCAPTION class=\"\" data-alpha=\"5\" style=\"color:#ffffff; background-color:#6f0000; font-size:14px; text-align:2; font-family:Default;\" ><div class=\"grid-gallery-figcaption-wrap\" style=\" vertical-align:;\"><\/div><\/FIGCAPTION><\/FIGURE><\/a><a id=\"gg-360-10689\" class=\"gg-link \" data-attachment-id=\"17872\" href=\"https:\/\/veloclubfaumont.fr\/wp-content\/uploads\/2020\/03\/2020_0308_103942_016.MP4_snapshot_00.33_2020.03.11_09.28.34.jpg?gid=360\" target=\"_self\" title=\"2020_0308_103942_016.MP4_snapshot_00.33_[2020.03.11_09.28.34]\" data-rel=\"prettyPhoto[pp_gal]\" style=\"border-radius:0px;\" ><FIGURE class=\"grid-gallery-caption\" data-grid-gallery-type=\"quarter-slide-up\" data-index=\"4\" style=\"display:none;border-radius:0px;; margin:5.3px; width:215px;\" ><div class=\"crop\" style=\" width:215px; height:215px; overflow:hidden;\"><img decoding=\"async\" data-gg-real-image-href=\"http:\/\/veloclubfaumont.fr\/wp-content\/uploads\/2020\/03\/2020_0308_103942_016.MP4_snapshot_00.33_2020.03.11_09.28.34-215x215.jpg\" src=\"\" class=\"ggImg ggLazyImg\" alt=\"2020_0308_103942_016.MP4_snapshot_00.33_[2020.03.11_09.28.34]\" title=\"2020_0308_103942_016.MP4_snapshot_00.33_[2020.03.11_09.28.34]\" data-description=\"2020_0308_103942_016.MP4_snapshot_00.33_[2020.03.11_09.28.34]\" data-caption=\"2020_0308_103942_016.MP4_snapshot_00.33_[2020.03.11_09.28.34]\" data-title=\"2020_0308_103942_016.MP4_snapshot_00.33_[2020.03.11_09.28.34]\" style=\" width:215px; height:215px;\" \/><\/div><FIGCAPTION class=\"\" data-alpha=\"5\" style=\"color:#ffffff; background-color:#6f0000; font-size:14px; text-align:2; font-family:Default;\" ><div class=\"grid-gallery-figcaption-wrap\" style=\" vertical-align:;\"><\/div><\/FIGCAPTION><\/FIGURE><\/a><a id=\"gg-360-10690\" class=\"gg-link \" data-attachment-id=\"17873\" href=\"https:\/\/veloclubfaumont.fr\/wp-content\/uploads\/2020\/03\/2020_0308_103942_016.MP4_snapshot_00.43_2020.03.11_09.29.33.jpg?gid=360\" target=\"_self\" title=\"2020_0308_103942_016.MP4_snapshot_00.43_[2020.03.11_09.29.33]\" data-rel=\"prettyPhoto[pp_gal]\" style=\"border-radius:0px;\" ><FIGURE class=\"grid-gallery-caption\" data-grid-gallery-type=\"quarter-slide-up\" data-index=\"5\" style=\"display:none;border-radius:0px;; margin:5.3px; width:215px;\" ><div class=\"crop\" style=\" width:215px; height:215px; overflow:hidden;\"><img decoding=\"async\" data-gg-real-image-href=\"http:\/\/veloclubfaumont.fr\/wp-content\/uploads\/2020\/03\/2020_0308_103942_016.MP4_snapshot_00.43_2020.03.11_09.29.33-215x215.jpg\" src=\"\" class=\"ggImg ggLazyImg\" alt=\"2020_0308_103942_016.MP4_snapshot_00.43_[2020.03.11_09.29.33]\" title=\"2020_0308_103942_016.MP4_snapshot_00.43_[2020.03.11_09.29.33]\" data-description=\"2020_0308_103942_016.MP4_snapshot_00.43_[2020.03.11_09.29.33]\" data-caption=\"2020_0308_103942_016.MP4_snapshot_00.43_[2020.03.11_09.29.33]\" data-title=\"2020_0308_103942_016.MP4_snapshot_00.43_[2020.03.11_09.29.33]\" style=\" width:215px; height:215px;\" \/><\/div><FIGCAPTION class=\"\" data-alpha=\"5\" style=\"color:#ffffff; background-color:#6f0000; font-size:14px; text-align:2; font-family:Default;\" ><div class=\"grid-gallery-figcaption-wrap\" style=\" vertical-align:;\"><\/div><\/FIGCAPTION><\/FIGURE><\/a><a id=\"gg-360-10691\" class=\"gg-link \" data-attachment-id=\"17874\" href=\"https:\/\/veloclubfaumont.fr\/wp-content\/uploads\/2020\/03\/2020_0308_110943_018.MP4_snapshot_11.33_2020.03.11_09.31.44.jpg?gid=360\" target=\"_self\" title=\"2020_0308_110943_018.MP4_snapshot_11.33_[2020.03.11_09.31.44]\" data-rel=\"prettyPhoto[pp_gal]\" style=\"border-radius:0px;\" ><FIGURE class=\"grid-gallery-caption\" data-grid-gallery-type=\"quarter-slide-up\" data-index=\"6\" style=\"display:none;border-radius:0px;; margin:5.3px; width:215px;\" ><div class=\"crop\" style=\" width:215px; height:215px; overflow:hidden;\"><img decoding=\"async\" data-gg-real-image-href=\"http:\/\/veloclubfaumont.fr\/wp-content\/uploads\/2020\/03\/2020_0308_110943_018.MP4_snapshot_11.33_2020.03.11_09.31.44-215x215.jpg\" src=\"\" class=\"ggImg ggLazyImg\" alt=\"2020_0308_110943_018.MP4_snapshot_11.33_[2020.03.11_09.31.44]\" title=\"2020_0308_110943_018.MP4_snapshot_11.33_[2020.03.11_09.31.44]\" data-description=\"2020_0308_110943_018.MP4_snapshot_11.33_[2020.03.11_09.31.44]\" data-caption=\"2020_0308_110943_018.MP4_snapshot_11.33_[2020.03.11_09.31.44]\" data-title=\"2020_0308_110943_018.MP4_snapshot_11.33_[2020.03.11_09.31.44]\" style=\" width:215px; height:215px;\" \/><\/div><FIGCAPTION class=\"\" data-alpha=\"5\" style=\"color:#ffffff; background-color:#6f0000; font-size:14px; text-align:2; font-family:Default;\" ><div class=\"grid-gallery-figcaption-wrap\" style=\" vertical-align:;\"><\/div><\/FIGCAPTION><\/FIGURE><\/a> <div class=\"grid-gallery-clearfix\"><\/div> <\/div> <div class=\"gallery-sharing-bottom\"><\/div> <div class=\"grid-gallery-clearfix\"><\/div> <\/div> <!-- Gallery by Supsystic plugin1.15.12 --><\/p>\n","protected":false},"excerpt":{"rendered":"<p>Dimanche dernier, les cyclos et les VTT du VCF sont all\u00e9s rouler chez nos voisins de Mons en P\u00e9v\u00e8le. Le soleil de la veille sera h\u00e9las plus au rendez-vous, avec&#8230;<\/p>\n","protected":false},"author":1,"featured_media":17870,"comment_status":"open","ping_status":"open","sticky":false,"template":"","format":"standard","meta":{"ngg_post_thumbnail":0,"jetpack_post_was_ever_published":false,"_jetpack_newsletter_access":"","two_page_speed":[],"footnotes":"","jetpack_publicize_message":"","jetpack_is_tweetstorm":false,"jetpack_publicize_feature_enabled":true,"jetpack_social_post_already_shared":true,"jetpack_social_options":{"image_generator_settings":{"template":"highway","enabled":false}}},"categories":[2,16,31],"tags":[],"class_list":["post-17875","post","type-post","status-publish","format-standard","has-post-thumbnail","hentry","category-randonnees-exterieures","category-randos-exterieures-cyclos","category-sorties-2020"],"jetpack_publicize_connections":[],"jetpack_featured_media_url":"https:\/\/veloclubfaumont.fr\/wp-content\/uploads\/2020\/03\/2020_0308_095058_014.MP4_snapshot_10.08_2020.03.11_09.25.10.jpg","jetpack_sharing_enabled":true,"jetpack_shortlink":"https:\/\/wp.me\/p8bXJp-4Ej","_links":{"self":[{"href":"https:\/\/veloclubfaumont.fr\/index.php\/wp-json\/wp\/v2\/posts\/17875","targetHints":{"allow":["GET"]}}],"collection":[{"href":"https:\/\/veloclubfaumont.fr\/index.php\/wp-json\/wp\/v2\/posts"}],"about":[{"href":"https:\/\/veloclubfaumont.fr\/index.php\/wp-json\/wp\/v2\/types\/post"}],"author":[{"embeddable":true,"href":"https:\/\/veloclubfaumont.fr\/index.php\/wp-json\/wp\/v2\/users\/1"}],"replies":[{"embeddable":true,"href":"https:\/\/veloclubfaumont.fr\/index.php\/wp-json\/wp\/v2\/comments?post=17875"}],"version-history":[{"count":0,"href":"https:\/\/veloclubfaumont.fr\/index.php\/wp-json\/wp\/v2\/posts\/17875\/revisions"}],"wp:featuredmedia":[{"embeddable":true,"href":"https:\/\/veloclubfaumont.fr\/index.php\/wp-json\/wp\/v2\/media\/17870"}],"wp:attachment":[{"href":"https:\/\/veloclubfaumont.fr\/index.php\/wp-json\/wp\/v2\/media?parent=17875"}],"wp:term":[{"taxonomy":"category","embeddable":true,"href":"https:\/\/veloclubfaumont.fr\/index.php\/wp-json\/wp\/v2\/categories?post=17875"},{"taxonomy":"post_tag","embeddable":true,"href":"https:\/\/veloclubfaumont.fr\/index.php\/wp-json\/wp\/v2\/tags?post=17875"}],"curies":[{"name":"wp","href":"https:\/\/api.w.org\/{rel}","templated":true}]}}