{"id":26054,"date":"2021-01-20T08:50:46","date_gmt":"2021-01-20T07:50:46","guid":{"rendered":"http:\/\/veloclubfaumont.fr\/?p=26054"},"modified":"2026-02-21T20:38:44","modified_gmt":"2026-02-21T19:38:44","slug":"bases-et-circuits-vtt-dans-le-grand-sud-ouest-1-2","status":"publish","type":"post","link":"https:\/\/veloclubfaumont.fr\/index.php\/2021\/01\/20\/bases-et-circuits-vtt-dans-le-grand-sud-ouest-1-2\/","title":{"rendered":"Bases et circuits VTT dans le Grand Sud-Ouest (1\/2)"},"content":{"rendered":"<p style=\"text-align: justify;\">Apr\u00e8s les r\u00e9gions <strong><a href=\"https:\/\/veloclubfaumont.fr\/index.php\/2020\/08\/11\/bases-et-circuits-vtt-dans-les-hauts-de-france\/\" target=\"_blank\" rel=\"noopener\">Hauts de France<\/a><\/strong>, <a href=\"https:\/\/veloclubfaumont.fr\/index.php\/2020\/06\/27\/bases-vtt-le-grand-centre\/\" target=\"_blank\" rel=\"noopener\"><strong>Grand Centre<\/strong><\/a>, <strong><a href=\"https:\/\/veloclubfaumont.fr\/index.php\/2020\/06\/10\/bases-et-circuits-vtt-dans-le-grand-est\/\" target=\"_blank\" rel=\"noopener\">Grand Est<\/a><\/strong>, <strong><a href=\"https:\/\/veloclubfaumont.fr\/index.php\/2020\/05\/10\/bases-et-circuits-vtt-en-bretagne\/\" target=\"_blank\" rel=\"noopener\">Bretagne<\/a><\/strong>, <a href=\"https:\/\/veloclubfaumont.fr\/index.php\/2020\/10\/31\/bases-et-circuits-vtt-en-normandie\/\" target=\"_blank\" rel=\"noopener\"><strong>Normandie<\/strong><\/a> et le <a href=\"https:\/\/veloclubfaumont.fr\/index.php\/2020\/12\/25\/bases-et-circuits-vtt-dans-le-grand-ouest\/\" target=\"_blank\" rel=\"noopener\"><strong>Grand-Ouest<\/strong><\/a>, je vous pr\u00e9sente le <strong>Grand SUD-OUEST <\/strong>(en <strong>Nouvelle-Aquitaine et en Occitanie<\/strong>). La zone \u00e9tant immense et les bases tr\u00e8s nombreuses, j&rsquo;ai partag\u00e9 le dossier en 2 (la partie rose du tableau ci-dessous est trait\u00e9e dans <a href=\"https:\/\/veloclubfaumont.fr\/index.php\/2021\/01\/20\/bases-et-circuits-vtt-dans-le-grand-sud-ouest-2-2\/\">la seconde partie<\/a>).<\/p>\n<p style=\"text-align: justify;\">Comme dans mes autres dossiers, je vais centraliser ici toutes les informations disponibles (en g\u00e9n\u00e9ral bien \u00e9parpill\u00e9es sur internet) et vous mettrez tous les liens vers les pr\u00e9sentations des circuits VTT avec cartes (en grand format PDF), les traces GPX, des reportages photos quand ils existent et des vid\u00e9os pour se faire une id\u00e9e des possibilit\u00e9s offertes.<\/p>\n<p style=\"text-align: justify;\">Comme toujours, n&rsquo;h\u00e9sitez pas \u00e0 <a href=\"https:\/\/veloclubfaumont.fr\/index.php\/contact\/\">me joindre<\/a> si vous voulez ajouter vos exp\u00e9riences personnelles ou si vous d\u00e9siriez corriger quelques imperfections. En esp\u00e9rant que cette page vous soit bien utile pour pr\u00e9parer vos prochaines sorties VTT&#8230;.<\/p>\n<p>Jean-Louis<\/p>\n<p style=\"text-align: center;\"><a href=\"https:\/\/veloclubfaumont.fr\/wp-content\/uploads\/2021\/01\/carte-grand-sud-ouest-vtt-1.jpg\"><img loading=\"lazy\" decoding=\"async\" class=\"aligncenter size-full wp-image-26394\" src=\"https:\/\/veloclubfaumont.fr\/wp-content\/uploads\/2021\/01\/carte-grand-sud-ouest-vtt-1.jpg\" alt=\"\" width=\"1538\" height=\"1163\" srcset=\"https:\/\/veloclubfaumont.fr\/wp-content\/uploads\/2021\/01\/carte-grand-sud-ouest-vtt-1.jpg 1538w, https:\/\/veloclubfaumont.fr\/wp-content\/uploads\/2021\/01\/carte-grand-sud-ouest-vtt-1-300x227.jpg 300w, https:\/\/veloclubfaumont.fr\/wp-content\/uploads\/2021\/01\/carte-grand-sud-ouest-vtt-1-1024x774.jpg 1024w, https:\/\/veloclubfaumont.fr\/wp-content\/uploads\/2021\/01\/carte-grand-sud-ouest-vtt-1-768x581.jpg 768w, https:\/\/veloclubfaumont.fr\/wp-content\/uploads\/2021\/01\/carte-grand-sud-ouest-vtt-1-1536x1161.jpg 1536w\" sizes=\"auto, (max-width: 1538px) 100vw, 1538px\" \/><\/a><em>carte des bases VTT du Grand Sud-Ouest <br>(les d\u00e9partements roses sont dans la seconde partie du dossier)<\/em><\/p>\n<table style=\"width: 101.89%; height: 623px; border-collapse: collapse;\" border=\"1\">\n<tbody>\n<tr style=\"height: 30px; background-color: #3ea3f0;\">\n<td style=\"width: 32.24%; height: 30px; text-align: center;\"><span style=\"font-size: 14pt;\"><strong>DEPARTEMENTS<br><\/strong><\/span><\/td>\n<td style=\"width: 69.65%; height: 30px; text-align: center;\"><span style=\"font-size: 14pt;\"><em><strong>BASES VTT<\/strong><br><\/em><\/span><\/td>\n<\/tr>\n<tr style=\"height: 10px;\">\n<td style=\"width: 32.24%; height: 10px; text-align: center;\"><span style=\"font-size: 14pt;\"><strong>DORDOGNE<\/strong><\/span><\/td>\n<td style=\"width: 69.65%; height: 10px; text-align: center;\"><span style=\"font-size: 14pt;\"><em>1- <a href=\"#a1\">Montagrier en P\u00e9rigord<\/a><\/em><\/span><br><span style=\"font-size: 14pt;\"><em>2- <a href=\"#a2\">Lascaux &#8211; Vall\u00e9e de la Dordogne<\/a><\/em><\/span><br><span style=\"font-size: 14pt;\"><em>3- <a href=\"#a3\">Saint-Pompon P\u00e9rigord Noir<\/a><br>4- <a href=\"#a4\">V\u00e9z\u00e8re P\u00e9rigord Noir<\/a><br><\/em><\/span><\/td>\n<\/tr>\n<tr style=\"height: 26px;\">\n<td style=\"width: 32.24%; height: 26px; text-align: center;\"><span style=\"font-size: 14pt;\"><strong>CANTAL<br><\/strong><\/span><\/td>\n<td style=\"width: 69.65%; height: 26px; text-align: center;\"><span style=\"font-size: 14pt;\"><em>5- <a href=\"#a5\">Puy Mary &#8211; Jordanne<\/a><br>6- <a href=\"#a6\">Saint Flour<\/a><br><\/em><\/span><\/td>\n<\/tr>\n<tr style=\"height: 26px;\">\n<td style=\"width: 32.24%; height: 26px; text-align: center;\"><span style=\"font-size: 14pt;\"><strong>GIRONDE<\/strong><\/span><\/td>\n<td style=\"width: 69.65%; height: 26px; text-align: center;\"><span style=\"font-size: 14pt;\"><em>7- <a href=\"#a7\">Domaine G\u00e9rard Lagors Hostens<\/a><\/em><\/span><\/td>\n<\/tr>\n<tr style=\"height: 26px;\">\n<td style=\"width: 32.24%; height: 26px; text-align: center;\"><span style=\"font-size: 14pt;\"><strong>LOT<br><\/strong><\/span><\/td>\n<td style=\"width: 69.65%; height: 26px; text-align: center;\"><span style=\"font-size: 14pt;\"><em>8- <a href=\"#a8\">Lot<\/a><\/em><\/span><\/td>\n<\/tr>\n<tr style=\"height: 23px;\">\n<td style=\"width: 32.24%; height: 23px; text-align: center;\"><span style=\"font-size: 14pt;\"><strong>AVEYRON<\/strong><\/span><\/td>\n<td style=\"width: 69.65%; height: 23px; text-align: center;\"><span style=\"font-size: 14pt;\"><span style=\"font-size: 14pt;\"><em>9- <a href=\"#a9\">Carladez<\/a><br>10- <a href=\"#a10\">Autour de Millau<\/a><br>11- <a href=\"#a11\">Larzac et Vall\u00e9es<\/a><br>12- <a href=\"#a12\">Autour de Rodez<\/a><br>13- <a href=\"#a13\">Gorges du Lot et de la Truy\u00e8re<\/a><br>14- <a href=\"#a14\">Espace Nature du Laissagais<\/a><br>15- <a href=\"#a15\">Aubrac &#8211; Vall\u00e9e du Lot<\/a><br>16- <a href=\"#a16\">Pays de Roquefort et du Saint-Affricain<\/a><\/em><\/span><\/span><span style=\"font-size: 14pt;\"><em><br><\/em><\/span><\/td>\n<\/tr>\n<tr style=\"height: 23px;\">\n<td style=\"width: 32.24%; height: 23px; text-align: center;\"><span style=\"font-size: 14pt;\"><strong>LOZERE<\/strong><\/span><\/td>\n<td style=\"width: 69.65%; height: 23px; text-align: center;\"><em><span style=\"font-size: 14pt;\">17- <a href=\"#a17\">Mende Coeur de Loz\u00e8re<\/a><br>18- <a href=\"#a18\">Monts du Midi Tourisme<\/a><br>19- <a href=\"#a19\">Domaine VTT du G\u00e9vaudan &#8211; Langogne-Margeride<\/a><\/span><\/em><\/td>\n<\/tr>\n<tr style=\"height: 26px;\">\n<td style=\"width: 32.24%; height: 26px; text-align: center;\"><span style=\"font-size: 14pt;\"><strong>LANDES<br><\/strong><\/span><\/td>\n<td style=\"width: 69.65%; height: 26px; text-align: center;\"><em><span style=\"font-size: 14pt;\">20- <a href=\"#a20\">Les Landes<\/a><\/span><\/em><\/td>\n<\/tr>\n<tr style=\"height: 23px;\">\n<td style=\"width: 32.24%; height: 23px; text-align: center;\"><span style=\"font-size: 14pt;\"><strong>LOT ET GARONNE<\/strong><\/span><\/td>\n<td style=\"width: 69.65%; height: 23px; text-align: center;\"><em><span style=\"font-size: 14pt;\">21- <a href=\"#a21\">Lot-et-Garonne<\/a><\/span><\/em><\/td>\n<\/tr>\n<tr style=\"height: 23px;\">\n<td style=\"width: 32.24%; height: 23px; text-align: center;\"><span style=\"font-size: 14pt;\"><strong>TARN ET GARONNE<br><\/strong><\/span><\/td>\n<td style=\"width: 69.65%; height: 23px; text-align: center;\"><span style=\"font-size: 14pt;\"><em>22- <a href=\"#a22\">Gorges de l&rsquo;Aveyron&nbsp; &#8211; Viaur<\/a><br><\/em><\/span><\/td>\n<\/tr>\n<tr style=\"height: 26px;\">\n<td style=\"width: 32.24%; height: 26px; text-align: center;\"><span style=\"font-size: 14pt;\"><strong>GERS<br><\/strong><\/span><\/td>\n<td style=\"width: 69.65%; height: 26px; text-align: center;\"><span style=\"font-size: 14pt;\"><em>23- <a href=\"#a23\">Vallons du Lectourois, coeur de Gascogne<\/a><\/em><\/span><\/td>\n<\/tr>\n<tr style=\"height: 23px;\">\n<td style=\"width: 32.24%; height: 23px; text-align: center;\"><span style=\"font-size: 14pt;\"><strong>TARN<br><\/strong><\/span><\/td>\n<td style=\"width: 69.65%; height: 23px; text-align: center;\">\n<p><span style=\"font-size: 14pt;\"><em>24- <a href=\"#a24\">Espace VTT des Hautes Terres d&rsquo;Oc<\/a><\/em><\/span><span style=\"font-size: 14pt;\"><em><br>25- <a href=\"#a25\">Escapade Centre Tarn<\/a><br>26- <a href=\"#a26\">Bastides et Vignoble du Gaillac<\/a><br>27- <a href=\"#a27\">Vall\u00e9e du Thor\u00e9<\/a><br>28- <a href=\"#a28\">Montagne Noire &#8211; Mazamet<\/a><br>29- <a href=\"#a29\">Carmausin-S\u00e9gala<\/a><br><\/em><\/span><\/p>\n<\/td>\n<\/tr>\n<tr style=\"height: 23px;\">\n<td style=\"width: 32.24%; height: 23px; text-align: center; background-color: #eb5252;\"><span style=\"font-size: 14pt;\"><strong>HERAULT<br><\/strong><\/span><\/td>\n<td style=\"width: 69.65%; height: 23px; text-align: center; background-color: #eb5252;\"><em><span style=\"font-size: 14pt;\">30- Lod\u00e9vois et Larzac<br>31- Clermontais &#8211; Lac du Salagou<br>32- Vall\u00e9e de l&rsquo;H\u00e9rault<br>33- Terroir Saint Chinianais<br>34- Grand Orb en Haut-Languedoc<br>35- Caroux en Haut-Languedoc<br>36- Salvetat &#8211; Haut Languedoc<br>37- H\u00e9rault Canal du Midi<br>38- Pays de Lunel<br>39- B\u00e9ziers M\u00e9diterran\u00e9e<\/span><\/em><\/td>\n<\/tr>\n<tr style=\"height: 51px;\">\n<td style=\"width: 32.24%; height: 51px; text-align: center; background-color: #eb5252;\"><span style=\"font-size: 14pt;\"><strong>PYRENEES ATLANTIQUES<br><\/strong><\/span><\/td>\n<td style=\"width: 69.65%; height: 51px; text-align: center; background-color: #eb5252;\"><span style=\"font-size: 14pt;\"><em>40- Base Navarraise en B\u00e9arn des Gaves<br>41- Pyr\u00e9n\u00e9es B\u00e9arnaises et Vall\u00e9e d&rsquo;Ossau<br><\/em><\/span><\/td>\n<\/tr>\n<tr style=\"height: 99px;\">\n<td style=\"width: 32.24%; height: 99px; text-align: center; background-color: #eb5252;\"><span style=\"font-size: 14pt;\"><strong>HAUTES PYRENEES<br><\/strong><\/span><\/td>\n<td style=\"width: 69.65%; height: 99px; text-align: center; background-color: #eb5252;\"><span style=\"font-size: 14pt;\"><em>42- Vall\u00e9e du Louron<br>43- VTT Baronnies Pyr\u00e9n\u00e9es<br>44- Vall\u00e9e des Gaves<br>45- Haute Bigorre VTT<\/em><\/span><\/td>\n<\/tr>\n<tr style=\"height: 23px;\">\n<td style=\"width: 32.24%; height: 23px; text-align: center; background-color: #eb5252;\"><span style=\"font-size: 14pt;\"><strong>HAUTE-GARONNE<br><\/strong><\/span><\/td>\n<td style=\"width: 69.65%; height: 23px; text-align: center; background-color: #eb5252;\"><span style=\"font-size: 14pt;\"><em>46- Pays de Luchon<br>47- Pyr\u00e9n\u00e9es Comminges<br>48- Bouconne<\/em><\/span><\/td>\n<\/tr>\n<tr style=\"height: 75px;\">\n<td style=\"width: 32.24%; height: 75px; text-align: center; background-color: #eb5252;\"><span style=\"font-size: 14pt;\"><strong>ARRIEGE<br><\/strong><\/span><\/td>\n<td style=\"width: 69.65%; height: 75px; text-align: center; background-color: #eb5252;\"><span style=\"font-size: 14pt;\"><em>49- Vall\u00e9e d&rsquo;Ax<\/em><\/span><br><span style=\"font-size: 14pt;\"><em>50- Couserans Pyr\u00e9n\u00e9es<\/em><\/span><br><span style=\"font-size: 14pt;\"><em>51- Pyr\u00e9n\u00e9es Cathares<\/em><\/span><\/td>\n<\/tr>\n<tr style=\"height: 23px;\">\n<td style=\"width: 32.24%; height: 23px; text-align: center; background-color: #eb5252;\"><span style=\"font-size: 14pt;\"><strong>AUDE<br><\/strong><\/span><\/td>\n<td style=\"width: 69.65%; height: 23px; text-align: center; background-color: #eb5252;\"><span style=\"font-size: 14pt;\"><em>52- Vallons de l&rsquo;Autan<br>53- Corbi\u00e8res Minervois, Canal du Midi<br>54- Corbi\u00e8res Minervois, <br>au Coeur des Corbi\u00e8res<br>55- Massif de la Clape Gruissan<br>56- Cabard\u00e8s &#8211; Pays Cathare<br>57- Aude en Pyr\u00e9n\u00e9es<\/em><\/span><\/td>\n<\/tr>\n<tr style=\"height: 44px;\">\n<td style=\"width: 32.24%; height: 44px; text-align: center; background-color: #eb5252;\"><span style=\"font-size: 14pt;\"><strong>PYRENEES ORIENTALES<br><\/strong><\/span><\/td>\n<td style=\"width: 69.65%; height: 44px; text-align: center; background-color: #eb5252;\"><em><span style=\"font-size: 14pt;\">58- Puigmal Pyr\u00e9n\u00e9es Cerdagne<br>59- Espace VTT Madres-Coronat<br>60- Pyr\u00e9n\u00e9es Catalanes<br>61- Haut Vallespir<\/span><\/em><\/td>\n<\/tr>\n<\/tbody>\n<\/table>\n<hr>\n<p><span style=\"font-size: 18pt;\"><strong>la DORDOGNE (24) :<br><\/strong><\/span><em><span style=\"font-size: 14pt;\"><strong><a id=\"a1\"><\/a>1- Montagrier en P\u00e9rigord<\/strong><\/span><\/em><\/p>\n<p style=\"text-align: center;\"><a href=\"https:\/\/veloclubfaumont.fr\/?attachment_id=26056\" rel=\"attachment wp-att-26056\"><img loading=\"lazy\" decoding=\"async\" class=\"aligncenter size-full wp-image-26056\" src=\"https:\/\/veloclubfaumont.fr\/wp-content\/uploads\/2020\/12\/montagrier.jpg\" alt=\"\" width=\"1200\" height=\"1101\" srcset=\"https:\/\/veloclubfaumont.fr\/wp-content\/uploads\/2020\/12\/montagrier.jpg 1200w, https:\/\/veloclubfaumont.fr\/wp-content\/uploads\/2020\/12\/montagrier-300x275.jpg 300w, https:\/\/veloclubfaumont.fr\/wp-content\/uploads\/2020\/12\/montagrier-1024x940.jpg 1024w, https:\/\/veloclubfaumont.fr\/wp-content\/uploads\/2020\/12\/montagrier-768x705.jpg 768w\" sizes=\"auto, (max-width: 1200px) 100vw, 1200px\" \/><\/a>GPX des circuits sur <a href=\"https:\/\/sitesvtt.ffc.fr\/sites\/montagrier-en-perigord-6\/\" target=\"_blank\" rel=\"noopener\">le site de la FFC<\/a> &#8211; carte en <a title=\"Plaquette presentation centre sport nature\" href=\"http:\/\/vttmontagrier.e-monsite.com\/medias\/files\/plaquette-presentation-centre-sport-nature.pdf\" target=\"_blank\" rel=\"noopener\">PDF ici<\/a><\/p>\n<p><span class=\"embed-youtube\" style=\"text-align:center; display: block;\"><iframe loading=\"lazy\" class=\"youtube-player\" width=\"640\" height=\"360\" src=\"https:\/\/www.youtube.com\/embed\/4QDprgEJd7E?version=3&#038;rel=1&#038;showsearch=0&#038;showinfo=1&#038;iv_load_policy=1&#038;fs=1&#038;hl=fr-FR&#038;autohide=2&#038;wmode=transparent\" allowfullscreen=\"true\" style=\"border:0;\" sandbox=\"allow-scripts allow-same-origin allow-popups allow-presentation\"><\/iframe><\/span><\/p>\n<p><em><span style=\"font-size: 14pt;\"><strong><a id=\"a2\"><\/a>2- Lascaux &#8211; Vall\u00e9e de la Dordogne<\/strong><\/span><\/em><\/p>\n<p style=\"text-align: center;\"><img loading=\"lazy\" decoding=\"async\" class=\"aligncenter wp-image-26055 size-full\" src=\"https:\/\/veloclubfaumont.fr\/wp-content\/uploads\/2020\/12\/dordogne-lascaux.jpg\" alt=\"\" width=\"2229\" height=\"1650\" srcset=\"https:\/\/veloclubfaumont.fr\/wp-content\/uploads\/2020\/12\/dordogne-lascaux.jpg 2229w, https:\/\/veloclubfaumont.fr\/wp-content\/uploads\/2020\/12\/dordogne-lascaux-300x222.jpg 300w, https:\/\/veloclubfaumont.fr\/wp-content\/uploads\/2020\/12\/dordogne-lascaux-1024x758.jpg 1024w, https:\/\/veloclubfaumont.fr\/wp-content\/uploads\/2020\/12\/dordogne-lascaux-768x569.jpg 768w, https:\/\/veloclubfaumont.fr\/wp-content\/uploads\/2020\/12\/dordogne-lascaux-1536x1137.jpg 1536w, https:\/\/veloclubfaumont.fr\/wp-content\/uploads\/2020\/12\/dordogne-lascaux-2048x1516.jpg 2048w\" sizes=\"auto, (max-width: 2229px) 100vw, 2229px\" \/>GPX des circuits sur <a href=\"https:\/\/sitesvtt.ffc.fr\/sites\/lascaux-vallee-dordogne\/\" target=\"_blank\" rel=\"noopener\">le site de la FFC<\/a> &#8211; <a href=\"http:\/\/www.lascaux-dordogne.com\/sites\/default\/files\/travel_plan_espace_vtt-ffc_lascaux_vallee_dordogne.pdf\" target=\"_blank\" rel=\"noopener\">carte en PDF ici<\/a><\/p>\n<p><span class=\"embed-youtube\" style=\"text-align:center; display: block;\"><iframe loading=\"lazy\" class=\"youtube-player\" width=\"640\" height=\"360\" src=\"https:\/\/www.youtube.com\/embed\/C4quLSGiIqM?version=3&#038;rel=1&#038;showsearch=0&#038;showinfo=1&#038;iv_load_policy=1&#038;fs=1&#038;hl=fr-FR&#038;autohide=2&#038;wmode=transparent\" allowfullscreen=\"true\" style=\"border:0;\" sandbox=\"allow-scripts allow-same-origin allow-popups allow-presentation\"><\/iframe><\/span><\/p>\n<p><span style=\"font-size: 14pt;\"><strong><a id=\"a3\"><\/a>3- Saint-Pompon P\u00e9rigord Noir<\/strong><\/span><\/p>\n<p style=\"text-align: center;\"><a href=\"https:\/\/veloclubfaumont.fr\/?attachment_id=26057\" rel=\"attachment wp-att-26057\"><img loading=\"lazy\" decoding=\"async\" class=\"aligncenter size-full wp-image-26057\" src=\"https:\/\/veloclubfaumont.fr\/wp-content\/uploads\/2020\/12\/carte-st-pompon.jpg\" alt=\"\" width=\"668\" height=\"794\" srcset=\"https:\/\/veloclubfaumont.fr\/wp-content\/uploads\/2020\/12\/carte-st-pompon.jpg 668w, https:\/\/veloclubfaumont.fr\/wp-content\/uploads\/2020\/12\/carte-st-pompon-252x300.jpg 252w\" sizes=\"auto, (max-width: 668px) 100vw, 668px\" \/><\/a>GPX des circuits sur <a href=\"https:\/\/sitesvtt.ffc.fr\/sites\/saint-pompon-perigord-noir\/\" target=\"_blank\" rel=\"noopener\">le site de la FFC<\/a> &#8211; sur <a href=\"https:\/\/www.outdooractive.com\/fr\/list\/saint-pompon-perigord-noir-site-vtt-ffc\/128664599\/\" target=\"_blank\" rel=\"noopener\">Outdooractive<\/a><\/p>\n<p><span class=\"embed-youtube\" style=\"text-align:center; display: block;\"><iframe loading=\"lazy\" class=\"youtube-player\" width=\"640\" height=\"360\" src=\"https:\/\/www.youtube.com\/embed\/D75DZMnaD6A?version=3&#038;rel=1&#038;showsearch=0&#038;showinfo=1&#038;iv_load_policy=1&#038;fs=1&#038;hl=fr-FR&#038;autohide=2&#038;start=40&#038;wmode=transparent\" allowfullscreen=\"true\" style=\"border:0;\" sandbox=\"allow-scripts allow-same-origin allow-popups allow-presentation\"><\/iframe><\/span><\/p>\n<p><span style=\"font-size: 14pt;\"><strong><a id=\"a4\"><\/a>4- V\u00e9z\u00e8re P\u00e9rigord Noir<\/strong><\/span><\/p>\n<p style=\"text-align: center;\"><a href=\"https:\/\/veloclubfaumont.fr\/?attachment_id=26059\" rel=\"attachment wp-att-26059\"><img loading=\"lazy\" decoding=\"async\" class=\"aligncenter size-full wp-image-26059\" src=\"https:\/\/veloclubfaumont.fr\/wp-content\/uploads\/2020\/12\/sarlat-perigord-noir.jpg\" alt=\"\" width=\"1598\" height=\"1588\" srcset=\"https:\/\/veloclubfaumont.fr\/wp-content\/uploads\/2020\/12\/sarlat-perigord-noir.jpg 1598w, https:\/\/veloclubfaumont.fr\/wp-content\/uploads\/2020\/12\/sarlat-perigord-noir-300x298.jpg 300w, https:\/\/veloclubfaumont.fr\/wp-content\/uploads\/2020\/12\/sarlat-perigord-noir-1024x1018.jpg 1024w, https:\/\/veloclubfaumont.fr\/wp-content\/uploads\/2020\/12\/sarlat-perigord-noir-150x150.jpg 150w, https:\/\/veloclubfaumont.fr\/wp-content\/uploads\/2020\/12\/sarlat-perigord-noir-768x763.jpg 768w, https:\/\/veloclubfaumont.fr\/wp-content\/uploads\/2020\/12\/sarlat-perigord-noir-1536x1526.jpg 1536w\" sizes=\"auto, (max-width: 1598px) 100vw, 1598px\" \/><\/a>circuits sur <a href=\"https:\/\/www.outdooractive.com\/fr\/list\/base-vtt-vezere-perigord-noir-labellisation-ffc\/128664578\/\" target=\"_blank\" rel=\"noopener\">Outdooractive.com<\/a> &#8211; Carte des <a href=\"https:\/\/www.sarlat-tourisme.com\/je-selectionne-mes-activites\/activites-sportives\/parcours-sportifs\/parcours-vtt-vtc\/\" target=\"_blank\" rel=\"noopener\">circuits autour de Sarlat<\/a><\/p>\n<p><span class=\"embed-youtube\" style=\"text-align:center; display: block;\"><iframe loading=\"lazy\" class=\"youtube-player\" width=\"640\" height=\"360\" src=\"https:\/\/www.youtube.com\/embed\/9nCpSOPnv48?version=3&#038;rel=1&#038;showsearch=0&#038;showinfo=1&#038;iv_load_policy=1&#038;fs=1&#038;hl=fr-FR&#038;autohide=2&#038;wmode=transparent\" allowfullscreen=\"true\" style=\"border:0;\" sandbox=\"allow-scripts allow-same-origin allow-popups allow-presentation\"><\/iframe><\/span><\/p>\n<hr>\n<p><span style=\"font-size: 18pt;\"><strong>le CANTAL (15)<\/strong><\/span><\/p>\n<p><span style=\"font-size: 14pt;\"><em><strong><a id=\"a5\"><\/a>5- Puy Mary \u2013 Vall\u00e9e de la Jordanne<\/strong><\/em><\/span><\/p>\n<p style=\"text-align: center;\"><a href=\"https:\/\/veloclubfaumont.fr\/?attachment_id=18666\" rel=\"attachment wp-att-18666\"><img loading=\"lazy\" decoding=\"async\" class=\"aligncenter size-full wp-image-18666\" src=\"https:\/\/veloclubfaumont.fr\/wp-content\/uploads\/2020\/06\/puy-mary.jpg\" sizes=\"auto, (max-width: 1232px) 100vw, 1232px\" srcset=\"https:\/\/veloclubfaumont.fr\/wp-content\/uploads\/2020\/06\/puy-mary.jpg 1232w, https:\/\/veloclubfaumont.fr\/wp-content\/uploads\/2020\/06\/puy-mary-300x243.jpg 300w, https:\/\/veloclubfaumont.fr\/wp-content\/uploads\/2020\/06\/puy-mary-1024x830.jpg 1024w, https:\/\/veloclubfaumont.fr\/wp-content\/uploads\/2020\/06\/puy-mary-768x623.jpg 768w\" alt=\"\" width=\"1232\" height=\"999\"><\/a><a href=\"http:\/\/www.puymary.fr\/sites\/www.puymary.fr\/files\/doc_de_promo_vtt_2015.pdf\" target=\"_blank\" rel=\"noopener noreferrer\">brochure d\u00e9taill\u00e9e<\/a> (en PDF)<\/p>\n<p>Circuits + GPX autour du Puy Mary sur <a href=\"https:\/\/sitesvtt.ffc.fr\/sites\/grand-site-du-puy-mary-vallee-de-la-jordanne-6\/\" target=\"_blank\" rel=\"noopener noreferrer\">le site de la FFC<\/a> ou sur <a href=\"https:\/\/www.puymary.fr\/fr\/randonn%C3%A9es-vtt\" target=\"_blank\" rel=\"noopener noreferrer\">le site officiel<\/a><br>Pr\u00e9sentation en photos (+ GPX) des circuits \u00ab&nbsp;<a href=\"http:\/\/lespagnol.prod.free.fr\/excursions\/espace_vtt_ffc_du_grand_site_du_puy_mary__le_cirque_de_mandailles.html\" target=\"_blank\" rel=\"noopener noreferrer\">Cirque de Mandailles<\/a>&nbsp;\u00bb + \u00ab&nbsp;<a href=\"http:\/\/lespagnol.prod.free.fr\/excursions\/espace_vtt_ffc_du_grand_site_du_puy_mary__le_cirque_de_mandailles.html\" target=\"_blank\" rel=\"noopener noreferrer\">Vall\u00e9e de la Jordanne<\/a> \u00ab\u00a0<\/p>\n<p style=\"text-align: center;\"><span class=\"embed-youtube\"><iframe loading=\"lazy\" class=\"youtube-player\" src=\"https:\/\/www.youtube.com\/embed\/GLRH4t0-8lk?version=3&amp;rel=1&amp;fs=1&amp;autohide=2&amp;showsearch=0&amp;showinfo=1&amp;iv_load_policy=1&amp;wmode=transparent\" width=\"640\" height=\"360\" allowfullscreen=\"allowfullscreen\" data-mce-fragment=\"1\"><\/iframe><\/span><\/p>\n<hr>\n<p><span style=\"font-size: 14pt;\"><strong><a id=\"a6\"><\/a>6- Pays de St Flour &amp; Espace de la Plan\u00e8ze<\/strong> :<\/span><\/p>\n<p style=\"text-align: center;\"><a href=\"https:\/\/veloclubfaumont.fr\/index.php\/2020\/06\/27\/bases-vtt-le-grand-centre\/st-flour-vtt\/\" rel=\"attachment wp-att-18770\"><img loading=\"lazy\" decoding=\"async\" class=\"aligncenter size-full wp-image-18770\" src=\"https:\/\/veloclubfaumont.fr\/wp-content\/uploads\/2020\/06\/st-flour-vtt.jpg\" sizes=\"auto, (max-width: 1301px) 100vw, 1301px\" srcset=\"https:\/\/veloclubfaumont.fr\/wp-content\/uploads\/2020\/06\/st-flour-vtt.jpg 1301w, https:\/\/veloclubfaumont.fr\/wp-content\/uploads\/2020\/06\/st-flour-vtt-300x236.jpg 300w, https:\/\/veloclubfaumont.fr\/wp-content\/uploads\/2020\/06\/st-flour-vtt-1024x806.jpg 1024w, https:\/\/veloclubfaumont.fr\/wp-content\/uploads\/2020\/06\/st-flour-vtt-768x604.jpg 768w\" alt=\"\" width=\"1301\" height=\"1024\"><\/a><a href=\"https:\/\/www.google.com\/url?sa=t&amp;rct=j&amp;q=&amp;esrc=s&amp;source=web&amp;cd=&amp;cad=rja&amp;uact=8&amp;ved=2ahUKEwim4ovnmbjqAhWUqHEKHVFwCv8QFjAAegQIBRAB&amp;url=http%3A%2F%2Flesvolpilieres-gite.fr%2Fwp-content%2Fuploads%2F2018%2F02%2Fcarte_des_circuits_vtt_pays_de_saint-flour.pdf&amp;usg=AOvVaw3cs4njxahSYq-yl1pG66UW\" target=\"_blank\" rel=\"noopener noreferrer\">carte en pdf ici<\/a><\/p>\n<p style=\"text-align: center;\"><a href=\"https:\/\/veloclubfaumont.fr\/index.php\/2020\/06\/27\/bases-vtt-le-grand-centre\/stflour\/\" rel=\"attachment wp-att-18648\"><img loading=\"lazy\" decoding=\"async\" class=\"aligncenter size-full wp-image-18648\" src=\"https:\/\/veloclubfaumont.fr\/wp-content\/uploads\/2020\/06\/stflour.jpg\" sizes=\"auto, (max-width: 1200px) 100vw, 1200px\" srcset=\"https:\/\/veloclubfaumont.fr\/wp-content\/uploads\/2020\/06\/stflour.jpg 1200w, https:\/\/veloclubfaumont.fr\/wp-content\/uploads\/2020\/06\/stflour-300x216.jpg 300w, https:\/\/veloclubfaumont.fr\/wp-content\/uploads\/2020\/06\/stflour-1024x738.jpg 1024w, https:\/\/veloclubfaumont.fr\/wp-content\/uploads\/2020\/06\/stflour-768x554.jpg 768w\" alt=\"\" width=\"1200\" height=\"865\"><\/a><a href=\"https:\/\/saint-flour-communaute.fr\/wp-content\/uploads\/2018\/07\/GUIDE-VTT-planeze-2018.pdf\">guide VTT de l\u2019espace de la Plan\u00e8ze ici (en PDF grand format)<\/a><\/p>\n<p style=\"text-align: justify;\">Circuits + traces sur <a href=\"https:\/\/sitesvtt.ffc.fr\/sites\/saint-flour-horizons-volcaniques\/\" target=\"_blank\" rel=\"noopener noreferrer\">le site de la FFC<\/a> + <a href=\"https:\/\/www.pays-saint-flour.fr\/sejour\/sports-loisirs\/vtt\/circuits-vtt\/\" target=\"_blank\" rel=\"noopener noreferrer\">site touristique<\/a> + <a href=\"https:\/\/www.mountnpass.com\/fr\/list\/pays-de-saint-flour-site-vtt-ffc\/128664563\/\" target=\"_blank\" rel=\"noopener noreferrer\">Mountnpass<\/a> + pr\u00e9sentation en photos sur <em>Mochilero Sol<\/em>o des circuits \u00ab&nbsp;<a href=\"http:\/\/lespagnol.prod.free.fr\/excursions\/espace_vtt_ffc_du_pays_de_saint_flour__des_bois_de_la_margeride_au_bout_du_monde.html\" target=\"_blank\" rel=\"noopener noreferrer\">Des Bois de la Margeride<\/a> (2) &nbsp;\u00bb + \u00ab&nbsp;<a href=\"http:\/\/lespagnol.prod.free.fr\/excursions\/espace_vtt_ffc_du_pays_de_saint_flour__au_gre_du_vent.html\" target=\"_blank\" rel=\"noopener noreferrer\">Au Gr\u00e9 du Vent<\/a> (4)&nbsp;\u00bb + \u00ab&nbsp;<a href=\"http:\/\/lespagnol.prod.free.fr\/excursions\/espace_vtt_ffc_du_pays_de_saint_flour__le_chateau_dalleuze.html\" target=\"_blank\" rel=\"noopener noreferrer\">Ch\u00e2teau d\u2019Alleuze<\/a> (7)&nbsp;\u00bb<\/p>\n<p>Voir \u00e9galement <a href=\"https:\/\/veloclubfaumont.fr\/index.php\/2020\/07\/29\/mes-vacances-vtt-dans-le-centre-de-la-france-2-3\/\" target=\"_blank\" rel=\"noopener\">mes vacances VTT dans le Cantal ici<\/a><\/p>\n<p style=\"text-align: center;\"><span class=\"embed-youtube\"><iframe loading=\"lazy\" class=\"youtube-player\" src=\"https:\/\/www.youtube.com\/embed\/qVws04nHLOk?version=3&amp;rel=1&amp;fs=1&amp;autohide=2&amp;showsearch=0&amp;showinfo=1&amp;iv_load_policy=1&amp;wmode=transparent\" width=\"640\" height=\"360\" allowfullscreen=\"allowfullscreen\" data-mce-fragment=\"1\"><\/iframe><\/span><\/p>\n<hr>\n<p><span style=\"font-size: 18pt;\"><strong><a id=\"a7\"><\/a>7- la GIRONDE (33)<\/strong><\/span><\/p>\n<p style=\"text-align: center;\"><iframe loading=\"lazy\" src=\"https:\/\/www.google.com\/maps\/d\/embed?mid=1-v3h8CzKz0KZQVDBfC8eFb10-_0&amp;hl=fr\" width=\"640\" height=\"480\"><\/iframe><\/p>\n<p style=\"text-align: center;\"><em>Domaine G\u00e9rard Lagors Hostens<\/em> :<\/p>\n<p style=\"text-align: center;\"><img loading=\"lazy\" decoding=\"async\" class=\"alignnone size-full\" src=\"http:\/\/www.arroudeya.com\/images\/stories\/plan-vtthostens2.png\" width=\"650\" height=\"411\"><br><em>base nautique d&rsquo;Hostens (avec circuits VTT autour des lacs)<\/em><\/p>\n<p style=\"text-align: center;\">Randonn\u00e9es VTT sur <a href=\"http:\/\/randovtt33.free.fr\/dotclear2016\/index.php?category\/Cartes-et-sentiers-VTT-v%C3%A9lo\" target=\"_blank\" rel=\"noopener\">randovtt33<\/a> (tr\u00e8s complet) &#8211; <a href=\"https:\/\/www.gironde.fr\/sport-loisirs\/sports-de-nature#esi\" target=\"_blank\" rel=\"noopener\">le site de la Gironde<\/a> &#8211; <a href=\"https:\/\/www.outdooractive.com\/fr\/parcours-vtt\/gironde\/parcours-vtt-gironde\/127568236\/\" target=\"_blank\" rel=\"noopener\">outdooractive<\/a> &#8211; <a href=\"https:\/\/www.komoot.fr\/guide\/26536\/circuits-de-rando-vtt-autour-de-la-gironde\" target=\"_blank\" rel=\"noopener\">Komoot<\/a> &#8211; 183 randos sur <a href=\"https:\/\/www.utagawavtt.com\/randonnee-vtt-gps-results\/region\/Gironde-33\" target=\"_blank\" rel=\"noopener\">utagawavtt<\/a> &#8211; <a href=\"https:\/\/www.canejan.fr\/cadre-de-vie\/161-balades-vertes-a-pied-et-a-velo.html\" target=\"_blank\" rel=\"noopener\">parcours des Graves<\/a><\/p>\n<p><span class=\"embed-youtube\" style=\"text-align:center; display: block;\"><iframe loading=\"lazy\" class=\"youtube-player\" width=\"640\" height=\"360\" src=\"https:\/\/www.youtube.com\/embed\/5dI4zmUJ11k?version=3&#038;rel=1&#038;showsearch=0&#038;showinfo=1&#038;iv_load_policy=1&#038;fs=1&#038;hl=fr-FR&#038;autohide=2&#038;wmode=transparent\" allowfullscreen=\"true\" style=\"border:0;\" sandbox=\"allow-scripts allow-same-origin allow-popups allow-presentation\"><\/iframe><\/span><\/p>\n<hr>\n<p><span style=\"font-size: 18pt;\"><strong><a id=\"a8\"><\/a>8- le LOT (46)<\/strong><\/span><\/p>\n<p style=\"text-align: center;\"><a href=\"https:\/\/veloclubfaumont.fr\/?attachment_id=26166\" rel=\"attachment wp-att-26166\"><img loading=\"lazy\" decoding=\"async\" class=\"aligncenter size-full wp-image-26166\" src=\"https:\/\/veloclubfaumont.fr\/wp-content\/uploads\/2020\/12\/carte-lot.jpg\" alt=\"\" width=\"1451\" height=\"1080\" srcset=\"https:\/\/veloclubfaumont.fr\/wp-content\/uploads\/2020\/12\/carte-lot.jpg 1451w, https:\/\/veloclubfaumont.fr\/wp-content\/uploads\/2020\/12\/carte-lot-300x223.jpg 300w, https:\/\/veloclubfaumont.fr\/wp-content\/uploads\/2020\/12\/carte-lot-1024x762.jpg 1024w, https:\/\/veloclubfaumont.fr\/wp-content\/uploads\/2020\/12\/carte-lot-768x572.jpg 768w\" sizes=\"auto, (max-width: 1451px) 100vw, 1451px\" \/><\/a>Circuits (avec cartes PDF + traces GPS) sur <a href=\"https:\/\/www.outdooractive.com\/fr\/parcours-vtt\/lot\/parcours-vtt-lot\/126218372\/\" target=\"_blank\" rel=\"noopener\">outdooractive.com<\/a> &#8211;&nbsp; <a href=\"https:\/\/www.lot-46.com\/lot-circuits-pour-velo-vtt\/\" target=\"_blank\" rel=\"noopener\">lot-46.com<\/a> &#8211; <a href=\"https:\/\/www.tourisme-lot.com\/balades-et-randonnees\/circuits-velo-et-vtt\" target=\"_blank\" rel=\"noopener\">tourisme-lot.com<\/a> &#8211; <a href=\"https:\/\/www.parc-causses-du-quercy.fr\/destination-parc\/voir-faire\/les-itineraires-du-parc\/velo\/boucles-lotoises-dans-le-parc\" target=\"_blank\" rel=\"noopener\">parc-causses-du-quercy.fr<\/a> &#8211; 6 parcours incontournables sur <a href=\"https:\/\/blog.utagawavtt.com\/fr\/blog\/destination-vtt-6-parcours-incontournables-dans-le-lot\" target=\"_blank\" rel=\"noopener\">uttagawavtt<\/a> &#8211;<\/p>\n<p><span class=\"embed-youtube\" style=\"text-align:center; display: block;\"><iframe loading=\"lazy\" class=\"youtube-player\" width=\"640\" height=\"360\" src=\"https:\/\/www.youtube.com\/embed\/4HSf2y5EY0E?version=3&#038;rel=1&#038;showsearch=0&#038;showinfo=1&#038;iv_load_policy=1&#038;fs=1&#038;hl=fr-FR&#038;autohide=2&#038;wmode=transparent\" allowfullscreen=\"true\" style=\"border:0;\" sandbox=\"allow-scripts allow-same-origin allow-popups allow-presentation\"><\/iframe><\/span><\/p>\n<hr>\n<p><span style=\"font-size: 18pt;\"><strong>l&rsquo;AVEYRON (12)<br><\/strong><\/span><\/p>\n<p style=\"text-align: center;\"><a href=\"https:\/\/veloclubfaumont.fr\/index.php\/2021\/01\/20\/bases-et-circuits-vtt-dans-le-grand-sud-ouest-1-2\/carte-aveyron\/\" rel=\"attachment wp-att-26170\"><img loading=\"lazy\" decoding=\"async\" class=\"aligncenter size-full wp-image-26170\" src=\"https:\/\/veloclubfaumont.fr\/wp-content\/uploads\/2020\/12\/carte-aveyron.jpg\" alt=\"\" width=\"912\" height=\"941\" srcset=\"https:\/\/veloclubfaumont.fr\/wp-content\/uploads\/2020\/12\/carte-aveyron.jpg 912w, https:\/\/veloclubfaumont.fr\/wp-content\/uploads\/2020\/12\/carte-aveyron-291x300.jpg 291w, https:\/\/veloclubfaumont.fr\/wp-content\/uploads\/2020\/12\/carte-aveyron-768x792.jpg 768w\" sizes=\"auto, (max-width: 912px) 100vw, 912px\" \/><\/a>Circuits VTT sur <a href=\"https:\/\/www.tourisme-aveyron.com\/fr\/voir-faire\/sport-nature\/vtt\/circuits-vtt-en-aveyron?ReactWay[currentPage]=3\" target=\"_blank\" rel=\"noopener\">tourisme-aveyron.com<\/a><\/p>\n<p>176 randonn\u00e9es VTT dans l&rsquo;Aveyron sur <a href=\"https:\/\/www.utagawavtt.com\/randonnee-vtt-gps-results\/region\/Aveyron-12\" target=\"_blank\" rel=\"noopener\">utagawavtt<\/a> &#8211;<\/p>\n<p style=\"text-align: justify;\"><span style=\"font-size: 14pt;\"><strong><em><a id=\"a9\"><\/a>9- Carladez<\/em><\/strong><\/span><\/p>\n<p style=\"text-align: center;\"><img loading=\"lazy\" decoding=\"async\" class=\" aligncenter\" src=\"https:\/\/www.brommat.fr\/resolution\/haute\/images\/circuits%20vtt\/carte-vtt.jpg\" width=\"576\" height=\"780\"><\/p>\n<p style=\"text-align: center;\"><a href=\"https:\/\/veloclubfaumont.fr\/?attachment_id=26171\" rel=\"attachment wp-att-26171\"><img loading=\"lazy\" decoding=\"async\" class=\"aligncenter size-full wp-image-26171\" src=\"https:\/\/veloclubfaumont.fr\/wp-content\/uploads\/2020\/12\/carladez.jpg\" alt=\"\" width=\"1070\" height=\"1062\" srcset=\"https:\/\/veloclubfaumont.fr\/wp-content\/uploads\/2020\/12\/carladez.jpg 1070w, https:\/\/veloclubfaumont.fr\/wp-content\/uploads\/2020\/12\/carladez-300x298.jpg 300w, https:\/\/veloclubfaumont.fr\/wp-content\/uploads\/2020\/12\/carladez-1024x1016.jpg 1024w, https:\/\/veloclubfaumont.fr\/wp-content\/uploads\/2020\/12\/carladez-150x150.jpg 150w, https:\/\/veloclubfaumont.fr\/wp-content\/uploads\/2020\/12\/carladez-768x762.jpg 768w\" sizes=\"auto, (max-width: 1070px) 100vw, 1070px\" \/><\/a><em>circuits en Carladez <a href=\"https:\/\/www.carladez.fr\/bouger\/nature-sport-et-bien-etre\/circuits-vtt\/\" target=\"_blank\" rel=\"noopener\">ici<\/a> &#8211; site du <a href=\"http:\/\/cycloclubcarladez.free.fr\/spip.php?rubrique20\" target=\"_blank\" rel=\"noopener\">cycloclub local<\/a> &#8211; <a href=\"https:\/\/bouger.blog.tourisme-aveyron.com\/vtt\/explorer-le-carladez-a-vtt\" target=\"_blank\" rel=\"noopener\">bouger.blog<\/a> &#8211; <\/em><\/p>\n<p style=\"text-align: center;\"><img loading=\"lazy\" decoding=\"async\" class=\"alignnone size-full\" src=\"http:\/\/img.over-blog-kiwi.com\/1\/49\/54\/62\/20151118\/ob_99d635_parcours-laussac.png\" width=\"1085\" height=\"1024\"><br><em>Circuit de&nbsp;la Presqu\u2019\u00eele de Laussac<\/em><\/p>\n<p><span class=\"embed-youtube\" style=\"text-align:center; display: block;\"><iframe loading=\"lazy\" class=\"youtube-player\" width=\"640\" height=\"360\" src=\"https:\/\/www.youtube.com\/embed\/RzG90FVFskY?version=3&#038;rel=1&#038;showsearch=0&#038;showinfo=1&#038;iv_load_policy=1&#038;fs=1&#038;hl=fr-FR&#038;autohide=2&#038;wmode=transparent\" allowfullscreen=\"true\" style=\"border:0;\" sandbox=\"allow-scripts allow-same-origin allow-popups allow-presentation\"><\/iframe><\/span><\/p>\n<p style=\"text-align: justify;\"><span style=\"font-size: 14pt;\"><strong><em><a id=\"a10\"><\/a>10- Autour de Millau<\/em><\/strong><\/span><\/p>\n<p style=\"text-align: center;\"><a href=\"https:\/\/veloclubfaumont.fr\/?attachment_id=26172\" rel=\"attachment wp-att-26172\"><img loading=\"lazy\" decoding=\"async\" class=\"aligncenter size-full wp-image-26172\" src=\"https:\/\/veloclubfaumont.fr\/wp-content\/uploads\/2020\/12\/millau.jpg\" alt=\"\" width=\"965\" height=\"805\" srcset=\"https:\/\/veloclubfaumont.fr\/wp-content\/uploads\/2020\/12\/millau.jpg 965w, https:\/\/veloclubfaumont.fr\/wp-content\/uploads\/2020\/12\/millau-300x250.jpg 300w, https:\/\/veloclubfaumont.fr\/wp-content\/uploads\/2020\/12\/millau-768x641.jpg 768w\" sizes=\"auto, (max-width: 965px) 100vw, 965px\" \/><\/a><em>autour de Millau &#8211; circuits sur <a href=\"http:\/\/www.millau-sports-nature.fr\/vtt\/Rando%20VTT\" target=\"_blank\" rel=\"noopener\">l&rsquo;office de tourisme<\/a> &#8211; <a href=\"https:\/\/www.visugpx.com\/itineraires\/vtt\/aveyron\/millau\/\" target=\"_blank\" rel=\"noopener\">visugpx<\/a><br><\/em><\/p>\n<p><span class=\"embed-youtube\" style=\"text-align:center; display: block;\"><iframe loading=\"lazy\" class=\"youtube-player\" width=\"640\" height=\"360\" src=\"https:\/\/www.youtube.com\/embed\/3LXOBQSwYSw?version=3&#038;rel=1&#038;showsearch=0&#038;showinfo=1&#038;iv_load_policy=1&#038;fs=1&#038;hl=fr-FR&#038;autohide=2&#038;wmode=transparent\" allowfullscreen=\"true\" style=\"border:0;\" sandbox=\"allow-scripts allow-same-origin allow-popups allow-presentation\"><\/iframe><\/span><\/p>\n<p style=\"text-align: justify;\"><span style=\"font-size: 14pt;\"><strong><em><a id=\"a11\"><\/a>11- Larzac et Vall\u00e9es<\/em><\/strong><\/span><\/p>\n<p style=\"text-align: center;\"><a href=\"https:\/\/veloclubfaumont.fr\/wp-content\/uploads\/2021\/01\/larzac-vallees.jpg\"><img loading=\"lazy\" decoding=\"async\" class=\"aligncenter size-full wp-image-26340\" src=\"https:\/\/veloclubfaumont.fr\/wp-content\/uploads\/2021\/01\/larzac-vallees.jpg\" alt=\"\" width=\"1176\" height=\"730\" srcset=\"https:\/\/veloclubfaumont.fr\/wp-content\/uploads\/2021\/01\/larzac-vallees.jpg 1176w, https:\/\/veloclubfaumont.fr\/wp-content\/uploads\/2021\/01\/larzac-vallees-300x186.jpg 300w, https:\/\/veloclubfaumont.fr\/wp-content\/uploads\/2021\/01\/larzac-vallees-1024x636.jpg 1024w, https:\/\/veloclubfaumont.fr\/wp-content\/uploads\/2021\/01\/larzac-vallees-768x477.jpg 768w\" sizes=\"auto, (max-width: 1176px) 100vw, 1176px\" \/><\/a><\/p>\n<p style=\"text-align: center;\">les circuits VTT dans les Grands Causses sur <a href=\"https:\/\/sitesvtt.ffc.fr\/sites\/larzac-et-vallees\/\" target=\"_blank\" rel=\"noopener\">le site de la FFC<\/a> (avec traces GPX) + <a href=\"https:\/\/rando.parc-grands-causses.fr\/?categories=T13&amp;T13_type2=12\" target=\"_blank\" rel=\"noopener\">le site de l&rsquo;OT<\/a> ou <a href=\"https:\/\/www.tourisme-larzac.com\/fr\/organisez-votre-sejour\/bouger\/randonnee-velo-vtt\" target=\"_blank\" rel=\"noopener\">ici<\/a> (avec pr\u00e9sentation, trace GPX et visualisation 3D du parcours)<\/p>\n<p><span class=\"embed-youtube\" style=\"text-align:center; display: block;\"><iframe loading=\"lazy\" class=\"youtube-player\" width=\"640\" height=\"360\" src=\"https:\/\/www.youtube.com\/embed\/XNIzDENeRBQ?version=3&#038;rel=1&#038;showsearch=0&#038;showinfo=1&#038;iv_load_policy=1&#038;fs=1&#038;hl=fr-FR&#038;autohide=2&#038;wmode=transparent\" allowfullscreen=\"true\" style=\"border:0;\" sandbox=\"allow-scripts allow-same-origin allow-popups allow-presentation\"><\/iframe><\/span><\/p>\n<p style=\"text-align: justify;\"><span style=\"font-size: 14pt;\"><strong><em><a id=\"a12\"><\/a>12- Autour de Rodez<\/em><\/strong><\/span><\/p>\n<p style=\"text-align: center;\"><a href=\"https:\/\/veloclubfaumont.fr\/?attachment_id=26173\" rel=\"attachment wp-att-26173\"><img loading=\"lazy\" decoding=\"async\" class=\"aligncenter size-full wp-image-26173\" src=\"https:\/\/veloclubfaumont.fr\/wp-content\/uploads\/2020\/12\/rodez.jpg\" alt=\"\" width=\"1367\" height=\"1298\" srcset=\"https:\/\/veloclubfaumont.fr\/wp-content\/uploads\/2020\/12\/rodez.jpg 1367w, https:\/\/veloclubfaumont.fr\/wp-content\/uploads\/2020\/12\/rodez-300x285.jpg 300w, https:\/\/veloclubfaumont.fr\/wp-content\/uploads\/2020\/12\/rodez-1024x972.jpg 1024w, https:\/\/veloclubfaumont.fr\/wp-content\/uploads\/2020\/12\/rodez-768x729.jpg 768w\" sizes=\"auto, (max-width: 1367px) 100vw, 1367px\" \/><\/a><em>carte d\u00e9taill\u00e9e <a href=\"https:\/\/www.rodezagglo.fr\/circuit-vtt-rodez-agglomerationbd\/\" target=\"_blank\" rel=\"noopener\">en PDF ici<\/a>&nbsp;<\/em><\/p>\n<p>Circuits en PDF + GPX sur le site de l&rsquo;<a href=\"https:\/\/www.rodez-tourisme.fr\/preparez-votre-sejour\/balades-en-pleine-nature\/balades-et-randonnees-a-vtt\/?listpage=2\" target=\"_blank\" rel=\"noopener\">office de Tourisme de Rodez<\/a> &#8211; GPX des circuits sur <a href=\"https:\/\/www.visugpx.com\/itineraires\/vtt\/aveyron\/rodez\/\" target=\"_blank\" rel=\"noopener\">Visugpx<\/a> &#8211; randos VTT sur <a href=\"https:\/\/www.randovtt.com\/traces-randonnees-vtt\/gps\/rodez_1112.html\" target=\"_blank\" rel=\"noopener\">randovtt.com<\/a> &#8211; utagawavtt &#8211;<\/p>\n<p><span class=\"embed-youtube\" style=\"text-align:center; display: block;\"><iframe loading=\"lazy\" class=\"youtube-player\" width=\"640\" height=\"360\" src=\"https:\/\/www.youtube.com\/embed\/Qik3w1Z5nR8?version=3&#038;rel=1&#038;showsearch=0&#038;showinfo=1&#038;iv_load_policy=1&#038;fs=1&#038;hl=fr-FR&#038;autohide=2&#038;wmode=transparent\" allowfullscreen=\"true\" style=\"border:0;\" sandbox=\"allow-scripts allow-same-origin allow-popups allow-presentation\"><\/iframe><\/span><\/p>\n<p style=\"text-align: justify;\"><span style=\"font-size: 14pt;\"><strong><em><a id=\"a13\"><\/a>13- Gorges du Lot et de la Truy\u00e8re<\/em><\/strong><\/span><\/p>\n<p style=\"text-align: center;\"><a href=\"https:\/\/www.tourisme-entraygues.com\/fr\/loisirs\/documents\/Carte-Poche-VTT-2018.pdf\" target=\"_blank\" rel=\"noopener\"><img loading=\"lazy\" decoding=\"async\" class=\"aligncenter size-full wp-image-26341\" src=\"https:\/\/veloclubfaumont.fr\/wp-content\/uploads\/2021\/01\/gorges-lot-truyere.jpg\" alt=\"\" width=\"1200\" height=\"1722\" srcset=\"https:\/\/veloclubfaumont.fr\/wp-content\/uploads\/2021\/01\/gorges-lot-truyere.jpg 1200w, https:\/\/veloclubfaumont.fr\/wp-content\/uploads\/2021\/01\/gorges-lot-truyere-209x300.jpg 209w, https:\/\/veloclubfaumont.fr\/wp-content\/uploads\/2021\/01\/gorges-lot-truyere-714x1024.jpg 714w, https:\/\/veloclubfaumont.fr\/wp-content\/uploads\/2021\/01\/gorges-lot-truyere-768x1102.jpg 768w, https:\/\/veloclubfaumont.fr\/wp-content\/uploads\/2021\/01\/gorges-lot-truyere-1070x1536.jpg 1070w\" sizes=\"auto, (max-width: 1200px) 100vw, 1200px\" \/><\/a>Traces GPX sur l&rsquo;<a href=\"https:\/\/www.tourisme-entraygues.com\/fr\/loisirs\/vtt-cyclo-trottinette.php\" target=\"_blank\" rel=\"noopener\">office de Tourisme<\/a> &#8211; <a href=\"https:\/\/www.utagawavtt.com\/search\/auteur\/128534\" target=\"_blank\" rel=\"noopener\">utagawavtt<\/a> &#8211;<\/p>\n<p><span class=\"embed-youtube\" style=\"text-align:center; display: block;\"><iframe loading=\"lazy\" class=\"youtube-player\" width=\"640\" height=\"360\" src=\"https:\/\/www.youtube.com\/embed\/LqsZUWYS-R4?version=3&#038;rel=1&#038;showsearch=0&#038;showinfo=1&#038;iv_load_policy=1&#038;fs=1&#038;hl=fr-FR&#038;autohide=2&#038;wmode=transparent\" allowfullscreen=\"true\" style=\"border:0;\" sandbox=\"allow-scripts allow-same-origin allow-popups allow-presentation\"><\/iframe><\/span><\/p>\n<p style=\"text-align: justify;\"><span style=\"font-size: 14pt;\"><strong><em><a id=\"a14\"><\/a>14- Espace Nature du Laissagais<\/em><\/strong><\/span><\/p>\n<p style=\"text-align: center;\"><em><img loading=\"lazy\" decoding=\"async\" class=\"alignnone size-full\" src=\"https:\/\/decouvrir.blog.tourisme-aveyron.com\/uploads\/sites\/2\/2016\/02\/Carte-circuits-VTT-Laissac.jpg\" width=\"2000\" height=\"1409\"><br>carte d\u00e9taill\u00e9 <a href=\"http:\/\/www.tourisme-aveyron.com\/fr\/circuits-itineraires\/vtt\/documents\/Circuit-VTT-Laissac.pdf\" target=\"_blank\" rel=\"noopener\">en PDF ici<\/a><\/em><\/p>\n<p style=\"text-align: justify;\">traces GPX sur <a href=\"https:\/\/sitesvtt.ffc.fr\/sites\/espace-sport-nature-du-laissagais-6\/\" target=\"_blank\" rel=\"noopener\">le site de la FFC<\/a> &#8211; circuits VTT sur <a href=\"http:\/\/www.espace-sport-nature.fr\/esn_vtt_accueil.html\" target=\"_blank\" rel=\"noopener\">l&rsquo;office de tourisme<\/a> &#8211; <a href=\"https:\/\/bouger.blog.tourisme-aveyron.com\/vtt\/du-vtt-en-laissagais\" target=\"_blank\" rel=\"noopener\">circuits sur un blog<\/a> &#8211; <a href=\"http:\/\/www.espace-sport-nature.fr\/esn_vtt_accueil.html\" target=\"_blank\" rel=\"noopener\">site officiel de l&rsquo;espace nature<\/a> &#8211;<a href=\"https:\/\/www.cirkwi.com\/fr\/Laissac-Tourisme?offset=0&amp;lat=44.36575&amp;lng=2.8504&amp;zoom=18\" target=\"_blank\" rel=\"noopener\"> cirkwi<\/a> &#8211;<\/p>\n<p><span class=\"embed-youtube\" style=\"text-align:center; display: block;\"><iframe loading=\"lazy\" class=\"youtube-player\" width=\"640\" height=\"360\" src=\"https:\/\/www.youtube.com\/embed\/1HsO5Ri0gJ0?version=3&#038;rel=1&#038;showsearch=0&#038;showinfo=1&#038;iv_load_policy=1&#038;fs=1&#038;hl=fr-FR&#038;autohide=2&#038;wmode=transparent\" allowfullscreen=\"true\" style=\"border:0;\" sandbox=\"allow-scripts allow-same-origin allow-popups allow-presentation\"><\/iframe><\/span><\/p>\n<p style=\"text-align: justify;\"><span style=\"font-size: 14pt;\"><strong><em><a id=\"a15\"><\/a>15- Aubrac &#8211; Vall\u00e9e du Lot<\/em><\/strong><\/span><\/p>\n<p style=\"text-align: center;\"><a href=\"http:\/\/geekeries.de-labrusse.fr\/wp-content\/uploads\/2015\/08\/Site-VTT-FFC-Aubrac-Vall%C3%A9e-du-Lot-.pdf\" target=\"_blank\" rel=\"noopener\"><img loading=\"lazy\" decoding=\"async\" class=\"aligncenter size-full wp-image-26344\" src=\"https:\/\/veloclubfaumont.fr\/wp-content\/uploads\/2021\/01\/aubrac.jpg\" alt=\"\" width=\"1834\" height=\"1248\" srcset=\"https:\/\/veloclubfaumont.fr\/wp-content\/uploads\/2021\/01\/aubrac.jpg 1834w, https:\/\/veloclubfaumont.fr\/wp-content\/uploads\/2021\/01\/aubrac-300x204.jpg 300w, https:\/\/veloclubfaumont.fr\/wp-content\/uploads\/2021\/01\/aubrac-1024x697.jpg 1024w, https:\/\/veloclubfaumont.fr\/wp-content\/uploads\/2021\/01\/aubrac-768x523.jpg 768w, https:\/\/veloclubfaumont.fr\/wp-content\/uploads\/2021\/01\/aubrac-1536x1045.jpg 1536w\" sizes=\"auto, (max-width: 1834px) 100vw, 1834px\" \/><\/a><\/p>\n<p style=\"text-align: justify;\">les circuits VTT dans les Grands Causses sur <a href=\"https:\/\/rando.parc-grands-causses.fr\/?categories=T13&amp;T13_type2=12\" target=\"_blank\" rel=\"noopener\">le site de l&rsquo;OT<\/a> (avec pr\u00e9sentation, trace GPX et visualisation 3D du parcours) &#8211; <a href=\"https:\/\/www.condomdaubrac.fr\/randonnees-vtt_fr.html\" target=\"_blank\" rel=\"noopener\">randos VTT<\/a> autour de Condom d&rsquo;Aubrac.<\/p>\n<p><span class=\"embed-youtube\" style=\"text-align:center; display: block;\"><iframe loading=\"lazy\" class=\"youtube-player\" width=\"640\" height=\"360\" src=\"https:\/\/www.youtube.com\/embed\/66Yj2C3a0_s?version=3&#038;rel=1&#038;showsearch=0&#038;showinfo=1&#038;iv_load_policy=1&#038;fs=1&#038;hl=fr-FR&#038;autohide=2&#038;wmode=transparent\" allowfullscreen=\"true\" style=\"border:0;\" sandbox=\"allow-scripts allow-same-origin allow-popups allow-presentation\"><\/iframe><\/span><\/p>\n<h1 class=\"ixu-heading sel-doc-info-title ixu-heading--small\"><em><span style=\"font-size: 14pt;\"><a id=\"a16\"><\/a>16- Pays de Roquefort et du Saint-Affricain<\/span><\/em><\/h1>\n<p>les circuits sur <a href=\"https:\/\/www.tourisme-aveyron.com\/fr\/diffusio\/activites\/base-vtt-du-saint-affricain-st-affrique_TFO120565680659\" target=\"_blank\" rel=\"noopener\">tourisme-aveyron<\/a> &#8211; <a href=\"https:\/\/bouger.blog.tourisme-aveyron.com\/vtt\/les-circuits-vtt-du-saint-affricain\" target=\"_blank\" rel=\"noopener\">bouger.blog<\/a> &#8211; <a href=\"https:\/\/www.roquefort-tourisme.fr\/fr\/bouger\/les-randonnees\/a-vtt\" target=\"_blank\" rel=\"noopener\">office de tourisme de Roquefort<\/a> (avec liens topos circuits) &#8211; <a href=\"https:\/\/rando.parc-grands-causses.fr\/?categories=T13\" target=\"_blank\" rel=\"noopener\">rando grands causses<\/a> &#8211; <a href=\"https:\/\/www.outdooractive.com\/fr\/list\/base-vtt-du-saint-affricain\/128664540\/#gref\" target=\"_blank\" rel=\"noopener\">outdooractive<\/a><\/p>\n<p><span class=\"embed-youtube\" style=\"text-align:center; display: block;\"><iframe loading=\"lazy\" class=\"youtube-player\" width=\"640\" height=\"360\" src=\"https:\/\/www.youtube.com\/embed\/xOcb7zPLgN8?version=3&#038;rel=1&#038;showsearch=0&#038;showinfo=1&#038;iv_load_policy=1&#038;fs=1&#038;hl=fr-FR&#038;autohide=2&#038;wmode=transparent\" allowfullscreen=\"true\" style=\"border:0;\" sandbox=\"allow-scripts allow-same-origin allow-popups allow-presentation\"><\/iframe><\/span><\/p>\n<hr>\n<p><span style=\"font-size: 18pt;\"><strong>la LOZERE (48)<br><\/strong><\/span><\/p>\n<p>Quelques randos sur <a href=\"https:\/\/www.komoot.fr\/guide\/41096\/circuits-de-rando-vtt-autour-de-la-lozere\" target=\"_blank\" rel=\"noopener\">Komoot<\/a> &#8211; <a href=\"https:\/\/www.lozere-tourisme.com\/vtt-parcours\" target=\"_blank\" rel=\"noopener\">tourisme-lozere.com<\/a> &#8211;<\/p>\n<p><span class=\"embed-youtube\" style=\"text-align:center; display: block;\"><iframe loading=\"lazy\" class=\"youtube-player\" width=\"640\" height=\"360\" src=\"https:\/\/www.youtube.com\/embed\/GoJNjb-zuH8?version=3&#038;rel=1&#038;showsearch=0&#038;showinfo=1&#038;iv_load_policy=1&#038;fs=1&#038;hl=fr-FR&#038;autohide=2&#038;wmode=transparent\" allowfullscreen=\"true\" style=\"border:0;\" sandbox=\"allow-scripts allow-same-origin allow-popups allow-presentation\"><\/iframe><\/span><\/p>\n<p><strong><em><span style=\"font-size: 14pt;\"><a id=\"a17\"><\/a>17- Mendes Coeur de Loz\u00e8re<\/span><\/em><\/strong><\/p>\n<p style=\"text-align: center;\"><a href=\"https:\/\/veloclubfaumont.fr\/wp-content\/uploads\/2020\/12\/mendes-coeur-de-lozere-vtt.jpg\"><img loading=\"lazy\" decoding=\"async\" class=\"aligncenter size-full wp-image-26223\" src=\"https:\/\/veloclubfaumont.fr\/wp-content\/uploads\/2020\/12\/mendes-coeur-de-lozere-vtt.jpg\" alt=\"\" width=\"1863\" height=\"1322\" srcset=\"https:\/\/veloclubfaumont.fr\/wp-content\/uploads\/2020\/12\/mendes-coeur-de-lozere-vtt.jpg 1863w, https:\/\/veloclubfaumont.fr\/wp-content\/uploads\/2020\/12\/mendes-coeur-de-lozere-vtt-300x213.jpg 300w, https:\/\/veloclubfaumont.fr\/wp-content\/uploads\/2020\/12\/mendes-coeur-de-lozere-vtt-1024x727.jpg 1024w, https:\/\/veloclubfaumont.fr\/wp-content\/uploads\/2020\/12\/mendes-coeur-de-lozere-vtt-768x545.jpg 768w, https:\/\/veloclubfaumont.fr\/wp-content\/uploads\/2020\/12\/mendes-coeur-de-lozere-vtt-1536x1090.jpg 1536w\" sizes=\"auto, (max-width: 1863px) 100vw, 1863px\" \/><\/a><a href=\"http:\/\/lespagnol.prod.free.fr\/content\/default\/resources\/espace_vtt_ffc_de_mende_coeur_de_lozere.pdf\" target=\"_blank\" rel=\"noopener\">carte d\u00e9taill\u00e9e en grand format PDF ici<\/a><\/p>\n<p>Circuits sur le <a href=\"https:\/\/www.mende-coeur-lozere.fr\/a-voir-et-a-faire\/activites\/cyclotourisme-vtt\/circuits-vtt\/\" target=\"_blank\" rel=\"noopener\">site de l&rsquo;Office de Tourisme<\/a> (avec cartes et GPX) &#8211; reportages photos sur le site Mochilero Solo (<a href=\"http:\/\/lespagnol.prod.free.fr\/excursions\/espace_vtt_ffc_de_mende_coeur_de_lozere__le_lac_de_charpal.html\" target=\"_blank\" rel=\"noopener\">Lac de Charpal<\/a> &#8211; <a href=\"http:\/\/lespagnol.prod.free.fr\/excursions\/espace_vtt_ffc_de_mende_coeur_de_lozere__le_lac_de_charpal.html\" target=\"_blank\" rel=\"noopener\">Vall\u00e9e du Lot et Causse de Changef\u00e8ge<\/a>)<\/p>\n<p><span class=\"embed-youtube\" style=\"text-align:center; display: block;\"><iframe loading=\"lazy\" class=\"youtube-player\" width=\"640\" height=\"360\" src=\"https:\/\/www.youtube.com\/embed\/5q3kkU-o1sA?version=3&#038;rel=1&#038;showsearch=0&#038;showinfo=1&#038;iv_load_policy=1&#038;fs=1&#038;hl=fr-FR&#038;autohide=2&#038;wmode=transparent\" allowfullscreen=\"true\" style=\"border:0;\" sandbox=\"allow-scripts allow-same-origin allow-popups allow-presentation\"><\/iframe><\/span><\/p>\n<p><strong><em><span style=\"font-size: 14pt;\"><a id=\"a18\"><\/a>18- Monts du Midi<\/span><\/em><\/strong><\/p>\n<p>Circuits VTT sur <a href=\"https:\/\/www.outdooractive.com\/fr\/list\/monts-du-midi-tourisme-site-vtt-ffc\/128664533\/#gref\" target=\"_blank\" rel=\"noopener\">Outdooractive<\/a> &#8211; <a href=\"https:\/\/www.utagawavtt.com\/search\/auteur\/125515\" target=\"_blank\" rel=\"noopener\">utagawavt<\/a>t &#8211; <a href=\"https:\/\/www.margeride-en-gevaudan.com\/explorer\/petites-randonnees-en-margeride\/a-velo\/\" target=\"_blank\" rel=\"noopener\">office de tourisme de la Margeride en G\u00e9vaudan<\/a> &#8211; <a href=\"https:\/\/www.utagawavtt.com\/search\/auteur\/125515\" target=\"_blank\" rel=\"noopener\">utagawavtt<\/a> &#8211;<\/p>\n<p><span class=\"embed-youtube\" style=\"text-align:center; display: block;\"><iframe loading=\"lazy\" class=\"youtube-player\" width=\"640\" height=\"360\" src=\"https:\/\/www.youtube.com\/embed\/6PWZDLM5ToM?version=3&#038;rel=1&#038;showsearch=0&#038;showinfo=1&#038;iv_load_policy=1&#038;fs=1&#038;hl=fr-FR&#038;autohide=2&#038;wmode=transparent\" allowfullscreen=\"true\" style=\"border:0;\" sandbox=\"allow-scripts allow-same-origin allow-popups allow-presentation\"><\/iframe><\/span><\/p>\n<p><strong><em><span style=\"font-size: 14pt;\"><a id=\"a19\"><\/a>19- Domaine du G\u00e9vaudan &#8211; Langogne Margeride<\/span><\/em><\/strong><\/p>\n<p style=\"text-align: center;\">Traces GPX sur <a href=\"https:\/\/sitesvtt.ffc.fr\/sites\/domaine-vtt-du-gevaudan-6\/\" target=\"_blank\" rel=\"noopener\">le site de la FFC<\/a> &#8211; <a href=\"https:\/\/ot-langogne.com\/explorer\/velo-vtt-velorail-trottinette\/circuits-vtt-vae\/\" target=\"_blank\" rel=\"noopener\">Circuits VTT autour du lac de Naussac<\/a><\/p>\n<p><span class=\"embed-youtube\" style=\"text-align:center; display: block;\"><iframe loading=\"lazy\" class=\"youtube-player\" width=\"640\" height=\"360\" src=\"https:\/\/www.youtube.com\/embed\/3emteOqwi_k?version=3&#038;rel=1&#038;showsearch=0&#038;showinfo=1&#038;iv_load_policy=1&#038;fs=1&#038;hl=fr-FR&#038;autohide=2&#038;wmode=transparent\" allowfullscreen=\"true\" style=\"border:0;\" sandbox=\"allow-scripts allow-same-origin allow-popups allow-presentation\"><\/iframe><\/span><\/p>\n<hr>\n<p><span style=\"font-size: 18pt;\"><strong><a id=\"a20\"><\/a>20- les LANDES (40)<br><\/strong><\/span><\/p>\n<p style=\"text-align: center;\"><img loading=\"lazy\" decoding=\"async\" class=\"aligncenter size-full wp-image-26348\" src=\"https:\/\/veloclubfaumont.fr\/wp-content\/uploads\/2021\/01\/landes.jpg\" alt=\"\" width=\"1192\" height=\"672\" srcset=\"https:\/\/veloclubfaumont.fr\/wp-content\/uploads\/2021\/01\/landes.jpg 1192w, https:\/\/veloclubfaumont.fr\/wp-content\/uploads\/2021\/01\/landes-300x169.jpg 300w, https:\/\/veloclubfaumont.fr\/wp-content\/uploads\/2021\/01\/landes-1024x577.jpg 1024w, https:\/\/veloclubfaumont.fr\/wp-content\/uploads\/2021\/01\/landes-768x433.jpg 768w, https:\/\/veloclubfaumont.fr\/wp-content\/uploads\/2021\/01\/landes-777x437.jpg 777w, https:\/\/veloclubfaumont.fr\/wp-content\/uploads\/2021\/01\/landes-260x146.jpg 260w, https:\/\/veloclubfaumont.fr\/wp-content\/uploads\/2021\/01\/landes-120x67.jpg 120w\" sizes=\"auto, (max-width: 1192px) 100vw, 1192px\" \/><em>carte des secteurs VTT dans les Landes<\/em><\/p>\n<p style=\"text-align: center;\"><a href=\"https:\/\/veloclubfaumont.fr\/wp-content\/uploads\/2021\/01\/landes-petites-landes-roquefort.jpg\"><img loading=\"lazy\" decoding=\"async\" class=\"aligncenter size-full wp-image-26349\" src=\"https:\/\/veloclubfaumont.fr\/wp-content\/uploads\/2021\/01\/landes-petites-landes-roquefort.jpg\" alt=\"\" width=\"1299\" height=\"1060\" srcset=\"https:\/\/veloclubfaumont.fr\/wp-content\/uploads\/2021\/01\/landes-petites-landes-roquefort.jpg 1299w, https:\/\/veloclubfaumont.fr\/wp-content\/uploads\/2021\/01\/landes-petites-landes-roquefort-300x245.jpg 300w, https:\/\/veloclubfaumont.fr\/wp-content\/uploads\/2021\/01\/landes-petites-landes-roquefort-1024x836.jpg 1024w, https:\/\/veloclubfaumont.fr\/wp-content\/uploads\/2021\/01\/landes-petites-landes-roquefort-768x627.jpg 768w\" sizes=\"auto, (max-width: 1299px) 100vw, 1299px\" \/><\/a><em>secteur des Petites Landes de Roquefort<\/em><\/p>\n<p>Quelques randos sur <a href=\"https:\/\/www.komoot.fr\/guide\/38860\/circuits-de-rando-vtt-autour-des-landes\" target=\"_blank\" rel=\"noopener\">Komoot<\/a> &#8211; <a href=\"https:\/\/www.utagawavtt.com\/randonnee-vtt-gps-results\/region\/Landes-40\" target=\"_blank\" rel=\"noopener\">utagawavtt<\/a> &#8211; <a href=\"https:\/\/www.tourismelandes.com\/decouvrir-la-destination\/atmospheres-landaises\/velo\/rando-guide-vtt\/\" target=\"_blank\" rel=\"noopener\">office de tourisme des Landes<\/a> (avec pr\u00e9sentation + carte + gpx) &#8211; <a href=\"https:\/\/www.randovtt.com\/traces-randonnees-vtt\/gps\/landes_266.html\" target=\"_blank\" rel=\"noopener\">randovtt<\/a> &#8211;<\/p>\n<p><span class=\"embed-youtube\" style=\"text-align:center; display: block;\"><iframe loading=\"lazy\" class=\"youtube-player\" width=\"640\" height=\"360\" src=\"https:\/\/www.youtube.com\/embed\/vOe1ewM5FOk?version=3&#038;rel=1&#038;showsearch=0&#038;showinfo=1&#038;iv_load_policy=1&#038;fs=1&#038;hl=fr-FR&#038;autohide=2&#038;wmode=transparent\" allowfullscreen=\"true\" style=\"border:0;\" sandbox=\"allow-scripts allow-same-origin allow-popups allow-presentation\"><\/iframe><\/span><\/p>\n<hr>\n<p><span style=\"font-size: 18pt;\"><strong><a id=\"a21\"><\/a>21- le LOT et GARONNE (47)<br><\/strong><\/span><\/p>\n<p style=\"text-align: center;\"><img loading=\"lazy\" decoding=\"async\" class=\"alignnone size-full\" src=\"https:\/\/sitesvtt.ffc.fr\/app\/uploads\/sites\/2\/2014\/03\/Carte-Lot-et-Garonne-768x570.jpg\" width=\"768\" height=\"570\"><br><a href=\"https:\/\/www.tourisme-coeurlotetgaronne.fr\/fileadmin\/Collectivites\/CCLT_Tourisme\/Randonnees\/a_velo\/carte_circuits_VTT.pdf\" target=\"_blank\" rel=\"noopener\">carte en PDF ici<\/a> &#8211; <a href=\"https:\/\/sitesvtt.ffc.fr\/sites\/espace-randonnee-entre-lot-et-garonne-7\/\" target=\"_blank\" rel=\"noopener\">site de la FFC<\/a> (avec traces GPX) &#8211;<\/p>\n<p><span class=\"embed-youtube\" style=\"text-align:center; display: block;\"><iframe loading=\"lazy\" class=\"youtube-player\" width=\"640\" height=\"360\" src=\"https:\/\/www.youtube.com\/embed\/xdj34XsDCY8?version=3&#038;rel=1&#038;showsearch=0&#038;showinfo=1&#038;iv_load_policy=1&#038;fs=1&#038;hl=fr-FR&#038;autohide=2&#038;wmode=transparent\" allowfullscreen=\"true\" style=\"border:0;\" sandbox=\"allow-scripts allow-same-origin allow-popups allow-presentation\"><\/iframe><\/span><\/p>\n<p style=\"text-align: center;\"><a href=\"http:\/\/www.tourisme-villeneuvois.fr\/files\/ot-villeneuve\/files\/fichiers\/img\/affiche_randonnee_gv-2602-2016.jpg\"><img loading=\"lazy\" decoding=\"async\" class=\"aligncenter\" src=\"http:\/\/www.tourisme-villeneuvois.fr\/files\/ot-villeneuve\/files\/fichiers\/img\/affiche_randonnee_gv-2602-2016.jpg\" alt=\"\" width=\"424\" height=\"600\"><\/a><br><em><a id=\"a22222\"><\/a>circuits VTT autour de Villeneuve sur Lot<\/em><\/p>\n<p>37 randonn\u00e9es sur <a href=\"https:\/\/www.utagawavtt.com\/randonnee-vtt-gps-results\/region\/Lot-et-Garonne-47\" target=\"_blank\" rel=\"noopener\">utagawavtt<\/a> &#8211;<\/p>\n<hr>\n<p><span style=\"font-size: 18pt;\"><strong><a id=\"a22\"><\/a>22- le TARN et GARONNE (82)<br><\/strong><\/span><\/p>\n<p style=\"text-align: justify;\"><span style=\"font-size: 14pt;\"><em><strong>Gorges de l&rsquo;Aveyron &#8211; Viaur Aveyron <\/strong>(secteurs de Villefranche<\/em><em>-de-Rouergue, Najac et St Antonin Noble Val)<\/em><\/span><\/p>\n<p style=\"text-align: center;\"><a href=\"https:\/\/veloclubfaumont.fr\/?attachment_id=26204\" rel=\"attachment wp-att-26204\"><img loading=\"lazy\" decoding=\"async\" class=\"aligncenter size-full wp-image-26204\" src=\"https:\/\/veloclubfaumont.fr\/wp-content\/uploads\/2020\/12\/gorges-aveyron-najac.jpg\" alt=\"\" width=\"1863\" height=\"1317\" srcset=\"https:\/\/veloclubfaumont.fr\/wp-content\/uploads\/2020\/12\/gorges-aveyron-najac.jpg 1863w, https:\/\/veloclubfaumont.fr\/wp-content\/uploads\/2020\/12\/gorges-aveyron-najac-300x212.jpg 300w, https:\/\/veloclubfaumont.fr\/wp-content\/uploads\/2020\/12\/gorges-aveyron-najac-1024x724.jpg 1024w, https:\/\/veloclubfaumont.fr\/wp-content\/uploads\/2020\/12\/gorges-aveyron-najac-768x543.jpg 768w, https:\/\/veloclubfaumont.fr\/wp-content\/uploads\/2020\/12\/gorges-aveyron-najac-1536x1086.jpg 1536w\" sizes=\"auto, (max-width: 1863px) 100vw, 1863px\" \/><\/a><\/p>\n<p style=\"text-align: center;\"><a href=\"https:\/\/veloclubfaumont.fr\/index.php\/2021\/01\/20\/bases-et-circuits-vtt-dans-le-grand-sud-ouest-1-2\/gorges-aveyron-villefranche-rouergue\/\" rel=\"attachment wp-att-26205\"><img loading=\"lazy\" decoding=\"async\" class=\"aligncenter size-full wp-image-26205\" src=\"https:\/\/veloclubfaumont.fr\/wp-content\/uploads\/2020\/12\/gorges-aveyron-villefranche-rouergue.jpg\" alt=\"\" width=\"1394\" height=\"1238\" srcset=\"https:\/\/veloclubfaumont.fr\/wp-content\/uploads\/2020\/12\/gorges-aveyron-villefranche-rouergue.jpg 1394w, https:\/\/veloclubfaumont.fr\/wp-content\/uploads\/2020\/12\/gorges-aveyron-villefranche-rouergue-300x266.jpg 300w, https:\/\/veloclubfaumont.fr\/wp-content\/uploads\/2020\/12\/gorges-aveyron-villefranche-rouergue-1024x909.jpg 1024w, https:\/\/veloclubfaumont.fr\/wp-content\/uploads\/2020\/12\/gorges-aveyron-villefranche-rouergue-768x682.jpg 768w\" sizes=\"auto, (max-width: 1394px) 100vw, 1394px\" \/><\/a><em><a href=\"https:\/\/veloclubfaumont.fr\/index.php\/2021\/01\/20\/bases-et-circuits-vtt-dans-le-grand-sud-ouest-1-2\/gorges-aveyron\/\" target=\"_blank\" rel=\"attachment noopener wp-att-26206\">cartes en grand format PDF ici<\/a><\/em><\/p>\n<p style=\"text-align: center;\"><a href=\"https:\/\/vttpyrenees.files.wordpress.com\/2018\/08\/travelst-antoninnv-bd.pdf\" target=\"_blank\" rel=\"noopener\"><img loading=\"lazy\" decoding=\"async\" class=\"aligncenter size-full wp-image-26347\" src=\"https:\/\/veloclubfaumont.fr\/wp-content\/uploads\/2021\/01\/viaur-aveyron-3.jpg\" alt=\"\" width=\"1881\" height=\"1344\" srcset=\"https:\/\/veloclubfaumont.fr\/wp-content\/uploads\/2021\/01\/viaur-aveyron-3.jpg 1881w, https:\/\/veloclubfaumont.fr\/wp-content\/uploads\/2021\/01\/viaur-aveyron-3-300x214.jpg 300w, https:\/\/veloclubfaumont.fr\/wp-content\/uploads\/2021\/01\/viaur-aveyron-3-1024x732.jpg 1024w, https:\/\/veloclubfaumont.fr\/wp-content\/uploads\/2021\/01\/viaur-aveyron-3-768x549.jpg 768w, https:\/\/veloclubfaumont.fr\/wp-content\/uploads\/2021\/01\/viaur-aveyron-3-1536x1097.jpg 1536w\" sizes=\"auto, (max-width: 1881px) 100vw, 1881px\" \/><\/a><br>quelques circuits sur <a href=\"https:\/\/www.cirkwi.com\/fr\/tourisme-villefranche-najac?offset=15&amp;lat=44.32733&amp;lng=2.03148&amp;zoom=10&amp;types=circuit;\" target=\"_blank\" rel=\"noopener\">cirkwi<\/a> &#8211; des randos VTT sur <a href=\"https:\/\/www.visugpx.com\/itineraires\/vtt\/tarn-et-garonne\/saint-antonin-noble-val\/\" target=\"_blank\" rel=\"noopener\">visugpx<\/a> &#8211; <a href=\"http:\/\/www.vttour.fr\/sommets\/saint-antonin-noble-val,2090.html\" target=\"_blank\" rel=\"noopener\">vttour<\/a> &#8211;<\/p>\n<p><span class=\"embed-youtube\" style=\"text-align:center; display: block;\"><iframe loading=\"lazy\" class=\"youtube-player\" width=\"640\" height=\"360\" src=\"https:\/\/www.youtube.com\/embed\/IdM86PN6bg8?version=3&#038;rel=1&#038;showsearch=0&#038;showinfo=1&#038;iv_load_policy=1&#038;fs=1&#038;hl=fr-FR&#038;autohide=2&#038;wmode=transparent\" allowfullscreen=\"true\" style=\"border:0;\" sandbox=\"allow-scripts allow-same-origin allow-popups allow-presentation\"><\/iframe><\/span><\/p>\n<hr>\n<p><span style=\"font-size: 18pt;\"><strong>le GERS (<\/strong><\/span><span style=\"font-size: 18pt;\"><strong>32)<\/strong><\/span><\/p>\n<p><em><strong><span style=\"font-size: 14pt;\"><a id=\"a23\"><\/a>23- Vallon du Lectourois &#8211; Coeur de Gascogne<\/span><\/strong><\/em><\/p>\n<p style=\"text-align: center;\"><a href=\"https:\/\/www.limacs.fr\/wp-content\/uploads\/2015\/04\/panneau-2014-1-full.jpg\"><img loading=\"lazy\" decoding=\"async\" class=\"aligncenter\" src=\"https:\/\/www.limacs.fr\/wp-content\/uploads\/2015\/04\/panneau-2014-1-full.jpg\" alt=\"\" width=\"1280\" height=\"839\"><\/a><a href=\"https:\/\/www.limacs.fr\/wp-content\/uploads\/2015\/04\/panneau-2014-2-full.jpg\"><img loading=\"lazy\" decoding=\"async\" class=\"aligncenter\" src=\"https:\/\/www.limacs.fr\/wp-content\/uploads\/2015\/04\/panneau-2014-2-full.jpg\" alt=\"\" width=\"1280\" height=\"839\"><\/a><\/p>\n<p style=\"text-align: center;\">Traces des circuits sur <a href=\"https:\/\/sitesvtt.ffc.fr\/sites\/vallons-du-lectourois-coeur-de-gascogne-6\/\" target=\"_blank\" rel=\"noopener\">le site de la FFC<\/a> &#8211; <a href=\"https:\/\/www.outdooractive.com\/fr\/list\/vallons-du-lectourois-cour-de-gascogne-site-vtt\/128664535\/\" target=\"_blank\" rel=\"noopener\">oudooractive<\/a> &#8211; l<a href=\"http:\/\/www.lomagne-gersoise.com\/Plus-de-300-km-de-circuits-VTT-au\" target=\"_blank\" rel=\"noopener\">&lsquo;office de tourisme<\/a> &#8211;<\/p>\n<p>&nbsp;<\/p>\n<hr>\n<p><strong><span style=\"font-size: 18pt;\">le TARN (81)<br><\/span><\/strong><\/p>\n<p style=\"text-align: center;\"><a href=\"https:\/\/veloclubfaumont.fr\/index.php\/2021\/01\/20\/bases-et-circuits-vtt-dans-le-grand-sud-ouest-1-2\/tarn\/\" rel=\"attachment wp-att-26191\"><img loading=\"lazy\" decoding=\"async\" class=\"aligncenter size-full wp-image-26191\" src=\"https:\/\/veloclubfaumont.fr\/wp-content\/uploads\/2020\/12\/tarn.jpg\" alt=\"\" width=\"1404\" height=\"945\" srcset=\"https:\/\/veloclubfaumont.fr\/wp-content\/uploads\/2020\/12\/tarn.jpg 1404w, https:\/\/veloclubfaumont.fr\/wp-content\/uploads\/2020\/12\/tarn-300x202.jpg 300w, https:\/\/veloclubfaumont.fr\/wp-content\/uploads\/2020\/12\/tarn-1024x689.jpg 1024w, https:\/\/veloclubfaumont.fr\/wp-content\/uploads\/2020\/12\/tarn-768x517.jpg 768w\" sizes=\"auto, (max-width: 1404px) 100vw, 1404px\" \/><\/a>Les diff\u00e9rents circuits VTT (avec pr\u00e9sentation + cartes + GPX) <br>sur <a href=\"https:\/\/www.tourisme-tarn.com\/a-voir-a-faire\/balades-et-randonnees\/trouver-une-randonnee?mb_categorie_locomotion=4&amp;mb_numpage=6&amp;mb_page=recherche&amp;mb_type=circuit&amp;mb_minnumpage=2&amp;mb_maxnumpage=6\" target=\"_blank\" rel=\"noopener\">le site de l&rsquo;Office de Tourisme<\/a><\/p>\n<p><span style=\"font-size: 14pt;\"><em><strong><a id=\"a24\"><\/a>24- Les Hautes Terres d&rsquo;Oc<\/strong><\/em><\/span><\/p>\n<p style=\"text-align: center;\"><a href=\"https:\/\/veloclubfaumont.fr\/?attachment_id=26193\" rel=\"attachment wp-att-26193\"><img loading=\"lazy\" decoding=\"async\" class=\"aligncenter size-full wp-image-26193\" src=\"https:\/\/veloclubfaumont.fr\/wp-content\/uploads\/2020\/12\/salvetat-haut-languedoc-vtt.jpg\" alt=\"\" width=\"1802\" height=\"1236\" srcset=\"https:\/\/veloclubfaumont.fr\/wp-content\/uploads\/2020\/12\/salvetat-haut-languedoc-vtt.jpg 1802w, https:\/\/veloclubfaumont.fr\/wp-content\/uploads\/2020\/12\/salvetat-haut-languedoc-vtt-300x206.jpg 300w, https:\/\/veloclubfaumont.fr\/wp-content\/uploads\/2020\/12\/salvetat-haut-languedoc-vtt-1024x702.jpg 1024w, https:\/\/veloclubfaumont.fr\/wp-content\/uploads\/2020\/12\/salvetat-haut-languedoc-vtt-768x527.jpg 768w, https:\/\/veloclubfaumont.fr\/wp-content\/uploads\/2020\/12\/salvetat-haut-languedoc-vtt-1536x1054.jpg 1536w\" sizes=\"auto, (max-width: 1802px) 100vw, 1802px\" \/><\/a><a href=\"https:\/\/veloclubfaumont.fr\/index.php\/2020\/07\/29\/mes-vacances-vtt-dans-le-centre-de-la-france-2-3\/\" target=\"_blank\" rel=\"attachment noopener wp-att-26194\">carte grand format en PDF ici<\/a><\/p>\n<p>Circuits VTT avec traces GPX sur <a href=\"https:\/\/sitesvtt.ffc.fr\/sites\/espace-vtt-des-hautes-terres-doc-6\/\" target=\"_blank\" rel=\"noopener\">le site de la FFC<\/a> &#8211; <a href=\"https:\/\/www.outdooractive.com\/fr\/list\/hautes-terres-d-oc-site-vtt-ffc\/128664577\/\" target=\"_blank\" rel=\"noopener\">outdooractive<\/a> &#8211; <a href=\"https:\/\/www.tourisme-montsetlacsenhautlanguedoc.com\/a-voir-a-faire\/grand-site-de-randonnee\/randonnee-vtt\/\" target=\"_blank\" rel=\"noopener\">Office de Tourisme<\/a><\/p>\n<p><span class=\"embed-youtube\" style=\"text-align:center; display: block;\"><iframe loading=\"lazy\" class=\"youtube-player\" width=\"640\" height=\"360\" src=\"https:\/\/www.youtube.com\/embed\/p6qlXysppmA?version=3&#038;rel=1&#038;showsearch=0&#038;showinfo=1&#038;iv_load_policy=1&#038;fs=1&#038;hl=fr-FR&#038;autohide=2&#038;wmode=transparent\" allowfullscreen=\"true\" style=\"border:0;\" sandbox=\"allow-scripts allow-same-origin allow-popups allow-presentation\"><\/iframe><\/span><\/p>\n<p><em><strong><span style=\"font-size: 14pt;\"><a id=\"a25\"><\/a>25- Escapades en Centre Tarn<\/span><\/strong><\/em><\/p>\n<p style=\"text-align: center;\"><a href=\"https:\/\/veloclubfaumont.fr\/?attachment_id=26201\" rel=\"attachment wp-att-26201\"><img loading=\"lazy\" decoding=\"async\" class=\"aligncenter size-full wp-image-26201\" src=\"https:\/\/veloclubfaumont.fr\/wp-content\/uploads\/2020\/12\/escapade-centre-tarn-vtt-scaled.jpg\" alt=\"\" width=\"2560\" height=\"1621\" srcset=\"https:\/\/veloclubfaumont.fr\/wp-content\/uploads\/2020\/12\/escapade-centre-tarn-vtt-scaled.jpg 2560w, https:\/\/veloclubfaumont.fr\/wp-content\/uploads\/2020\/12\/escapade-centre-tarn-vtt-300x190.jpg 300w, https:\/\/veloclubfaumont.fr\/wp-content\/uploads\/2020\/12\/escapade-centre-tarn-vtt-1024x648.jpg 1024w, https:\/\/veloclubfaumont.fr\/wp-content\/uploads\/2020\/12\/escapade-centre-tarn-vtt-768x486.jpg 768w, https:\/\/veloclubfaumont.fr\/wp-content\/uploads\/2020\/12\/escapade-centre-tarn-vtt-1536x972.jpg 1536w, https:\/\/veloclubfaumont.fr\/wp-content\/uploads\/2020\/12\/escapade-centre-tarn-vtt-2048x1297.jpg 2048w\" sizes=\"auto, (max-width: 2560px) 100vw, 2560px\" \/><\/a><br><a href=\"https:\/\/vtt-ffc-centre-tarn.monsite-orange.fr\/\" target=\"_blank\" rel=\"noopener\">Circuits VTT avec traces GPX ici<\/a> &#8211;<\/p>\n<p><span class=\"embed-youtube\" style=\"text-align:center; display: block;\"><iframe loading=\"lazy\" class=\"youtube-player\" width=\"640\" height=\"360\" src=\"https:\/\/www.youtube.com\/embed\/mv13zZVGyZ8?version=3&#038;rel=1&#038;showsearch=0&#038;showinfo=1&#038;iv_load_policy=1&#038;fs=1&#038;hl=fr-FR&#038;autohide=2&#038;wmode=transparent\" allowfullscreen=\"true\" style=\"border:0;\" sandbox=\"allow-scripts allow-same-origin allow-popups allow-presentation\"><\/iframe><\/span><\/p>\n<p style=\"text-align: left;\"><em><strong><span style=\"font-size: 14pt;\"><a id=\"a26\"><\/a>26- Bastides et Vignoble du Gaillac<\/span><\/strong><\/em><\/p>\n<p style=\"text-align: center;\"><a href=\"https:\/\/veloclubfaumont.fr\/?attachment_id=26196\" rel=\"attachment wp-att-26196\"><img loading=\"lazy\" decoding=\"async\" class=\"aligncenter size-full wp-image-26196\" src=\"https:\/\/veloclubfaumont.fr\/wp-content\/uploads\/2020\/12\/bastides-vignobles-gaillac-vtt.jpg\" alt=\"\" width=\"1485\" height=\"1026\" srcset=\"https:\/\/veloclubfaumont.fr\/wp-content\/uploads\/2020\/12\/bastides-vignobles-gaillac-vtt.jpg 1485w, https:\/\/veloclubfaumont.fr\/wp-content\/uploads\/2020\/12\/bastides-vignobles-gaillac-vtt-300x207.jpg 300w, https:\/\/veloclubfaumont.fr\/wp-content\/uploads\/2020\/12\/bastides-vignobles-gaillac-vtt-1024x707.jpg 1024w, https:\/\/veloclubfaumont.fr\/wp-content\/uploads\/2020\/12\/bastides-vignobles-gaillac-vtt-768x531.jpg 768w\" sizes=\"auto, (max-width: 1485px) 100vw, 1485px\" \/><\/a><a href=\"https:\/\/app.avizi.fr\/fichiers\/preview\/5cc6ac4a6d761\/8040-752\" target=\"_blank\" rel=\"noopener\"><em>carte grand format (+ boucle) ici<\/em><\/a><\/p>\n<p>Circuits VTT avec traces GPX sur <a href=\"https:\/\/sitesvtt.ffc.fr\/sites\/espace-vtt-des-hautes-terres-doc-6\/\" target=\"_blank\" rel=\"noopener\">le site de la FFC<\/a> &#8211; <a href=\"https:\/\/www.outdooractive.com\/fr\/list\/bastides-et-vignoble-du-gaillac-site-vtt-ffc\/128664570\/#gref\" target=\"_blank\" rel=\"noopener\">outdooractive<\/a> &#8211; <a href=\"https:\/\/www.tourisme-vignoble-bastides.com\/velo\" target=\"_blank\" rel=\"noopener\">office de tourisme<\/a> &#8211;<\/p>\n<p><span class=\"embed-youtube\" style=\"text-align:center; display: block;\"><iframe loading=\"lazy\" class=\"youtube-player\" width=\"640\" height=\"360\" src=\"https:\/\/www.youtube.com\/embed\/M_cNuBd2AGg?version=3&#038;rel=1&#038;showsearch=0&#038;showinfo=1&#038;iv_load_policy=1&#038;fs=1&#038;hl=fr-FR&#038;autohide=2&#038;wmode=transparent\" allowfullscreen=\"true\" style=\"border:0;\" sandbox=\"allow-scripts allow-same-origin allow-popups allow-presentation\"><\/iframe><\/span><\/p>\n<p><em><strong><span style=\"font-size: 14pt;\"><a id=\"a27\"><\/a>27- Haute Vall\u00e9e du Thor\u00e9<\/span><\/strong><\/em><\/p>\n<p style=\"text-align: center;\"><em><a href=\"https:\/\/veloclubfaumont.fr\/?attachment_id=26198\" rel=\"attachment wp-att-26198\"><img loading=\"lazy\" decoding=\"async\" class=\"aligncenter size-full wp-image-26198\" src=\"https:\/\/veloclubfaumont.fr\/wp-content\/uploads\/2020\/12\/haute-vallee-thore.jpg\" alt=\"\" width=\"1863\" height=\"1304\" srcset=\"https:\/\/veloclubfaumont.fr\/wp-content\/uploads\/2020\/12\/haute-vallee-thore.jpg 1863w, https:\/\/veloclubfaumont.fr\/wp-content\/uploads\/2020\/12\/haute-vallee-thore-300x210.jpg 300w, https:\/\/veloclubfaumont.fr\/wp-content\/uploads\/2020\/12\/haute-vallee-thore-1024x717.jpg 1024w, https:\/\/veloclubfaumont.fr\/wp-content\/uploads\/2020\/12\/haute-vallee-thore-768x538.jpg 768w, https:\/\/veloclubfaumont.fr\/wp-content\/uploads\/2020\/12\/haute-vallee-thore-1536x1075.jpg 1536w\" sizes=\"auto, (max-width: 1863px) 100vw, 1863px\" \/><\/a><a href=\"http:\/\/static.apidae-tourisme.com\/filestore\/objets-touristiques\/documents\/159\/58\/7551647.pdf\" target=\"_blank\" rel=\"noopener\">carte d\u00e9taill\u00e9e grand format en PDF ici<\/a><\/em><\/p>\n<p>Circuits VTT avec traces GPX sur <a href=\"https:\/\/sitesvtt.ffc.fr\/sites\/haute-vallee-du-thore\/\" target=\"_blank\" rel=\"noopener\">le site de la FFC<\/a> &#8211; <a href=\"https:\/\/www.outdooractive.com\/fr\/list\/haute-vallee-du-thore-site-vtt-ffc\/128664603\/#gref\" target=\"_blank\" rel=\"noopener\">outdooractive<\/a> &#8211;<\/p>\n<p><span class=\"embed-youtube\" style=\"text-align:center; display: block;\"><iframe loading=\"lazy\" class=\"youtube-player\" width=\"640\" height=\"360\" src=\"https:\/\/www.youtube.com\/embed\/SCZKmhoilpE?version=3&#038;rel=1&#038;showsearch=0&#038;showinfo=1&#038;iv_load_policy=1&#038;fs=1&#038;hl=fr-FR&#038;autohide=2&#038;wmode=transparent\" allowfullscreen=\"true\" style=\"border:0;\" sandbox=\"allow-scripts allow-same-origin allow-popups allow-presentation\"><\/iframe><\/span><\/p>\n<p><span style=\"font-size: 14pt;\"><em><strong><a id=\"a28\"><\/a>28- Montagne Noire Mazamet<\/strong><\/em><\/span><\/p>\n<p style=\"text-align: center;\"><a href=\"https:\/\/veloclubfaumont.fr\/?attachment_id=26199\" rel=\"attachment wp-att-26199\"><img loading=\"lazy\" decoding=\"async\" class=\"aligncenter size-full wp-image-26199\" src=\"https:\/\/veloclubfaumont.fr\/wp-content\/uploads\/2020\/12\/montagne-noire-mazamet-vtt.jpg\" alt=\"\" width=\"1767\" height=\"1203\" srcset=\"https:\/\/veloclubfaumont.fr\/wp-content\/uploads\/2020\/12\/montagne-noire-mazamet-vtt.jpg 1767w, https:\/\/veloclubfaumont.fr\/wp-content\/uploads\/2020\/12\/montagne-noire-mazamet-vtt-300x204.jpg 300w, https:\/\/veloclubfaumont.fr\/wp-content\/uploads\/2020\/12\/montagne-noire-mazamet-vtt-1024x697.jpg 1024w, https:\/\/veloclubfaumont.fr\/wp-content\/uploads\/2020\/12\/montagne-noire-mazamet-vtt-768x523.jpg 768w, https:\/\/veloclubfaumont.fr\/wp-content\/uploads\/2020\/12\/montagne-noire-mazamet-vtt-1536x1046.jpg 1536w\" sizes=\"auto, (max-width: 1767px) 100vw, 1767px\" \/><\/a><a href=\"https:\/\/veloclubfaumont.fr\/index.php\/2021\/01\/20\/bases-et-circuits-vtt-dans-le-grand-sud-ouest-1-2\/montagne-noire-mazamet\/\" target=\"_blank\" rel=\"attachment noopener wp-att-26202\">carte grand format en PDF ici<\/a><\/p>\n<p>Circuits VTT autour de Mazamet sur <a href=\"https:\/\/blog.utagawavtt.com\/fr\/blog\/destination-vtt-5-parcours-incontournables-mazamet\" target=\"_blank\" rel=\"noopener\">utagawavtt<\/a><\/p>\n<p><span class=\"embed-youtube\" style=\"text-align:center; display: block;\"><iframe loading=\"lazy\" class=\"youtube-player\" width=\"640\" height=\"360\" src=\"https:\/\/www.youtube.com\/embed\/iiF4Jl5E830?version=3&#038;rel=1&#038;showsearch=0&#038;showinfo=1&#038;iv_load_policy=1&#038;fs=1&#038;hl=fr-FR&#038;autohide=2&#038;wmode=transparent\" allowfullscreen=\"true\" style=\"border:0;\" sandbox=\"allow-scripts allow-same-origin allow-popups allow-presentation\"><\/iframe><\/span><\/p>\n<p><em><span style=\"font-size: 14pt;\"><strong><a id=\"a29\"><\/a>29- Carmosin-S\u00e9gala<\/strong><\/span><\/em><\/p>\n<p style=\"text-align: center;\"><iframe loading=\"lazy\" src=\"https:\/\/www.google.com\/maps\/d\/embed?mid=1GkrTULmnUY2F7rQIT_3QIF7bg7c\" width=\"640\" height=\"480\"><\/iframe><\/p>\n<p>pr\u00e9sentation des circuits sur <a href=\"http:\/\/tourisme-tarn-carmaux.fr\/category\/je_bouge\/a-velo\/sentiers-vtt\/\" target=\"_blank\" rel=\"noopener\">le site de l&rsquo;Office de Tourisme<\/a> &#8211; <a href=\"https:\/\/vtt-ffct-carmausin.monsite-orange.fr\/\" target=\"_blank\" rel=\"noopener\">carte + traces GPX ici<\/a><\/p>\n<p><span class=\"embed-youtube\" style=\"text-align:center; display: block;\"><iframe loading=\"lazy\" class=\"youtube-player\" width=\"640\" height=\"360\" src=\"https:\/\/www.youtube.com\/embed\/GYTMcfs43NM?version=3&#038;rel=1&#038;showsearch=0&#038;showinfo=1&#038;iv_load_policy=1&#038;fs=1&#038;hl=fr-FR&#038;autohide=2&#038;start=44&#038;wmode=transparent\" allowfullscreen=\"true\" style=\"border:0;\" sandbox=\"allow-scripts allow-same-origin allow-popups allow-presentation\"><\/iframe><\/span><\/p>\n<hr>\n<p style=\"text-align: center;\"><a href=\"https:\/\/veloclubfaumont.fr\/index.php\/2021\/01\/20\/bases-et-circuits-vtt-dans-le-grand-sud-ouest-2-2\/\"><span style=\"font-size: 18pt;\">Suite du dossier dans la seconde partie ici<\/span><\/a><\/p>\n<p>&nbsp;<\/p>\n\n\n<p><\/p>\n","protected":false},"excerpt":{"rendered":"<p>Apr\u00e8s les r\u00e9gions Hauts de France, Grand Centre, Grand Est, Bretagne, Normandie et le Grand-Ouest, je vous pr\u00e9sente le Grand SUD-OUEST (en Nouvelle-Aquitaine et en Occitanie). La zone \u00e9tant immense&#8230;<\/p>\n","protected":false},"author":1,"featured_media":26385,"comment_status":"open","ping_status":"open","sticky":false,"template":"","format":"standard","meta":{"ngg_post_thumbnail":0,"jetpack_post_was_ever_published":false,"_jetpack_newsletter_access":"","two_page_speed":[],"footnotes":"","jetpack_publicize_message":"","jetpack_is_tweetstorm":false,"jetpack_publicize_feature_enabled":true,"jetpack_social_post_already_shared":true,"jetpack_social_options":{"image_generator_settings":{"template":"highway","enabled":false}}},"categories":[32],"tags":[],"class_list":["post-26054","post","type-post","status-publish","format-standard","has-post-thumbnail","hentry","category-bases-et-circuits-vtt-en-france"],"jetpack_publicize_connections":[],"jetpack_featured_media_url":"https:\/\/veloclubfaumont.fr\/wp-content\/uploads\/2021\/01\/aveyron_herault.jpg","jetpack_sharing_enabled":true,"jetpack_shortlink":"https:\/\/wp.me\/p8bXJp-6Me","_links":{"self":[{"href":"https:\/\/veloclubfaumont.fr\/index.php\/wp-json\/wp\/v2\/posts\/26054","targetHints":{"allow":["GET"]}}],"collection":[{"href":"https:\/\/veloclubfaumont.fr\/index.php\/wp-json\/wp\/v2\/posts"}],"about":[{"href":"https:\/\/veloclubfaumont.fr\/index.php\/wp-json\/wp\/v2\/types\/post"}],"author":[{"embeddable":true,"href":"https:\/\/veloclubfaumont.fr\/index.php\/wp-json\/wp\/v2\/users\/1"}],"replies":[{"embeddable":true,"href":"https:\/\/veloclubfaumont.fr\/index.php\/wp-json\/wp\/v2\/comments?post=26054"}],"version-history":[{"count":2,"href":"https:\/\/veloclubfaumont.fr\/index.php\/wp-json\/wp\/v2\/posts\/26054\/revisions"}],"predecessor-version":[{"id":69439,"href":"https:\/\/veloclubfaumont.fr\/index.php\/wp-json\/wp\/v2\/posts\/26054\/revisions\/69439"}],"wp:featuredmedia":[{"embeddable":true,"href":"https:\/\/veloclubfaumont.fr\/index.php\/wp-json\/wp\/v2\/media\/26385"}],"wp:attachment":[{"href":"https:\/\/veloclubfaumont.fr\/index.php\/wp-json\/wp\/v2\/media?parent=26054"}],"wp:term":[{"taxonomy":"category","embeddable":true,"href":"https:\/\/veloclubfaumont.fr\/index.php\/wp-json\/wp\/v2\/categories?post=26054"},{"taxonomy":"post_tag","embeddable":true,"href":"https:\/\/veloclubfaumont.fr\/index.php\/wp-json\/wp\/v2\/tags?post=26054"}],"curies":[{"name":"wp","href":"https:\/\/api.w.org\/{rel}","templated":true}]}}