{"id":26420,"date":"2021-02-09T17:39:26","date_gmt":"2021-02-09T16:39:26","guid":{"rendered":"http:\/\/veloclubfaumont.fr\/?p=26420"},"modified":"2024-12-01T10:10:55","modified_gmt":"2024-12-01T09:10:55","slug":"bases-et-circuits-vtt-dans-le-grand-sud-est","status":"publish","type":"post","link":"https:\/\/veloclubfaumont.fr\/index.php\/2021\/02\/09\/bases-et-circuits-vtt-dans-le-grand-sud-est\/","title":{"rendered":"Bases et circuits VTT dans le Grand Sud-Est"},"content":{"rendered":"<p style=\"text-align: center;\">Apr\u00e8s les r\u00e9gions <strong><a href=\"https:\/\/veloclubfaumont.fr\/index.php\/2020\/08\/11\/bases-et-circuits-vtt-dans-les-hauts-de-france\/\" target=\"_blank\" rel=\"noopener\">Hauts de France<\/a><\/strong>, <a href=\"https:\/\/veloclubfaumont.fr\/index.php\/2020\/06\/27\/bases-vtt-le-grand-centre\/\" target=\"_blank\" rel=\"noopener\"><strong>Grand Centre<\/strong><\/a>, <strong><a href=\"https:\/\/veloclubfaumont.fr\/index.php\/2020\/06\/10\/bases-et-circuits-vtt-dans-le-grand-est\/\" target=\"_blank\" rel=\"noopener\">Grand Est<\/a><\/strong>, <strong><a href=\"https:\/\/veloclubfaumont.fr\/index.php\/2020\/05\/10\/bases-et-circuits-vtt-en-bretagne\/\" target=\"_blank\" rel=\"noopener\">Bretagne<\/a><\/strong>, <a href=\"https:\/\/veloclubfaumont.fr\/index.php\/2020\/10\/31\/bases-et-circuits-vtt-en-normandie\/\" target=\"_blank\" rel=\"noopener\"><strong>Normandie,<\/strong><\/a> le <a href=\"https:\/\/veloclubfaumont.fr\/index.php\/2020\/12\/25\/bases-et-circuits-vtt-dans-le-grand-ouest\/\" target=\"_blank\" rel=\"noopener\"><strong>Grand-Ouest<\/strong><\/a>, et le Grand Sud-Ouest (<a href=\"https:\/\/veloclubfaumont.fr\/index.php\/2021\/01\/20\/bases-et-circuits-vtt-dans-le-grand-sud-ouest-1-2\/\" target=\"_blank\" rel=\"noopener\">partie 1<\/a> + <a href=\"https:\/\/veloclubfaumont.fr\/index.php\/2021\/01\/20\/bases-et-circuits-vtt-dans-le-grand-sud-ouest-2-2\/\" target=\"_blank\" rel=\"noopener\">partie 2<\/a>), voici maintenant la zone <strong>Grand-Est<\/strong>.<\/p>\n<p style=\"text-align: justify;\">Comme dans mes autres dossiers, je vais centraliser ici toutes les informations disponibles (en g\u00e9n\u00e9ral bien \u00e9parpill\u00e9es sur internet) et vous mettrai tous les liens vers les pr\u00e9sentations des circuits VTT avec cartes (en grand format PDF en cliquant sur les images), les traces GPX, des reportages photos quand ils existent et des vid\u00e9os pour se faire une id\u00e9e des possibilit\u00e9s offertes.<\/p>\n<p style=\"text-align: justify;\">Comme toujours, n\u2019h\u00e9sitez pas \u00e0 <a href=\"https:\/\/veloclubfaumont.fr\/index.php\/contact\/\">me joindre<\/a> si vous voulez ajouter vos exp\u00e9riences personnelles ou si vous d\u00e9siriez corriger quelques imperfections.<\/p>\n<p style=\"text-align: justify;\">En esp\u00e9rant que cette page vous soit bien utile pour pr\u00e9parer vos prochaines sorties VTT\u2026.<\/p>\n<p>Jean-Louis<\/p>\n<p>PS ajout de septembre 2023 : <a href=\"https:\/\/www.c-and-a.com\/fr\/fr\/shop\/provence-a-velo-itineraires\" target=\"_blank\" rel=\"noopener\">D\u00e9couverte de la Provence \u00e0 v\u00e9lo<\/a> (3 itin\u00e9raires vers le Rh\u00f4ne, la Camargue et la c\u00f4te m\u00e9diterran\u00e9enne) (merci \u00e0 Valentine pour le lien)<\/p>\n<p style=\"text-align: center;\"><iframe loading=\"lazy\" src=\"https:\/\/www.google.com\/maps\/d\/u\/1\/embed?mid=18b426TZ4ZiNX-X3uv_LaOJKi685mQ9Sl\" width=\"640\" height=\"480\"><\/iframe><\/p>\n<p style=\"text-align: center;\"><img loading=\"lazy\" decoding=\"async\" class=\"aligncenter size-full wp-image-26565\" src=\"https:\/\/veloclubfaumont.fr\/wp-content\/uploads\/2021\/02\/carte-vtt-grand-sud-est.jpg\" alt=\"\" width=\"1191\" height=\"1458\" srcset=\"https:\/\/veloclubfaumont.fr\/wp-content\/uploads\/2021\/02\/carte-vtt-grand-sud-est.jpg 1191w, https:\/\/veloclubfaumont.fr\/wp-content\/uploads\/2021\/02\/carte-vtt-grand-sud-est-245x300.jpg 245w, https:\/\/veloclubfaumont.fr\/wp-content\/uploads\/2021\/02\/carte-vtt-grand-sud-est-836x1024.jpg 836w, https:\/\/veloclubfaumont.fr\/wp-content\/uploads\/2021\/02\/carte-vtt-grand-sud-est-768x940.jpg 768w\" sizes=\"auto, (max-width: 1191px) 100vw, 1191px\" \/>carte du Grand Sud-Est<\/p>\n<table style=\"border-collapse: collapse; width: 100%; height: 743px;\" border=\"1\">\n<tbody>\n<tr style=\"height: 38px;\">\n<td style=\"width: 35.3449%; text-align: center; height: 38px;\"><span style=\"font-size: 18pt;\"><strong><em>D\u00e9partements<\/em><\/strong><\/span><\/td>\n<td style=\"width: 64.6552%; text-align: center; height: 38px;\"><span style=\"font-size: 18pt;\"><strong><em>Bases VTT<\/em><\/strong><\/span><\/td>\n<\/tr>\n<tr style=\"height: 36px;\">\n<td style=\"width: 35.3449%; text-align: center; height: 36px;\"><strong><span style=\"font-size: 14pt;\"><em>Loire<\/em><\/span><\/strong><\/td>\n<td style=\"width: 64.6552%; text-align: center; height: 36px;\"><span style=\"font-size: 14pt;\">1- <a href=\"#a1\">Parc du Pilat<\/a><br \/>\n2- <a href=\"#a2\">Base du Haut-Forez<\/a><\/span><\/td>\n<\/tr>\n<tr style=\"height: 10px;\">\n<td style=\"width: 35.3449%; text-align: center; height: 10px;\"><strong><span style=\"font-size: 14pt;\"><em>Rh\u00f4ne<\/em><\/span><\/strong><\/td>\n<td style=\"width: 64.6552%; text-align: center; height: 10px;\"><span style=\"font-size: 14pt;\">3- <a href=\"#a3\">Les Monts du Lyonnais<\/a><br \/>\n4- <a href=\"#a4\">Beaujolais Vert<\/a><br \/>\n5- <a href=\"#a5\">Pays de l&rsquo;Arbresle<\/a><br \/>\n6- <a href=\"#a6\">Vallons du Lyonnais<\/a><br \/>\n7- <a href=\"#a7\">Pays Mormantais<\/a><\/span><\/td>\n<\/tr>\n<tr style=\"height: 23px;\">\n<td style=\"width: 35.3449%; text-align: center; height: 23px;\"><strong><span style=\"font-size: 14pt;\">Ain<\/span><\/strong><\/td>\n<td style=\"width: 64.6552%; text-align: center; height: 23px;\"><span style=\"font-size: 14pt;\">8- <a href=\"#a8\">Pays de Gex &#8211; Entre Jura et L\u00e9man<\/a><br \/>\n9- <a href=\"#a9\">Bugey<\/a><br \/>\n10- <a href=\"#a10\">Montrevel en Bresse<\/a><br \/>\n11- <a href=\"#a11\">Base VTT Espace Revermont<\/a><\/span><\/td>\n<\/tr>\n<tr style=\"height: 23px;\">\n<td style=\"width: 35.3449%; text-align: center; height: 23px;\"><strong><span style=\"font-size: 14pt;\">Haute-Savoie<\/span><\/strong><\/td>\n<td style=\"width: 64.6552%; text-align: center; height: 23px;\"><span style=\"font-size: 14pt;\">12- <a href=\"#a12\">Pays d&rsquo;Evian<\/a><br \/>\n13- <a href=\"#a13\">L&rsquo;Albanais<\/a><\/span><\/td>\n<\/tr>\n<tr style=\"height: 23px;\">\n<td style=\"width: 35.3449%; text-align: center; height: 23px;\"><strong><span style=\"font-size: 14pt;\">Ard\u00e8che<\/span><\/strong><\/td>\n<td style=\"width: 64.6552%; text-align: center; height: 23px;\"><span style=\"font-size: 14pt;\">14- <a href=\"#a14\">Du Rh\u00f4ne aux Gorges de l&rsquo;Ard\u00e8che<\/a><\/span><br \/>\n<span style=\"font-size: 14pt;\">15- <a href=\"#a15\">Val&rsquo;Eyrieux &#8211; Monts d&rsquo;Ard\u00e8che<\/a><br \/>\n16- <a href=\"#a16\">Pays de Saint F\u00e9licien<\/a><br \/>\n17- <a href=\"#a17\">La Montagne Ard\u00e9choise<\/a><\/span><\/td>\n<\/tr>\n<tr style=\"height: 23px;\">\n<td style=\"width: 35.3449%; text-align: center; height: 23px;\"><strong><span style=\"font-size: 14pt;\">Dr\u00f4me<\/span><\/strong><\/td>\n<td style=\"width: 64.6552%; text-align: center; height: 23px;\"><span style=\"font-size: 14pt;\">18- <a href=\"#a18\">Pays Diois<\/a><\/span><br \/>\n<span style=\"font-size: 14pt;\">19- <a href=\"#a19\">Crestois &#8211; Pays de Saillans<\/a><br \/>\n20- <a href=\"#a20\">Dr\u00f4me des Collines<\/a><\/span><br \/>\n<span style=\"font-size: 14pt;\">21- <a href=\"#a21\">Val de Dr\u00f4me<\/a><\/span><\/td>\n<\/tr>\n<tr style=\"height: 23px;\">\n<td style=\"width: 35.3449%; text-align: center; height: 23px;\"><strong><span style=\"font-size: 14pt;\">Is\u00e8re<\/span><\/strong><\/td>\n<td style=\"width: 64.6552%; text-align: center; height: 23px;\"><span style=\"font-size: 14pt;\">22- <a href=\"#a22\">Matheysine &#8211; Vall\u00e9e du Valbonnais<\/a><\/span><br \/>\n<span style=\"font-size: 14pt;\">23- <a href=\"#a23\">Vercors Autrans M\u00e9audre<\/a><\/span><br \/>\n<span style=\"font-size: 14pt;\">24- <a href=\"#a24\">Alpe d&rsquo;Huez<\/a><br \/>\n25- <a href=\"#a25\">Villars de Lans &#8211; Corren\u00e7on<\/a><br \/>\n26- <a href=\"#a26\">Lac du Paladru &#8211; Val d&rsquo;Ainan<\/a><br \/>\n27- <a href=\"#a27\">Les Coulmes en Vercors<\/a><\/span><\/td>\n<\/tr>\n<tr style=\"height: 23px;\">\n<td style=\"width: 35.3449%; text-align: center; height: 23px;\"><strong><span style=\"font-size: 14pt;\">Savoie<\/span><\/strong><\/td>\n<td style=\"width: 64.6552%; text-align: center; height: 23px;\"><span style=\"font-size: 14pt;\">28- <a href=\"#a28\">Savoie Grand Revard<\/a><br \/>\n28bis- <a href=\"#a28\">Pays du Lac d&rsquo;Aiguebelette<\/a><\/span><br \/>\n<span style=\"font-size: 14pt;\">29- <a href=\"#a29\">Valmorel &#8211; Vall\u00e9es d&rsquo;Aigueblanche<\/a><\/span><br \/>\n<span style=\"font-size: 14pt;\">30- <a href=\"#a30\">Les M\u00e9nuires &#8211; Val Thorens<\/a><\/span><br \/>\n<span style=\"font-size: 14pt;\">31- <a href=\"#a31\">Arvan Villards &#8211; les Sybelles<\/a><\/span><br \/>\n<span style=\"font-size: 14pt;\">32- <a href=\"#a32\">M\u00e9ribel<\/a><\/span><br \/>\n<span style=\"font-size: 14pt;\">33- <a href=\"#a33\">Val d&rsquo;Arly &#8211; Mont Blanc<\/a><\/span><br \/>\n<span style=\"font-size: 14pt;\">34- <a href=\"#a34\">Courchevel<\/a><\/span><br \/>\n<span style=\"font-size: 14pt;\">35- <a href=\"#a35\">Valloire Galibier<\/a><\/span><br \/>\n<span style=\"font-size: 14pt;\">36- <a href=\"#a36\">Haute Maurienne Vanoise<\/a><\/span><br \/>\n<span style=\"font-size: 14pt;\">37- <a href=\"#a37\">Les Saisies Ar\u00eaches-Beaufort<\/a><\/span><\/td>\n<\/tr>\n<tr style=\"height: 23px;\">\n<td style=\"width: 35.3449%; text-align: center; height: 23px;\"><strong><span style=\"font-size: 14pt;\">Hautes-Alpes<\/span><\/strong><\/td>\n<td style=\"width: 64.6552%; text-align: center; height: 23px;\"><span style=\"font-size: 14pt;\">38- <a href=\"#a38\">Sisteron Bu\u00ebch<\/a><\/span><br \/>\n<span style=\"font-size: 14pt;\">39- <a href=\"#a39\">La Grave &#8211; La Meije &#8211; Villar d&rsquo;Ar\u00e8ne<\/a><\/span><br \/>\n<span style=\"font-size: 14pt;\">40- <a href=\"#a40\">Champsaur et Valgaudemar<\/a><\/span><br \/>\n<span style=\"font-size: 14pt;\">41- <a href=\"#a41\">Pays des Ecrins<\/a><\/span><br \/>\n<span style=\"font-size: 14pt;\">42- <a href=\"#a42\">Guillestrois &#8211; Queyras<\/a><\/span><br \/>\n<span style=\"font-size: 14pt;\">43- <a href=\"#a43\">D\u00e9voluy<\/a><\/span><br \/>\n<span style=\"font-size: 14pt;\">44- <a href=\"#a44\">Grand Brian\u00e7onnais<\/a><\/span><br \/>\n<span style=\"font-size: 14pt;\">45- <a href=\"#a45\">Serre-Pon\u00e7on<\/a><\/span><br \/>\n<span style=\"font-size: 14pt;\">46- <a href=\"#a46\">Vall\u00e9es du Gapen\u00e7ais<\/a><\/span><\/td>\n<\/tr>\n<tr style=\"height: 75px;\">\n<td style=\"width: 35.3449%; text-align: center; height: 75px;\"><strong><span style=\"font-size: 14pt;\">Gard<br \/>\n<\/span><\/strong><\/td>\n<td style=\"width: 64.6552%; text-align: center; height: 75px;\"><span style=\"font-size: 14pt;\">47- <a href=\"#a47\">Massif de l&rsquo;Aigoual<\/a><br \/>\n48- <a href=\"#a48\">Pays de Sommi\u00e8res<\/a><br \/>\n49- <a href=\"#a49\">Uz\u00e8s et Collines en Uz\u00e8ge<\/a><br \/>\n<\/span><\/td>\n<\/tr>\n<tr style=\"height: 51px;\">\n<td style=\"width: 35.3449%; text-align: center; height: 51px;\"><strong><span style=\"font-size: 14pt;\">Vaucluse<br \/>\n<\/span><\/strong><\/td>\n<td style=\"width: 64.6552%; text-align: center; height: 51px;\"><span style=\"font-size: 14pt;\">50- <a href=\"#a50\">Provence Lub\u00e9ron Lure<\/a><br \/>\n51- <a href=\"#a51\">Ventoux<\/a><br \/>\n<\/span><\/td>\n<\/tr>\n<tr style=\"height: 172px;\">\n<td style=\"width: 35.3449%; text-align: center; height: 172px;\"><strong><span style=\"font-size: 14pt;\">Alpes de Haute-Provence<br \/>\n<\/span><\/strong><\/td>\n<td style=\"width: 64.6552%; text-align: center; height: 172px;\"><span style=\"font-size: 14pt;\">52- <a href=\"#a52\">Haut Verdon &#8211; Val d&rsquo;Allos<\/a><br \/>\n53- <a href=\"#a53\">Haut Verdon &#8211; Vall\u00e9e de l&rsquo;Asse<\/a><br \/>\n54- <a href=\"#a54\">Forcalquier &#8211; Montagne de Lure<\/a><br \/>\n55- <a href=\"#a55\">Vall\u00e9e de l&rsquo;Ubaye<\/a><br \/>\n56- <a href=\"#a56\">Provence Alpes<\/a><br \/>\n57- <a href=\"#a57\">Provence Verdon<\/a><br \/>\n58- <a href=\"#a58\">Hautes Terres de Provence<\/a><br \/>\n<\/span><\/td>\n<\/tr>\n<tr style=\"height: 26px;\">\n<td style=\"width: 35.3449%; text-align: center; height: 26px;\"><strong><span style=\"font-size: 14pt;\">Bouches du Rh\u00f4ne<br \/>\n<\/span><\/strong><\/td>\n<td style=\"width: 64.6552%; text-align: center; height: 26px;\"><span style=\"font-size: 14pt;\">59- <a href=\"#a59\">Espace VTT 13<\/a><br \/>\n<\/span><\/td>\n<\/tr>\n<tr style=\"height: 75px;\">\n<td style=\"width: 35.3449%; text-align: center; height: 75px;\"><strong><span style=\"font-size: 14pt;\">Var<br \/>\n<\/span><\/strong><\/td>\n<td style=\"width: 64.6552%; text-align: center; height: 75px;\"><span style=\"font-size: 14pt;\">60- <a href=\"#a60\">Drailles et Bancaus du Verdon<\/a><br \/>\n61- <a href=\"#a61\">Hy\u00e8res &#8211; les \u00celes d&rsquo;Or<\/a><br \/>\n62- <a href=\"#a62\">Est\u00e9rel<\/a><br \/>\n<\/span><\/td>\n<\/tr>\n<tr style=\"height: 99px;\">\n<td style=\"width: 35.3449%; text-align: center; height: 99px;\"><strong><span style=\"font-size: 14pt;\">Alpes Maritimes<br \/>\n<\/span><\/strong><\/td>\n<td style=\"width: 64.6552%; text-align: center; height: 99px;\"><span style=\"font-size: 14pt;\">63- <a href=\"#a63\">M\u00e9tropole Nice C\u00f4te d&rsquo;Azur<\/a><br \/>\n64- <a href=\"#a64\">Parc des Monts d&rsquo;Azur<\/a><br \/>\n65- <a href=\"#a65\">Sospel &#8211; Vall\u00e9e de la B\u00e9v\u00e9ra<\/a><br \/>\n66- <a href=\"#a66\">Valberg<\/a><br \/>\n<\/span><\/td>\n<\/tr>\n<\/tbody>\n<\/table>\n<p><strong><span style=\"font-size: 18pt;\">Loire (42)<\/span><\/strong><\/p>\n<p><strong><span style=\"font-size: 14pt;\"><em><a id=\"a1\"><\/a>1- Parc du Pilat<\/em><\/span><\/strong><\/p>\n<p style=\"text-align: center;\"><a href=\"https:\/\/www.pilat-tourisme.fr\/sites\/pilat-tourisme\/files\/brochures\/files\/plan_parcpilat_velo_bd.pdf\" target=\"_blank\" rel=\"noopener\"><img loading=\"lazy\" decoding=\"async\" class=\" aligncenter\" src=\"https:\/\/www.pilat-tourisme.fr\/sites\/pilat-tourisme\/files\/styles\/large\/public\/brochure\/circuitsvttpilat.jpg?itok=SBHi3OQ0\" width=\"577\" height=\"407\"><\/a><\/p>\n<p><a href=\"https:\/\/sitesvtt.ffc.fr\/sites\/monts-du-pilat\/\" target=\"_blank\" rel=\"noopener\">Site de la FFC<\/a> &#8211; Topos sur <a href=\"https:\/\/pilat-rando.fr\/?categories=T1\" target=\"_blank\" rel=\"noopener\">Pilat-rando<\/a> &#8211; <a href=\"https:\/\/www.pilat-tourisme.fr\/planifier\/activites-et-detente\/velo-et-vtt\/nos-circuits-vtt\" target=\"_blank\" rel=\"noopener\">Office de Tourisme<\/a> &#8211; <a href=\"https:\/\/www.outdooractive.com\/fr\/parcours-vtt\/loire\/parcours-vtt-loire\/4175243\/#gref\" target=\"_blank\" rel=\"noopener\">outdooractive<\/a> &#8211; <a href=\"http:\/\/cyclocrampons.free.fr\/spots\/toposenduro\/topos_pilat.htm\" target=\"_blank\" rel=\"noopener\">site perso avec avis sur les parcours<\/a> &#8211;<\/p>\n<p><span class=\"embed-youtube\" style=\"text-align:center; display: block;\"><iframe loading=\"lazy\" class=\"youtube-player\" width=\"640\" height=\"360\" src=\"https:\/\/www.youtube.com\/embed\/sJfs1oIsOX4?version=3&#038;rel=1&#038;showsearch=0&#038;showinfo=1&#038;iv_load_policy=1&#038;fs=1&#038;hl=fr-FR&#038;autohide=2&#038;wmode=transparent\" allowfullscreen=\"true\" style=\"border:0;\" sandbox=\"allow-scripts allow-same-origin allow-popups allow-presentation\"><\/iframe><\/span><\/p>\n<p><em><span style=\"font-size: 14pt;\"><strong><a id=\"a2\"><\/a>2- Base du Haut-Forez<\/strong><\/span><\/em><\/p>\n<p style=\"text-align: center;\"><a href=\"https:\/\/veloclubfaumont.fr\/wp-content\/uploads\/2021\/01\/haut-forez.jpg\"><img loading=\"lazy\" decoding=\"async\" class=\"aligncenter size-full wp-image-26428\" src=\"https:\/\/veloclubfaumont.fr\/wp-content\/uploads\/2021\/01\/haut-forez.jpg\" alt=\"\" width=\"972\" height=\"679\" srcset=\"https:\/\/veloclubfaumont.fr\/wp-content\/uploads\/2021\/01\/haut-forez.jpg 972w, https:\/\/veloclubfaumont.fr\/wp-content\/uploads\/2021\/01\/haut-forez-300x210.jpg 300w, https:\/\/veloclubfaumont.fr\/wp-content\/uploads\/2021\/01\/haut-forez-768x536.jpg 768w\" sizes=\"auto, (max-width: 972px) 100vw, 972px\" \/><\/a><br \/>\ncartes + liens GPX (openrunner) sur <a href=\"https:\/\/cyclosaintbonnet.blog4ever.com\/base-vtt-les-circuits\" target=\"_blank\" rel=\"noopener\">le site du CC de St Bonnet le Ch\u00e2teau<\/a> &#8211;<\/p>\n<p><span class=\"embed-youtube\" style=\"text-align:center; display: block;\"><iframe loading=\"lazy\" class=\"youtube-player\" width=\"640\" height=\"360\" src=\"https:\/\/www.youtube.com\/embed\/aOnnP8_qmEY?version=3&#038;rel=1&#038;showsearch=0&#038;showinfo=1&#038;iv_load_policy=1&#038;fs=1&#038;hl=fr-FR&#038;autohide=2&#038;wmode=transparent\" allowfullscreen=\"true\" style=\"border:0;\" sandbox=\"allow-scripts allow-same-origin allow-popups allow-presentation\"><\/iframe><\/span><\/p>\n<hr>\n<p><strong><span style=\"font-size: 18pt;\">Rh\u00f4ne (69)<\/span><\/strong><\/p>\n<p>Site de l&rsquo;<a href=\"https:\/\/www.rhonetourisme.com\/rando-balades\/itineraires-randonnees-vtt\/?typeDeVue=map\" target=\"_blank\" rel=\"noopener\">Office de Tourisme du Rh\u00f4ne<\/a> avec carte g\u00e9n\u00e9rale des circuits VTT<\/p>\n<p><span style=\"font-size: 14pt;\"><em><strong><a id=\"a3\"><\/a>3- Les Monts du Lyonnais<\/strong><\/em><\/span><\/p>\n<p style=\"text-align: center;\"><a href=\"https:\/\/www.vtt69.fr\/sites\/vtt69.fr\/files\/carte_vtt_2018_ccmdl.pdf\" target=\"_blank\" rel=\"noopener\"><img loading=\"lazy\" decoding=\"async\" class=\"alignnone size-full\" src=\"https:\/\/www.vtt69.fr\/sites\/vtt69.fr\/files\/carte_vtt_ccmdl.png\" width=\"700\" height=\"506\"><\/a><\/p>\n<p style=\"text-align: justify;\"><a href=\"https:\/\/sitesvtt.ffc.fr\/sites\/les-monts-du-lyonnais\/\" target=\"_blank\" rel=\"noopener\">Site de la FFC<\/a> &#8211; Outdooractive &#8211; <a href=\"https:\/\/www.vtt69.fr\/circuits_vtt\" target=\"_blank\" rel=\"noopener\">vtt69.fr<\/a> (avec topos, cartes et GPX) &#8211; <a href=\"https:\/\/www.montsdulyonnaistourisme.fr\/je-bouge\/vtt\/reseau-vtt\/\" target=\"_blank\" rel=\"noopener\">Office de Tourisme<\/a> &#8211; <a href=\"https:\/\/www.valleedugarontourisme.fr\/Le-Garon-en-VTT_a331.html\" target=\"_blank\" rel=\"noopener\">Vall\u00e9e du Garon<\/a> &#8211;<\/p>\n<p><span class=\"embed-youtube\" style=\"text-align:center; display: block;\"><iframe loading=\"lazy\" class=\"youtube-player\" width=\"640\" height=\"360\" src=\"https:\/\/www.youtube.com\/embed\/f-n_IZwjOL8?version=3&#038;rel=1&#038;showsearch=0&#038;showinfo=1&#038;iv_load_policy=1&#038;fs=1&#038;hl=fr-FR&#038;autohide=2&#038;wmode=transparent\" allowfullscreen=\"true\" style=\"border:0;\" sandbox=\"allow-scripts allow-same-origin allow-popups allow-presentation\"><\/iframe><\/span><\/p>\n<p><span style=\"font-size: 14pt;\"><em><strong><a id=\"a4\"><\/a>4- Beaujolais Vert<\/strong><\/em><\/span><\/p>\n<p style=\"text-align: center;\"><a href=\"https:\/\/www.beaujolaisvert.com\/wp-content\/uploads\/2019\/03\/BAT_TravelPlan_Beaujolais-Vert.pdf\" target=\"_blank\" rel=\"noopener\"><img loading=\"lazy\" decoding=\"async\" class=\"aligncenter size-full wp-image-26431\" src=\"https:\/\/veloclubfaumont.fr\/wp-content\/uploads\/2021\/01\/Beaujolais-Vert-vtt.jpg\" alt=\"\" width=\"1881\" height=\"1939\" srcset=\"https:\/\/veloclubfaumont.fr\/wp-content\/uploads\/2021\/01\/Beaujolais-Vert-vtt.jpg 1881w, https:\/\/veloclubfaumont.fr\/wp-content\/uploads\/2021\/01\/Beaujolais-Vert-vtt-291x300.jpg 291w, https:\/\/veloclubfaumont.fr\/wp-content\/uploads\/2021\/01\/Beaujolais-Vert-vtt-993x1024.jpg 993w, https:\/\/veloclubfaumont.fr\/wp-content\/uploads\/2021\/01\/Beaujolais-Vert-vtt-768x792.jpg 768w, https:\/\/veloclubfaumont.fr\/wp-content\/uploads\/2021\/01\/Beaujolais-Vert-vtt-1490x1536.jpg 1490w\" sizes=\"auto, (max-width: 1881px) 100vw, 1881px\" \/><\/a><br \/>\n<a href=\"https:\/\/sitesvtt.ffc.fr\/sites\/beaujolais-vert\/\" target=\"_blank\" rel=\"noopener\">Site FFC<\/a> &#8211; <a href=\"https:\/\/www.utagawavtt.com\/search\/auteur\/216408\" target=\"_blank\" rel=\"noopener\">utagawavtt<\/a> &#8211;<\/p>\n<p><span class=\"embed-youtube\" style=\"text-align:center; display: block;\"><iframe loading=\"lazy\" class=\"youtube-player\" width=\"640\" height=\"360\" src=\"https:\/\/www.youtube.com\/embed\/rbwcbQz0VKQ?version=3&#038;rel=1&#038;showsearch=0&#038;showinfo=1&#038;iv_load_policy=1&#038;fs=1&#038;hl=fr-FR&#038;autohide=2&#038;start=70&#038;wmode=transparent\" allowfullscreen=\"true\" style=\"border:0;\" sandbox=\"allow-scripts allow-same-origin allow-popups allow-presentation\"><\/iframe><\/span><\/p>\n<p><span style=\"font-size: 14pt;\"><em><strong><a id=\"a5\"><\/a>5- Pays de l&rsquo;Arbresle, entre Monts du Lyonnais et Beaujolais des Pierres dor\u00e9es<\/strong><\/em><\/span><\/p>\n<p style=\"text-align: center;\"><a href=\"https:\/\/www.arbresletourisme.fr\/app\/download\/15678243496\/Carte-2020-vtt-bd.pdf?t=1599664829\" target=\"_blank\" rel=\"noopener\"><img loading=\"lazy\" decoding=\"async\" class=\"aligncenter size-full wp-image-26425\" src=\"https:\/\/veloclubfaumont.fr\/wp-content\/uploads\/2021\/01\/pays-arbresle-scaled.jpg\" alt=\"\" width=\"2560\" height=\"1865\" srcset=\"https:\/\/veloclubfaumont.fr\/wp-content\/uploads\/2021\/01\/pays-arbresle-scaled.jpg 2560w, https:\/\/veloclubfaumont.fr\/wp-content\/uploads\/2021\/01\/pays-arbresle-300x219.jpg 300w, https:\/\/veloclubfaumont.fr\/wp-content\/uploads\/2021\/01\/pays-arbresle-1024x746.jpg 1024w, https:\/\/veloclubfaumont.fr\/wp-content\/uploads\/2021\/01\/pays-arbresle-768x560.jpg 768w, https:\/\/veloclubfaumont.fr\/wp-content\/uploads\/2021\/01\/pays-arbresle-1536x1119.jpg 1536w, https:\/\/veloclubfaumont.fr\/wp-content\/uploads\/2021\/01\/pays-arbresle-2048x1492.jpg 2048w\" sizes=\"auto, (max-width: 2560px) 100vw, 2560px\" \/><\/a><\/p>\n<p style=\"text-align: justify;\">Site de l&rsquo;<a href=\"https:\/\/www.arbresletourisme.fr\/se-balader\/vtt\/26-circuits-vtt\/\" target=\"_blank\" rel=\"noopener\">office de tourisme<\/a> (avec topos + cartes + gpx) &#8211; <a href=\"https:\/\/sitesvtt.ffc.fr\/sites\/pays-de-larbresle\/\" target=\"_blank\" rel=\"noopener\">site FFC<\/a> &#8211; <a href=\"https:\/\/www.outdooractive.com\/fr\/list\/le-pays-de-l-arbresle-site-vtt-ffc\/128664586\/#gref\" target=\"_blank\" rel=\"noopener\">outdooractive<\/a><\/p>\n<p><span class=\"embed-youtube\" style=\"text-align:center; display: block;\"><iframe loading=\"lazy\" class=\"youtube-player\" width=\"640\" height=\"360\" src=\"https:\/\/www.youtube.com\/embed\/MTSjmbpdaKg?version=3&#038;rel=1&#038;showsearch=0&#038;showinfo=1&#038;iv_load_policy=1&#038;fs=1&#038;hl=fr-FR&#038;autohide=2&#038;wmode=transparent\" allowfullscreen=\"true\" style=\"border:0;\" sandbox=\"allow-scripts allow-same-origin allow-popups allow-presentation\"><\/iframe><\/span><\/p>\n<p><span style=\"font-size: 14pt;\"><em><strong><a id=\"a6\"><\/a>6- Vallons du Lyonnais<\/strong><\/em><\/span><\/p>\n<p style=\"text-align: justify;\"><a href=\"https:\/\/rhone.koezio.com\/\/kcfinder\/upload\/entite6\/carte%20circuits%20VTT2019(1).pdf\" target=\"_blank\" rel=\"noopener\"><img loading=\"lazy\" decoding=\"async\" class=\"aligncenter size-full wp-image-26430\" src=\"https:\/\/veloclubfaumont.fr\/wp-content\/uploads\/2021\/01\/vallons-lyonnais.jpg\" alt=\"\" width=\"2189\" height=\"1383\" srcset=\"https:\/\/veloclubfaumont.fr\/wp-content\/uploads\/2021\/01\/vallons-lyonnais.jpg 2189w, https:\/\/veloclubfaumont.fr\/wp-content\/uploads\/2021\/01\/vallons-lyonnais-300x190.jpg 300w, https:\/\/veloclubfaumont.fr\/wp-content\/uploads\/2021\/01\/vallons-lyonnais-1024x647.jpg 1024w, https:\/\/veloclubfaumont.fr\/wp-content\/uploads\/2021\/01\/vallons-lyonnais-768x485.jpg 768w, https:\/\/veloclubfaumont.fr\/wp-content\/uploads\/2021\/01\/vallons-lyonnais-1536x970.jpg 1536w, https:\/\/veloclubfaumont.fr\/wp-content\/uploads\/2021\/01\/vallons-lyonnais-2048x1294.jpg 2048w\" sizes=\"auto, (max-width: 2189px) 100vw, 2189px\" \/><\/a><br \/>\n<a href=\"https:\/\/sitesvtt.ffc.fr\/sites\/vallon-du-lyonnais-2\/\" target=\"_blank\" rel=\"noopener\">Site FFC<\/a> &#8211; <a href=\"https:\/\/www.val-vtt.fr\/circuits-vtt-ouest-lyonnais.html\" target=\"_blank\" rel=\"noopener\">Site officiel<\/a> (avec topos + cartes + gpx) &#8211; <a href=\"https:\/\/www.outdooractive.com\/fr\/list\/vallons-du-lyonnais-site-vtt-ffc\/128664582\/#gref\" target=\"_blank\" rel=\"noopener\">outdooractive<\/a> &#8211; <a href=\"https:\/\/blog.utagawavtt.com\/fr\/blog\/destination-vtt-5-parcours-monts-du-lyonnais\" target=\"_blank\" rel=\"noopener\">utagawavtt<\/a> &#8211;<\/p>\n<p><span class=\"embed-youtube\" style=\"text-align:center; display: block;\"><iframe loading=\"lazy\" class=\"youtube-player\" width=\"640\" height=\"360\" src=\"https:\/\/www.youtube.com\/embed\/l47zGq15z-w?version=3&#038;rel=1&#038;showsearch=0&#038;showinfo=1&#038;iv_load_policy=1&#038;fs=1&#038;hl=fr-FR&#038;autohide=2&#038;wmode=transparent\" allowfullscreen=\"true\" style=\"border:0;\" sandbox=\"allow-scripts allow-same-origin allow-popups allow-presentation\"><\/iframe><\/span><\/p>\n<p><span style=\"font-size: 14pt;\"><em><strong><a id=\"a7\"><\/a>7- Pays Mormantais<\/strong><\/em><\/span><\/p>\n<p style=\"text-align: center;\"><a href=\"https:\/\/montsdulyonnaistourisme.fr\/content\/uploads\/2020\/09\/carte_vtt_pays_mornantais.pdf\"><img loading=\"lazy\" decoding=\"async\" class=\"aligncenter size-full wp-image-26432\" src=\"https:\/\/veloclubfaumont.fr\/wp-content\/uploads\/2021\/01\/pays-mormantais.jpg\" alt=\"\" width=\"2415\" height=\"1429\" srcset=\"https:\/\/veloclubfaumont.fr\/wp-content\/uploads\/2021\/01\/pays-mormantais.jpg 2415w, https:\/\/veloclubfaumont.fr\/wp-content\/uploads\/2021\/01\/pays-mormantais-300x178.jpg 300w, https:\/\/veloclubfaumont.fr\/wp-content\/uploads\/2021\/01\/pays-mormantais-1024x606.jpg 1024w, https:\/\/veloclubfaumont.fr\/wp-content\/uploads\/2021\/01\/pays-mormantais-768x454.jpg 768w, https:\/\/veloclubfaumont.fr\/wp-content\/uploads\/2021\/01\/pays-mormantais-1536x909.jpg 1536w, https:\/\/veloclubfaumont.fr\/wp-content\/uploads\/2021\/01\/pays-mormantais-2048x1212.jpg 2048w\" sizes=\"auto, (max-width: 2415px) 100vw, 2415px\" \/><\/a><br \/>\n<a href=\"https:\/\/www.outdooractive.com\/fr\/list\/vtt-dans-le-pays-mornantais\/153257049\/#gref\" target=\"_blank\" rel=\"noopener\">Outdooractive<\/a> &#8211;<\/p>\n<p><span class=\"embed-youtube\" style=\"text-align:center; display: block;\"><iframe loading=\"lazy\" class=\"youtube-player\" width=\"640\" height=\"360\" src=\"https:\/\/www.youtube.com\/embed\/VE9gZS81CdM?version=3&#038;rel=1&#038;showsearch=0&#038;showinfo=1&#038;iv_load_policy=1&#038;fs=1&#038;hl=fr-FR&#038;autohide=2&#038;wmode=transparent\" allowfullscreen=\"true\" style=\"border:0;\" sandbox=\"allow-scripts allow-same-origin allow-popups allow-presentation\"><\/iframe><\/span><\/p>\n<hr>\n<p><span style=\"font-size: 18pt;\"><strong>Ain (01)<\/strong><\/span><\/p>\n<p><span style=\"font-size: 14pt;\"><strong><em><a id=\"a8\"><\/a>8- Pays de Gex Agglo &#8211; Entre Jura et L\u00e9man<br \/>\n<\/em><\/strong><\/span><\/p>\n<p style=\"text-align: center;\"><img loading=\"lazy\" decoding=\"async\" class=\"alignnone size-full\" src=\"https:\/\/www.bigbike-magazine.com\/media\/Guide_station_VTT\/plan_piste\/monts_jura_plan_piste_vtt_2015.jpg\" width=\"1000\" height=\"650\"><\/p>\n<p style=\"text-align: center;\"><a href=\"https:\/\/sitesvtt.ffc.fr\/sites\/entre-jura-et-leman-6\/\" target=\"_blank\" rel=\"noopener\">Site FFC<\/a> &#8211; <a href=\"https:\/\/www.paysdegex-montsjura.com\/mon-sejour-preparer\/bouger\/vtt\/les-itineraires-velos-et-vtt\/\" target=\"_blank\" rel=\"noopener\">Site officiel<\/a> &#8211;<\/p>\n<p><span class=\"embed-youtube\" style=\"text-align:center; display: block;\"><iframe loading=\"lazy\" class=\"youtube-player\" width=\"640\" height=\"360\" src=\"https:\/\/www.youtube.com\/embed\/MSHP5KCZoWw?version=3&#038;rel=1&#038;showsearch=0&#038;showinfo=1&#038;iv_load_policy=1&#038;fs=1&#038;hl=fr-FR&#038;autohide=2&#038;wmode=transparent\" allowfullscreen=\"true\" style=\"border:0;\" sandbox=\"allow-scripts allow-same-origin allow-popups allow-presentation\"><\/iframe><\/span><\/p>\n<p><span style=\"font-size: 14pt;\"><strong><em><a id=\"a9\"><\/a>9- Bugey <\/em><\/strong><em>(en 2 parties)<\/em><strong><em><br \/>\n<\/em><\/strong><\/span><\/p>\n<p style=\"text-align: center;\"><img loading=\"lazy\" decoding=\"async\" class=\"aligncenter size-full wp-image-26435\" src=\"https:\/\/veloclubfaumont.fr\/wp-content\/uploads\/2021\/01\/Bugey-vtt.jpg\" alt=\"\" width=\"1684\" height=\"1191\" srcset=\"https:\/\/veloclubfaumont.fr\/wp-content\/uploads\/2021\/01\/Bugey-vtt.jpg 1684w, https:\/\/veloclubfaumont.fr\/wp-content\/uploads\/2021\/01\/Bugey-vtt-300x212.jpg 300w, https:\/\/veloclubfaumont.fr\/wp-content\/uploads\/2021\/01\/Bugey-vtt-1024x724.jpg 1024w, https:\/\/veloclubfaumont.fr\/wp-content\/uploads\/2021\/01\/Bugey-vtt-768x543.jpg 768w, https:\/\/veloclubfaumont.fr\/wp-content\/uploads\/2021\/01\/Bugey-vtt-1536x1086.jpg 1536w\" sizes=\"auto, (max-width: 1684px) 100vw, 1684px\" \/><em>Bugey-Belley<br \/>\n<\/em><\/p>\n<p style=\"text-align: center;\"><a href=\"https:\/\/www.bugeyvelo.com\/telechargement\/!\/telechargement\/carte-de-la-base-ffc-du-bugey-plateau-dhauteville-et-plateau-de-retord\" target=\"_blank\" rel=\"noopener\"><img loading=\"lazy\" decoding=\"async\" class=\"aligncenter size-full wp-image-26436\" src=\"https:\/\/veloclubfaumont.fr\/wp-content\/uploads\/2021\/01\/Bugey-Hauteville-Retord-vtt.jpg\" alt=\"\" width=\"1191\" height=\"1495\" srcset=\"https:\/\/veloclubfaumont.fr\/wp-content\/uploads\/2021\/01\/Bugey-Hauteville-Retord-vtt.jpg 1191w, https:\/\/veloclubfaumont.fr\/wp-content\/uploads\/2021\/01\/Bugey-Hauteville-Retord-vtt-239x300.jpg 239w, https:\/\/veloclubfaumont.fr\/wp-content\/uploads\/2021\/01\/Bugey-Hauteville-Retord-vtt-816x1024.jpg 816w, https:\/\/veloclubfaumont.fr\/wp-content\/uploads\/2021\/01\/Bugey-Hauteville-Retord-vtt-768x964.jpg 768w\" sizes=\"auto, (max-width: 1191px) 100vw, 1191px\" \/><\/a><em>Bugey &#8211; Plateaux d&rsquo;Hauteville et Retord<\/em><\/p>\n<p style=\"text-align: center;\"><a href=\"https:\/\/sitesvtt.ffc.fr\/sites\/bugey-6\/\" target=\"_blank\" rel=\"noopener\">Site FFC<\/a> &#8211;&nbsp;<a href=\"https:\/\/www.bugeyvelo.com\/fr\/circuits\/vtt_bugey_ain\/\" target=\"_blank\" rel=\"noopener\">Bugeyvelo.com<\/a> &#8211; <a href=\"https:\/\/www.hautbugey-tourisme.com\/bouger\/activites-nature\/plein-air\/vtt-velo\/les-parcours\/\" target=\"_blank\" rel=\"noopener\">OT du Haut-Bugey<\/a> &#8211;<\/p>\n<p><span class=\"embed-youtube\" style=\"text-align:center; display: block;\"><iframe loading=\"lazy\" class=\"youtube-player\" width=\"640\" height=\"360\" src=\"https:\/\/www.youtube.com\/embed\/ZqnuGgnIJ44?version=3&#038;rel=1&#038;showsearch=0&#038;showinfo=1&#038;iv_load_policy=1&#038;fs=1&#038;hl=fr-FR&#038;autohide=2&#038;wmode=transparent\" allowfullscreen=\"true\" style=\"border:0;\" sandbox=\"allow-scripts allow-same-origin allow-popups allow-presentation\"><\/iframe><\/span><\/p>\n<p><span style=\"font-size: 14pt;\"><em><strong><a id=\"a10\"><\/a>10- Montrevel en Bresse &#8211; La Plaine tonique<\/strong><\/em><\/span><\/p>\n<p style=\"text-align: center;\"><a href=\"http:\/\/static.apidae-tourisme.com\/filestore\/objets-touristiques\/documents\/107\/157\/6135147.pdf\" target=\"_blank\" rel=\"noopener\"><img loading=\"lazy\" decoding=\"async\" class=\"aligncenter size-full wp-image-26434\" src=\"https:\/\/veloclubfaumont.fr\/wp-content\/uploads\/2021\/01\/Montrevel-en-bresse.jpg\" alt=\"\" width=\"2064\" height=\"1440\" srcset=\"https:\/\/veloclubfaumont.fr\/wp-content\/uploads\/2021\/01\/Montrevel-en-bresse.jpg 2064w, https:\/\/veloclubfaumont.fr\/wp-content\/uploads\/2021\/01\/Montrevel-en-bresse-300x209.jpg 300w, https:\/\/veloclubfaumont.fr\/wp-content\/uploads\/2021\/01\/Montrevel-en-bresse-1024x714.jpg 1024w, https:\/\/veloclubfaumont.fr\/wp-content\/uploads\/2021\/01\/Montrevel-en-bresse-768x536.jpg 768w, https:\/\/veloclubfaumont.fr\/wp-content\/uploads\/2021\/01\/Montrevel-en-bresse-1536x1072.jpg 1536w, https:\/\/veloclubfaumont.fr\/wp-content\/uploads\/2021\/01\/Montrevel-en-bresse-2048x1429.jpg 2048w\" sizes=\"auto, (max-width: 2064px) 100vw, 2064px\" \/><\/a>Circuits sur <a href=\"https:\/\/www.bresse-revermont.fr\/randonnees-ain-vtt-revermont-jura-bresse-ain_rando-aintourisme\/cyclotourisme-et-vtt\/itineraires-vtt\/\" target=\"_blank\" rel=\"noopener\">Office de Tourisme de Bresse-Revermont<\/a> &#8211;<\/p>\n<p><span style=\"font-size: 14pt;\"><em><strong><a id=\"a11\"><\/a>11- Base Espace Revermont<\/strong><\/em><\/span><\/p>\n<p style=\"text-align: center;\"><a href=\"http:\/\/static.apidae-tourisme.com\/filestore\/objets-touristiques\/documents\/240\/156\/6135024.pdf\" target=\"_blank\" rel=\"noopener\"><img loading=\"lazy\" decoding=\"async\" class=\"size-full aligncenter\" src=\"http:\/\/static.apidae-tourisme.com\/filestore\/objets-touristiques\/documents\/216\/156\/6135000.jpg\" width=\"5041\" height=\"3585\"><\/a>Circuits sur <a href=\"https:\/\/www.bresse-revermont.fr\/randonnees-ain-vtt-revermont-jura-bresse-ain_rando-aintourisme\/cyclotourisme-et-vtt\/itineraires-vtt\/\" target=\"_blank\" rel=\"noopener\">Office de Tourisme de Bresse-Revermont<\/a> &#8211;<\/p>\n<p><span class=\"embed-youtube\" style=\"text-align:center; display: block;\"><iframe loading=\"lazy\" class=\"youtube-player\" width=\"640\" height=\"360\" src=\"https:\/\/www.youtube.com\/embed\/0Yk5QsRdK5Q?version=3&#038;rel=1&#038;showsearch=0&#038;showinfo=1&#038;iv_load_policy=1&#038;fs=1&#038;hl=fr-FR&#038;autohide=2&#038;wmode=transparent\" allowfullscreen=\"true\" style=\"border:0;\" sandbox=\"allow-scripts allow-same-origin allow-popups allow-presentation\"><\/iframe><\/span><\/p>\n<hr>\n<p><span style=\"font-size: 18pt;\"><strong>Haute-Savoie (74)<\/strong><\/span><\/p>\n<p style=\"text-align: center;\">Circuits VTT en Haute-Savoie sur <a href=\"https:\/\/www.outdooractive.com\/fr\/routes\/#area=1029046&amp;bm=osm%3Awinter&amp;cat=VTT&amp;filter=r-fullyTranslatedLangus-fr,sb-sortedBy-0&amp;wt=Haute-Savoie&amp;zc=9,6.48193,46.04655\" target=\"_blank\" rel=\"noopener\">Outdooractive<\/a><\/p>\n<p><span style=\"font-size: 14pt;\"><em><strong><a id=\"a12\"><\/a>12- Pays d&rsquo;Evian &#8211; Balcon du L\u00e9man<\/strong><\/em><\/span><\/p>\n<p style=\"text-align: center;\"><a href=\"https:\/\/www.cc-peva.fr\/cms_viewFile.php?idtf=28640&amp;path=Travel-plan-VTT-Pays-d-Evian-ete-2020.pdf\"><img loading=\"lazy\" decoding=\"async\" class=\"aligncenter size-full wp-image-26437\" src=\"https:\/\/veloclubfaumont.fr\/wp-content\/uploads\/2021\/01\/Pays-devian-vtt.jpg\" alt=\"\" width=\"1786\" height=\"1263\" srcset=\"https:\/\/veloclubfaumont.fr\/wp-content\/uploads\/2021\/01\/Pays-devian-vtt.jpg 1786w, https:\/\/veloclubfaumont.fr\/wp-content\/uploads\/2021\/01\/Pays-devian-vtt-300x212.jpg 300w, https:\/\/veloclubfaumont.fr\/wp-content\/uploads\/2021\/01\/Pays-devian-vtt-1024x724.jpg 1024w, https:\/\/veloclubfaumont.fr\/wp-content\/uploads\/2021\/01\/Pays-devian-vtt-768x543.jpg 768w, https:\/\/veloclubfaumont.fr\/wp-content\/uploads\/2021\/01\/Pays-devian-vtt-1536x1086.jpg 1536w\" sizes=\"auto, (max-width: 1786px) 100vw, 1786px\" \/><\/a><br \/>\n<a href=\"https:\/\/sitesvtt.ffc.fr\/sites\/pays-de-gavot-balcon-du-leman-6\/\" target=\"_blank\" rel=\"noopener\">Site FFC<\/a> &#8211;<\/p>\n<p><span class=\"embed-youtube\" style=\"text-align:center; display: block;\"><iframe loading=\"lazy\" class=\"youtube-player\" width=\"640\" height=\"360\" src=\"https:\/\/www.youtube.com\/embed\/NnvrePFm3ic?version=3&#038;rel=1&#038;showsearch=0&#038;showinfo=1&#038;iv_load_policy=1&#038;fs=1&#038;hl=fr-FR&#038;autohide=2&#038;wmode=transparent\" allowfullscreen=\"true\" style=\"border:0;\" sandbox=\"allow-scripts allow-same-origin allow-popups allow-presentation\"><\/iframe><\/span><\/p>\n<p><span style=\"font-size: 14pt;\"><em><strong><a id=\"a13\"><\/a>13- L&rsquo;Albanais<\/strong><\/em><\/span><\/p>\n<p style=\"text-align: center;\"><img loading=\"lazy\" decoding=\"async\" class=\"aligncenter size-full wp-image-26439\" src=\"https:\/\/veloclubfaumont.fr\/wp-content\/uploads\/2021\/01\/Albanais.jpg\" alt=\"\" width=\"1104\" height=\"1563\" srcset=\"https:\/\/veloclubfaumont.fr\/wp-content\/uploads\/2021\/01\/Albanais.jpg 1104w, https:\/\/veloclubfaumont.fr\/wp-content\/uploads\/2021\/01\/Albanais-212x300.jpg 212w, https:\/\/veloclubfaumont.fr\/wp-content\/uploads\/2021\/01\/Albanais-723x1024.jpg 723w, https:\/\/veloclubfaumont.fr\/wp-content\/uploads\/2021\/01\/Albanais-768x1087.jpg 768w, https:\/\/veloclubfaumont.fr\/wp-content\/uploads\/2021\/01\/Albanais-1085x1536.jpg 1085w\" sizes=\"auto, (max-width: 1104px) 100vw, 1104px\" \/><\/p>\n<p><a href=\"https:\/\/sitesvtt.ffc.fr\/sites\/centre-vtt-de-lalbanais-6\/\" target=\"_blank\" rel=\"noopener\">Site FFC<\/a> &#8211; <a href=\"https:\/\/www.rumilly-tourisme.com\/decouvrir\/activites-et-loisirs\/vtt\/\" target=\"_blank\" rel=\"noopener\">Office de Tourisme de Rumilly<\/a> &#8211; <a href=\"https:\/\/www.savoie-mont-blanc.com\/offre\/recherche\/velo-vtt\/22\/pays-d-albens~~~~itineraires-vtt~~~~\/(page)\/1\" target=\"_blank\" rel=\"noopener\">Savoie Mont Blanc<\/a> &#8211;<\/p>\n<p><span class=\"embed-youtube\" style=\"text-align:center; display: block;\"><iframe loading=\"lazy\" class=\"youtube-player\" width=\"640\" height=\"360\" src=\"https:\/\/www.youtube.com\/embed\/UFab-UHCDaE?version=3&#038;rel=1&#038;showsearch=0&#038;showinfo=1&#038;iv_load_policy=1&#038;fs=1&#038;hl=fr-FR&#038;autohide=2&#038;wmode=transparent\" allowfullscreen=\"true\" style=\"border:0;\" sandbox=\"allow-scripts allow-same-origin allow-popups allow-presentation\"><\/iframe><\/span><\/p>\n<hr>\n<p><span style=\"font-size: 18pt;\"><strong>Ard\u00e8che (07)<\/strong><\/span><\/p>\n<p style=\"text-align: center;\">quelques circuits ard\u00e8chois sur <a href=\"http:\/\/www.yadugaz07.com\/vtt-ardeche-drome.php\" target=\"_blank\" rel=\"noopener\">un site perso<\/a> (yadugaz07)<br \/>\n<a href=\"https:\/\/www.outdooractive.com\/fr\/parcours-vtt\/ardeche\/parcours-vtt-en-ardeche\/3605786\/#gref\" target=\"_blank\" rel=\"noopener\">outdooractive<\/a> &#8211; <a href=\"https:\/\/www.cirkwi.com\/fr\/filtres-3e\/circuit\/vtt\/france\/rh%C3%B4ne-alpes\/ard%C3%A8che?page=7\" target=\"_blank\" rel=\"noopener\">cirkwi<\/a><\/p>\n<p><span style=\"font-size: 14pt;\"><em><strong><a id=\"a14\"><\/a>14- Du Rh\u00f4ne aux Gorges de l&rsquo;Ard\u00e8che<\/strong><\/em><\/span><\/p>\n<p><a href=\"https:\/\/sitesvtt.ffc.fr\/sites\/rhone-aux-gorges-de-lardeche\/\" target=\"_blank\" rel=\"noopener\">Site FFC<\/a> &#8211; <a href=\"https:\/\/www.rhone-gorges-ardeche.com\/gorges-ardeche-vallee-rhone\/randonnees-vtt\/\" target=\"_blank\" rel=\"noopener\">site officiel<\/a> &#8211; <a href=\"https:\/\/www.cc-gorgesardeche.fr\/spip.php?rubrique112\" target=\"_blank\" rel=\"noopener\">ancien site des Gorges de l&rsquo;Ard\u00e8che<\/a> &#8211; <a href=\"http:\/\/www.yadugaz07.com\/vtt-salavas-vallon-pont-arc.php\" target=\"_blank\" rel=\"noopener\">Autour de Vallon Pont d&rsquo;Arc<\/a><\/p>\n<p><span class=\"embed-youtube\" style=\"text-align:center; display: block;\"><iframe loading=\"lazy\" class=\"youtube-player\" width=\"640\" height=\"360\" src=\"https:\/\/www.youtube.com\/embed\/j_8iyhVHAkg?version=3&#038;rel=1&#038;showsearch=0&#038;showinfo=1&#038;iv_load_policy=1&#038;fs=1&#038;hl=fr-FR&#038;autohide=2&#038;wmode=transparent\" allowfullscreen=\"true\" style=\"border:0;\" sandbox=\"allow-scripts allow-same-origin allow-popups allow-presentation\"><\/iframe><\/span><\/p>\n<p style=\"text-align: center;\">&nbsp;<\/p>\n<p><span style=\"font-size: 14pt;\"><em><strong><a id=\"a15\"><\/a>15- Val&rsquo;Eyrieux &#8211; Monts d&rsquo;Ard\u00e8che<\/strong><\/em><\/span><\/p>\n<p><a href=\"https:\/\/sitesvtt.ffc.fr\/sites\/pays-de-cheylard-6\/\" target=\"_blank\" rel=\"noopener\">Site FFC<\/a> &#8211; <a href=\"http:\/\/rando.ardeche-hautes-vallees.fr\/?categories=T1\" target=\"_blank\" rel=\"noopener\">Office de Tourisme<\/a> &#8211; <a href=\"http:\/\/www.yadugaz07.com\/vtt-vallee-eyrieux.php\" target=\"_blank\" rel=\"noopener\">reportages sur les circuits<\/a> &#8211;<\/p>\n<p><span class=\"embed-youtube\" style=\"text-align:center; display: block;\"><iframe loading=\"lazy\" class=\"youtube-player\" width=\"640\" height=\"360\" src=\"https:\/\/www.youtube.com\/embed\/8IE3hl8oSrg?version=3&#038;rel=1&#038;showsearch=0&#038;showinfo=1&#038;iv_load_policy=1&#038;fs=1&#038;hl=fr-FR&#038;autohide=2&#038;wmode=transparent\" allowfullscreen=\"true\" style=\"border:0;\" sandbox=\"allow-scripts allow-same-origin allow-popups allow-presentation\"><\/iframe><\/span><\/p>\n<p><span style=\"font-size: 14pt;\"><em><strong><a id=\"a16\"><\/a>16- Pays de Saint F\u00e9licien<\/strong><\/em><\/span><\/p>\n<p><a href=\"https:\/\/sitesvtt.ffc.fr\/sites\/pays-de-saint-felicien-6\/\" target=\"_blank\" rel=\"noopener\">Site FFC<\/a> &#8211; <a href=\"https:\/\/www.ardeche-hermitage.com\/fr\/bouger\/au-grand-air\/cyclo-tourisme\/itineraire-vtt\/\" target=\"_blank\" rel=\"noopener\">Office de Tourisme<\/a> &#8211;<\/p>\n<p><span class=\"embed-youtube\" style=\"text-align:center; display: block;\"><iframe loading=\"lazy\" class=\"youtube-player\" width=\"640\" height=\"360\" src=\"https:\/\/www.youtube.com\/embed\/S2-A2BIQEw4?version=3&#038;rel=1&#038;showsearch=0&#038;showinfo=1&#038;iv_load_policy=1&#038;fs=1&#038;hl=fr-FR&#038;autohide=2&#038;wmode=transparent\" allowfullscreen=\"true\" style=\"border:0;\" sandbox=\"allow-scripts allow-same-origin allow-popups allow-presentation\"><\/iframe><\/span><\/p>\n<p><span style=\"font-size: 14pt;\"><em><strong><a id=\"a17\"><\/a>17- La Montagne Ard\u00e8choise<\/strong><\/em><\/span><\/p>\n<p style=\"text-align: center;\"><img loading=\"lazy\" decoding=\"async\" class=\"aligncenter size-full wp-image-26442\" src=\"https:\/\/veloclubfaumont.fr\/wp-content\/uploads\/2021\/01\/Montagnes-ardeches-nord.jpg\" alt=\"\" width=\"2508\" height=\"1929\" srcset=\"https:\/\/veloclubfaumont.fr\/wp-content\/uploads\/2021\/01\/Montagnes-ardeches-nord.jpg 2508w, https:\/\/veloclubfaumont.fr\/wp-content\/uploads\/2021\/01\/Montagnes-ardeches-nord-300x231.jpg 300w, https:\/\/veloclubfaumont.fr\/wp-content\/uploads\/2021\/01\/Montagnes-ardeches-nord-1024x788.jpg 1024w, https:\/\/veloclubfaumont.fr\/wp-content\/uploads\/2021\/01\/Montagnes-ardeches-nord-768x591.jpg 768w, https:\/\/veloclubfaumont.fr\/wp-content\/uploads\/2021\/01\/Montagnes-ardeches-nord-1536x1181.jpg 1536w, https:\/\/veloclubfaumont.fr\/wp-content\/uploads\/2021\/01\/Montagnes-ardeches-nord-2048x1575.jpg 2048w\" sizes=\"auto, (max-width: 2508px) 100vw, 2508px\" \/> <img loading=\"lazy\" decoding=\"async\" class=\"aligncenter size-full wp-image-26443\" src=\"https:\/\/veloclubfaumont.fr\/wp-content\/uploads\/2021\/01\/Montagnes-ardeches-sud.jpg\" alt=\"\" width=\"2400\" height=\"1908\" srcset=\"https:\/\/veloclubfaumont.fr\/wp-content\/uploads\/2021\/01\/Montagnes-ardeches-sud.jpg 2400w, https:\/\/veloclubfaumont.fr\/wp-content\/uploads\/2021\/01\/Montagnes-ardeches-sud-300x239.jpg 300w, https:\/\/veloclubfaumont.fr\/wp-content\/uploads\/2021\/01\/Montagnes-ardeches-sud-1024x814.jpg 1024w, https:\/\/veloclubfaumont.fr\/wp-content\/uploads\/2021\/01\/Montagnes-ardeches-sud-768x611.jpg 768w, https:\/\/veloclubfaumont.fr\/wp-content\/uploads\/2021\/01\/Montagnes-ardeches-sud-1536x1221.jpg 1536w, https:\/\/veloclubfaumont.fr\/wp-content\/uploads\/2021\/01\/Montagnes-ardeches-sud-2048x1628.jpg 2048w\" sizes=\"auto, (max-width: 2400px) 100vw, 2400px\" \/><\/p>\n<p style=\"text-align: center;\"><a href=\"https:\/\/www.randonnees-ma.fr\/tzr\/scripts\/downloader2.php?filename=T004\/fichier\/0b\/99\/ll85ayf41q17&amp;mime=application\/pdf&amp;originalname=VTT-MONTAGNE_ARDECHOISE_TRAVEL_bd.pdf\" target=\"_blank\" rel=\"noopener\">carte grand format en PDF ici<\/a><\/p>\n<p><a href=\"https:\/\/sitesvtt.ffc.fr\/sites\/la-montagne-ardechoise-6\/\" target=\"_blank\" rel=\"noopener\">Site FFC<\/a> &#8211; <a href=\"https:\/\/www.randonnees-ma.fr\/FR\/traces_gps_vtt.html\" target=\"_blank\" rel=\"noopener\">Office de Tourisme<\/a> &#8211;<\/p>\n<p><span class=\"embed-youtube\" style=\"text-align:center; display: block;\"><iframe loading=\"lazy\" class=\"youtube-player\" width=\"640\" height=\"360\" src=\"https:\/\/www.youtube.com\/embed\/OF7jHb9pNOw?version=3&#038;rel=1&#038;showsearch=0&#038;showinfo=1&#038;iv_load_policy=1&#038;fs=1&#038;hl=fr-FR&#038;autohide=2&#038;wmode=transparent\" allowfullscreen=\"true\" style=\"border:0;\" sandbox=\"allow-scripts allow-same-origin allow-popups allow-presentation\"><\/iframe><\/span><\/p>\n<hr>\n<p><span style=\"font-size: 18pt;\"><strong>Dr\u00f4me (26)<\/strong><\/span><\/p>\n<p style=\"text-align: center;\"><a href=\"https:\/\/www.valleedeladrome-tourisme.com\/votre-sejour\/vos-loisirs\/a-deux-roues\/\" target=\"_blank\" rel=\"noopener\">Office de Tourisme de la Vall\u00e9e de la Dr\u00f4me<\/a><\/p>\n<p><span style=\"font-size: 14pt;\"><strong><em><a id=\"a18\"><\/a>18- Pays Diois<\/em><\/strong><\/span><\/p>\n<p style=\"text-align: justify;\"><a href=\"https:\/\/sitesvtt.ffc.fr\/sites\/pays-diois\/\" target=\"_blank\" rel=\"noopener\">Site FFC<\/a> &#8211; <a href=\"https:\/\/www.outdooractive.com\/fr\/parcours-vtt\/die\/parcours-vtt-die\/10197720\/#gref\" target=\"_blank\" rel=\"noopener\">Outdooractive<\/a> &#8211; reportages sur <a href=\"http:\/\/www.yadugaz07.com\/vtt-die.php\" target=\"_blank\" rel=\"noopener\">yadugaz07<\/a><\/p>\n<p><span class=\"embed-youtube\" style=\"text-align:center; display: block;\"><iframe loading=\"lazy\" class=\"youtube-player\" width=\"640\" height=\"360\" src=\"https:\/\/www.youtube.com\/embed\/i_ERTPb8p7w?version=3&#038;rel=1&#038;showsearch=0&#038;showinfo=1&#038;iv_load_policy=1&#038;fs=1&#038;hl=fr-FR&#038;autohide=2&#038;wmode=transparent\" allowfullscreen=\"true\" style=\"border:0;\" sandbox=\"allow-scripts allow-same-origin allow-popups allow-presentation\"><\/iframe><\/span><\/p>\n<p><span style=\"font-size: 14pt;\"><strong><em><a id=\"a19\"><\/a>19- Crestois &#8211; Pays de Saillans<\/em><\/strong><\/span><\/p>\n<p><a href=\"https:\/\/sitesvtt.ffc.fr\/sites\/crestoispays-de-saillans-coeur-de-drome-6\/\" target=\"_blank\" rel=\"noopener\">Site FFC<\/a> &#8211; <a href=\"http:\/\/www.yadugaz07.com\/vtt-crest-saillans.php\" target=\"_blank\" rel=\"noopener\">reportages sur yadugaz07<\/a> &#8211; des circuits sur <a href=\"https:\/\/www.visugpx.com\/itineraires\/vtt\/drome\/crest\/\" target=\"_blank\" rel=\"noopener\">visugpx<\/a> &#8211; Site <a href=\"http:\/\/le-crestois.fr\/index.php\/le-crestois-extras\/circuits-velo\">Crestois<\/a><\/p>\n<p><span class=\"embed-youtube\" style=\"text-align:center; display: block;\"><iframe loading=\"lazy\" class=\"youtube-player\" width=\"640\" height=\"360\" src=\"https:\/\/www.youtube.com\/embed\/mSPH4eJF_XA?version=3&#038;rel=1&#038;showsearch=0&#038;showinfo=1&#038;iv_load_policy=1&#038;fs=1&#038;hl=fr-FR&#038;autohide=2&#038;wmode=transparent\" allowfullscreen=\"true\" style=\"border:0;\" sandbox=\"allow-scripts allow-same-origin allow-popups allow-presentation\"><\/iframe><\/span><\/p>\n<p><span style=\"font-size: 14pt;\"><strong><em><a id=\"a20\"><\/a>20- Dr\u00f4me des Collines<\/em><\/strong><\/span><\/p>\n<p style=\"text-align: center;\"><a href=\"https:\/\/legrandserre.fr\/wp-content\/uploads\/sites\/200\/2017\/12\/Depl_VTT_Drome_Collines-bd-13207.pdf\" target=\"_blank\" rel=\"noopener\"><img loading=\"lazy\" decoding=\"async\" class=\"aligncenter size-full wp-image-26461\" src=\"https:\/\/veloclubfaumont.fr\/wp-content\/uploads\/2021\/01\/Drome_Collines-VTT.jpg\" alt=\"\" width=\"1191\" height=\"1684\" srcset=\"https:\/\/veloclubfaumont.fr\/wp-content\/uploads\/2021\/01\/Drome_Collines-VTT.jpg 1191w, https:\/\/veloclubfaumont.fr\/wp-content\/uploads\/2021\/01\/Drome_Collines-VTT-212x300.jpg 212w, https:\/\/veloclubfaumont.fr\/wp-content\/uploads\/2021\/01\/Drome_Collines-VTT-724x1024.jpg 724w, https:\/\/veloclubfaumont.fr\/wp-content\/uploads\/2021\/01\/Drome_Collines-VTT-768x1086.jpg 768w, https:\/\/veloclubfaumont.fr\/wp-content\/uploads\/2021\/01\/Drome_Collines-VTT-1086x1536.jpg 1086w\" sizes=\"auto, (max-width: 1191px) 100vw, 1191px\" \/><\/a><a href=\"https:\/\/sitesvtt.ffc.fr\/sites\/drome-des-collines-6\/\" target=\"_blank\" rel=\"noopener\">Site FFC<\/a> &#8211; <a href=\"https:\/\/www.ardeche-hermitage.com\/fr\/bouger\/au-grand-air\/cyclo-tourisme\/itineraire-vtt\/?page=2\" target=\"_blank\" rel=\"noopener\">Office de Tourisme<\/a> &#8211; <a href=\"https:\/\/www.cirkwi.com\/fr\/filtres-7e\/circuit\/vtt\/france\/rh%C3%B4ne-alpes\/dr%C3%B4me\/saint-donat-sur-l'herbasse\" target=\"_blank\" rel=\"noopener\">cirkwi<\/a> &#8211;<\/p>\n<p><span class=\"embed-youtube\" style=\"text-align:center; display: block;\"><iframe loading=\"lazy\" class=\"youtube-player\" width=\"640\" height=\"360\" src=\"https:\/\/www.youtube.com\/embed\/FjomGs5KD-c?version=3&#038;rel=1&#038;showsearch=0&#038;showinfo=1&#038;iv_load_policy=1&#038;fs=1&#038;hl=fr-FR&#038;autohide=2&#038;wmode=transparent\" allowfullscreen=\"true\" style=\"border:0;\" sandbox=\"allow-scripts allow-same-origin allow-popups allow-presentation\"><\/iframe><\/span><\/p>\n<p><span style=\"font-size: 14pt;\"><strong><em><a id=\"a21\"><\/a>21- Val de Dr\u00f4me<\/em><\/strong><\/span><\/p>\n<p><a href=\"https:\/\/sitesvtt.ffc.fr\/sites\/val-de-drome-6\/\" target=\"_blank\" rel=\"noopener\">Site FFC<\/a> &#8211; <a href=\"https:\/\/www.valleedeladrome-tourisme.com\/votre-sejour\/vos-loisirs\/a-deux-roues\/\" target=\"_blank\" rel=\"noopener\">Office de Tourisme<\/a> &#8211; <a href=\"http:\/\/www.yadugaz07.com\/vtt-livron-bourdeaux.php\" target=\"_blank\" rel=\"noopener\">yadugaz07<\/a> &#8211;<\/p>\n<hr>\n<p><span style=\"font-size: 18pt;\"><strong>Is\u00e8re (36)<\/strong><\/span><\/p>\n<p style=\"text-align: center;\"><a href=\"https:\/\/www.isere-tourisme.com\/selection\/itineraires-vtt\" target=\"_blank\" rel=\"noopener\">Tous les circuits sur l&rsquo;Office de Tourisme du D\u00e9partement<\/a><\/p>\n<p><span style=\"font-size: 14pt;\"><em><strong><a id=\"a22\"><\/a>22- Matheysine &#8211; Vall\u00e9e du Valbonnais<\/strong><\/em><\/span><\/p>\n<p style=\"text-align: center;\"><a href=\"https:\/\/6dd719f9-95ea-4763-96fd-977a2e43b466.filesusr.com\/ugd\/aeb80a_935ad3fca333402280177841cc06cce7.pdf\" target=\"_blank\" rel=\"noopener\"><img loading=\"lazy\" decoding=\"async\" class=\"aligncenter size-full wp-image-26468\" src=\"https:\/\/veloclubfaumont.fr\/wp-content\/uploads\/2021\/01\/Matheysine-VTT.jpg\" alt=\"\" width=\"1752\" height=\"1063\" srcset=\"https:\/\/veloclubfaumont.fr\/wp-content\/uploads\/2021\/01\/Matheysine-VTT.jpg 1752w, https:\/\/veloclubfaumont.fr\/wp-content\/uploads\/2021\/01\/Matheysine-VTT-300x182.jpg 300w, https:\/\/veloclubfaumont.fr\/wp-content\/uploads\/2021\/01\/Matheysine-VTT-1024x621.jpg 1024w, https:\/\/veloclubfaumont.fr\/wp-content\/uploads\/2021\/01\/Matheysine-VTT-768x466.jpg 768w, https:\/\/veloclubfaumont.fr\/wp-content\/uploads\/2021\/01\/Matheysine-VTT-1536x932.jpg 1536w\" sizes=\"auto, (max-width: 1752px) 100vw, 1752px\" \/><\/a><\/p>\n<p><a href=\"https:\/\/sitesvtt.ffc.fr\/sites\/matheysine-vallee-du-valbonnais-6\/\" target=\"_blank\" rel=\"noopener\">Site FFC<\/a> &#8211; <a href=\"https:\/\/www.matheysine-tourisme.com\/fr\/sports-et-loisirs\/velo\/itineraire-vtt\/\" target=\"_blank\" rel=\"noopener\">Office de Tourisme<\/a> &#8211; <a href=\"https:\/\/www.outdooractive.com\/fr\/list\/matheysine-vallee-du-valbonnais-site-vtt-ffc\/128664596\/#gref\" target=\"_blank\" rel=\"noopener\">outdooractive<\/a> &#8211; <a href=\"https:\/\/www.utagawavtt.com\/randonnee-vtt-gps-results\/massif\/Matheysine-13\/page\/1?massif=13\" target=\"_blank\" rel=\"noopener\">utagawavtt<\/a><\/p>\n<p><span class=\"embed-youtube\" style=\"text-align:center; display: block;\"><iframe loading=\"lazy\" class=\"youtube-player\" width=\"640\" height=\"360\" src=\"https:\/\/www.youtube.com\/embed\/tRUQtnl13Ok?version=3&#038;rel=1&#038;showsearch=0&#038;showinfo=1&#038;iv_load_policy=1&#038;fs=1&#038;hl=fr-FR&#038;autohide=2&#038;wmode=transparent\" allowfullscreen=\"true\" style=\"border:0;\" sandbox=\"allow-scripts allow-same-origin allow-popups allow-presentation\"><\/iframe><\/span><\/p>\n<p><span style=\"font-size: 14pt;\"><em><strong><a id=\"a23\"><\/a>23- Vercors Autrans M\u00e9audre<\/strong><\/em><\/span><\/p>\n<p style=\"text-align: center;\"><a href=\"https:\/\/bike.autrans-meaudre.com\/telechargement\/!\/telechargement\/nouveau-plan-vtt-autrans-meaudre-2020\" target=\"_blank\" rel=\"noopener\"><img loading=\"lazy\" decoding=\"async\" class=\"aligncenter size-full wp-image-26471\" src=\"https:\/\/veloclubfaumont.fr\/wp-content\/uploads\/2021\/01\/Autrans-Meaudre.jpg\" alt=\"\" width=\"794\" height=\"1098\" srcset=\"https:\/\/veloclubfaumont.fr\/wp-content\/uploads\/2021\/01\/Autrans-Meaudre.jpg 794w, https:\/\/veloclubfaumont.fr\/wp-content\/uploads\/2021\/01\/Autrans-Meaudre-217x300.jpg 217w, https:\/\/veloclubfaumont.fr\/wp-content\/uploads\/2021\/01\/Autrans-Meaudre-740x1024.jpg 740w, https:\/\/veloclubfaumont.fr\/wp-content\/uploads\/2021\/01\/Autrans-Meaudre-768x1062.jpg 768w\" sizes=\"auto, (max-width: 794px) 100vw, 794px\" \/><\/a><\/p>\n<p style=\"text-align: center;\"><a href=\"https:\/\/sitesvtt.ffc.fr\/sites\/vercors-autrans-meaudre-6\/\" target=\"_blank\" rel=\"noopener\">Site FFC<\/a> &#8211; <a href=\"https:\/\/bike.autrans-meaudre.com\/fr\/parcours\/\" target=\"_blank\" rel=\"noopener\">Site officiel<\/a> &#8211; <a href=\"https:\/\/www.komoot.fr\/guide\/918208\/circuits-de-rando-vtt-autour-de-autrans-meaudre-en-vercors\" target=\"_blank\" rel=\"noopener\">circuits sur Komoot<\/a> &#8211;<\/p>\n<p><span class=\"embed-youtube\" style=\"text-align:center; display: block;\"><iframe loading=\"lazy\" class=\"youtube-player\" width=\"640\" height=\"360\" src=\"https:\/\/www.youtube.com\/embed\/5BvU4XBUer0?version=3&#038;rel=1&#038;showsearch=0&#038;showinfo=1&#038;iv_load_policy=1&#038;fs=1&#038;hl=fr-FR&#038;autohide=2&#038;wmode=transparent\" allowfullscreen=\"true\" style=\"border:0;\" sandbox=\"allow-scripts allow-same-origin allow-popups allow-presentation\"><\/iframe><\/span><\/p>\n<p><span style=\"font-size: 14pt;\"><em><strong><a id=\"a24\"><\/a>24- Alpe d&rsquo;Huez &#8211; Grand Domaine VTT<\/strong><\/em><\/span><\/p>\n<p style=\"text-align: center;\"><a href=\"http:\/\/static.apidae-tourisme.com\/filestore\/objets-touristiques\/documents\/29\/52\/6304797.jpg\" target=\"_blank\" rel=\"noopener\"><img loading=\"lazy\" decoding=\"async\" class=\"aligncenter size-full wp-image-26462\" src=\"https:\/\/veloclubfaumont.fr\/wp-content\/uploads\/2021\/01\/alpes-d-huez-vtt-scaled.jpg\" alt=\"\" width=\"2560\" height=\"1536\" srcset=\"https:\/\/veloclubfaumont.fr\/wp-content\/uploads\/2021\/01\/alpes-d-huez-vtt-scaled.jpg 2560w, https:\/\/veloclubfaumont.fr\/wp-content\/uploads\/2021\/01\/alpes-d-huez-vtt-300x180.jpg 300w, https:\/\/veloclubfaumont.fr\/wp-content\/uploads\/2021\/01\/alpes-d-huez-vtt-1024x615.jpg 1024w, https:\/\/veloclubfaumont.fr\/wp-content\/uploads\/2021\/01\/alpes-d-huez-vtt-768x461.jpg 768w, https:\/\/veloclubfaumont.fr\/wp-content\/uploads\/2021\/01\/alpes-d-huez-vtt-1536x922.jpg 1536w, https:\/\/veloclubfaumont.fr\/wp-content\/uploads\/2021\/01\/alpes-d-huez-vtt-2048x1229.jpg 2048w\" sizes=\"auto, (max-width: 2560px) 100vw, 2560px\" \/><\/a><a href=\"https:\/\/sitesvtt.ffc.fr\/sites\/alpe-dhuez-grand-domaine-vtt-6\/\" target=\"_blank\" rel=\"noopener\">Site FFC<\/a> &#8211; Office de Tourisme &#8211;<\/p>\n<p><span class=\"embed-youtube\" style=\"text-align:center; display: block;\"><iframe loading=\"lazy\" class=\"youtube-player\" width=\"640\" height=\"360\" src=\"https:\/\/www.youtube.com\/embed\/-nIdSxn_47g?version=3&#038;rel=1&#038;showsearch=0&#038;showinfo=1&#038;iv_load_policy=1&#038;fs=1&#038;hl=fr-FR&#038;autohide=2&#038;wmode=transparent\" allowfullscreen=\"true\" style=\"border:0;\" sandbox=\"allow-scripts allow-same-origin allow-popups allow-presentation\"><\/iframe><\/span><\/p>\n<p><span style=\"font-size: 14pt;\"><em><strong><a id=\"a25\"><\/a>25- Villars de Lans &#8211; Corren\u00e7on<\/strong><\/em><\/span><\/p>\n<p style=\"text-align: center;\"><a href=\"https:\/\/www.villarddelans.com\/medias\/documents\/documentation\/documentation-PLANVTT2020-FR.pdf\" target=\"_blank\" rel=\"noopener\"><img loading=\"lazy\" decoding=\"async\" class=\"aligncenter size-full wp-image-26463\" src=\"https:\/\/veloclubfaumont.fr\/wp-content\/uploads\/2021\/01\/Villars-de-lans-correncon-scaled.jpg\" alt=\"\" width=\"2560\" height=\"1632\" srcset=\"https:\/\/veloclubfaumont.fr\/wp-content\/uploads\/2021\/01\/Villars-de-lans-correncon-scaled.jpg 2560w, https:\/\/veloclubfaumont.fr\/wp-content\/uploads\/2021\/01\/Villars-de-lans-correncon-300x191.jpg 300w, https:\/\/veloclubfaumont.fr\/wp-content\/uploads\/2021\/01\/Villars-de-lans-correncon-1024x653.jpg 1024w, https:\/\/veloclubfaumont.fr\/wp-content\/uploads\/2021\/01\/Villars-de-lans-correncon-768x489.jpg 768w, https:\/\/veloclubfaumont.fr\/wp-content\/uploads\/2021\/01\/Villars-de-lans-correncon-1536x979.jpg 1536w, https:\/\/veloclubfaumont.fr\/wp-content\/uploads\/2021\/01\/Villars-de-lans-correncon-2048x1305.jpg 2048w\" sizes=\"auto, (max-width: 2560px) 100vw, 2560px\" \/><\/a><a href=\"https:\/\/sitesvtt.ffc.fr\/sites\/villard-de-lans-correncon-6\/\" target=\"_blank\" rel=\"noopener\">Site FFC<\/a> &#8211; <a href=\"https:\/\/www.utagawavtt.com\/search?city=&amp;w=[5.47931,45.01201,5.58917,45.07751]&amp;q=[1,2,3,4]&amp;k=0&amp;l=all&amp;a=196825&amp;u=1&amp;aa=10\" target=\"_blank\" rel=\"noopener\">utagawavtt<\/a> &#8211;<\/p>\n<p><span class=\"embed-youtube\" style=\"text-align:center; display: block;\"><iframe loading=\"lazy\" class=\"youtube-player\" width=\"640\" height=\"360\" src=\"https:\/\/www.youtube.com\/embed\/hbsiaEE8QV0?version=3&#038;rel=1&#038;showsearch=0&#038;showinfo=1&#038;iv_load_policy=1&#038;fs=1&#038;hl=fr-FR&#038;autohide=2&#038;wmode=transparent\" allowfullscreen=\"true\" style=\"border:0;\" sandbox=\"allow-scripts allow-same-origin allow-popups allow-presentation\"><\/iframe><\/span><\/p>\n<p><span style=\"font-size: 14pt;\"><em><strong><a id=\"a26\"><\/a>26- Lac du Paladru &#8211; Val d&rsquo;Ainan<\/strong><\/em><\/span><\/p>\n<p style=\"text-align: center;\"><a href=\"https:\/\/www.beau-rivage-charavines.com\/app\/download\/12695194\/Carte+VTT.pdf\" target=\"_blank\" rel=\"noopener\"><img loading=\"lazy\" decoding=\"async\" class=\"aligncenter size-full wp-image-26464\" src=\"https:\/\/veloclubfaumont.fr\/wp-content\/uploads\/2021\/01\/Lac-Paladru-VTT.jpg\" alt=\"\" width=\"2324\" height=\"1602\" srcset=\"https:\/\/veloclubfaumont.fr\/wp-content\/uploads\/2021\/01\/Lac-Paladru-VTT.jpg 2324w, https:\/\/veloclubfaumont.fr\/wp-content\/uploads\/2021\/01\/Lac-Paladru-VTT-300x207.jpg 300w, https:\/\/veloclubfaumont.fr\/wp-content\/uploads\/2021\/01\/Lac-Paladru-VTT-1024x706.jpg 1024w, https:\/\/veloclubfaumont.fr\/wp-content\/uploads\/2021\/01\/Lac-Paladru-VTT-768x529.jpg 768w, https:\/\/veloclubfaumont.fr\/wp-content\/uploads\/2021\/01\/Lac-Paladru-VTT-1536x1059.jpg 1536w, https:\/\/veloclubfaumont.fr\/wp-content\/uploads\/2021\/01\/Lac-Paladru-VTT-2048x1412.jpg 2048w\" sizes=\"auto, (max-width: 2324px) 100vw, 2324px\" \/><\/a><a href=\"https:\/\/sitesvtt.ffc.fr\/sites\/lac-de-paladru-val-dainan-6\/\" target=\"_blank\" rel=\"noopener\">Site FFC<\/a> &#8211; <a href=\"https:\/\/www.paysvoironnais.info\/circuits-vtt.html\" target=\"_blank\" rel=\"noopener\">Office de Tourisme<\/a> &#8211;<\/p>\n<p><span class=\"embed-youtube\" style=\"text-align:center; display: block;\"><iframe loading=\"lazy\" class=\"youtube-player\" width=\"640\" height=\"360\" src=\"https:\/\/www.youtube.com\/embed\/CEbufirpY9o?version=3&#038;rel=1&#038;showsearch=0&#038;showinfo=1&#038;iv_load_policy=1&#038;fs=1&#038;hl=fr-FR&#038;autohide=2&#038;start=133&#038;wmode=transparent\" allowfullscreen=\"true\" style=\"border:0;\" sandbox=\"allow-scripts allow-same-origin allow-popups allow-presentation\"><\/iframe><\/span><\/p>\n<p><span style=\"font-size: 14pt;\"><em><strong><a id=\"a27\"><\/a>27- Les Coulmes en Vercors<\/strong><\/em><\/span><\/p>\n<p style=\"text-align: center;\"><a href=\"http:\/\/www.rencurel-vercors.fr\/cms_viewFile.php?idtf=20321&amp;path=b0%2F20321_340_WEB_CHEMIN_54766_1366187380.pdf\" target=\"_blank\" rel=\"noopener\"><img loading=\"lazy\" decoding=\"async\" class=\"aligncenter size-full wp-image-26465\" src=\"https:\/\/veloclubfaumont.fr\/wp-content\/uploads\/2021\/01\/Coulmes-en-Vercors-vtt.jpg\" alt=\"\" width=\"1566\" height=\"1064\" srcset=\"https:\/\/veloclubfaumont.fr\/wp-content\/uploads\/2021\/01\/Coulmes-en-Vercors-vtt.jpg 1566w, https:\/\/veloclubfaumont.fr\/wp-content\/uploads\/2021\/01\/Coulmes-en-Vercors-vtt-300x204.jpg 300w, https:\/\/veloclubfaumont.fr\/wp-content\/uploads\/2021\/01\/Coulmes-en-Vercors-vtt-1024x696.jpg 1024w, https:\/\/veloclubfaumont.fr\/wp-content\/uploads\/2021\/01\/Coulmes-en-Vercors-vtt-768x522.jpg 768w, https:\/\/veloclubfaumont.fr\/wp-content\/uploads\/2021\/01\/Coulmes-en-Vercors-vtt-1536x1044.jpg 1536w\" sizes=\"auto, (max-width: 1566px) 100vw, 1566px\" \/><\/a><\/p>\n<p style=\"text-align: center;\"><a href=\"http:\/\/tourisme.saintmarcellin-vercors-isere.fr\/fr-2-2\/loisirs\/vtt-cyclo\/\" target=\"_blank\" rel=\"noopener\">Office de Tourisme<\/a> &#8211; quelques traces autour du <a href=\"https:\/\/www.gite-vercors-rimets.fr\/fr\/vercors-randonnee-velo-vtt-trail-escalade-speleo-canyon\/vtt-vercors.html\" target=\"_blank\" rel=\"noopener\">G\u00eete des Rimets<\/a> &#8211; <a href=\"https:\/\/www.openrunner.com\/r\/2745924\" target=\"_blank\" rel=\"noopener\">openrunner<\/a><\/p>\n<p><span class=\"embed-youtube\" style=\"text-align:center; display: block;\"><iframe loading=\"lazy\" class=\"youtube-player\" width=\"640\" height=\"360\" src=\"https:\/\/www.youtube.com\/embed\/brRMwa92Qj4?version=3&#038;rel=1&#038;showsearch=0&#038;showinfo=1&#038;iv_load_policy=1&#038;fs=1&#038;hl=fr-FR&#038;autohide=2&#038;wmode=transparent\" allowfullscreen=\"true\" style=\"border:0;\" sandbox=\"allow-scripts allow-same-origin allow-popups allow-presentation\"><\/iframe><\/span><\/p>\n<hr>\n<p><span style=\"font-size: 18pt;\"><strong>Savoie (73)<\/strong><\/span><\/p>\n<p style=\"text-align: center;\">Office de Tourisme de <a href=\"https:\/\/www.savoie-mont-blanc.com\/offre\/recherche\/itineraires-velo\/22\/~~~~itineraires-vtt~~~~\/(page)\/3\" target=\"_blank\" rel=\"noopener\">Savoie-Mont-Blanc<\/a><\/p>\n<p style=\"text-align: center;\"><img loading=\"lazy\" decoding=\"async\" class=\"aligncenter size-full wp-image-26493\" src=\"https:\/\/veloclubfaumont.fr\/wp-content\/uploads\/2021\/01\/Meribel-Courchevel-Belleville-3-vallees-scaled.jpg\" alt=\"\" width=\"2560\" height=\"2194\" srcset=\"https:\/\/veloclubfaumont.fr\/wp-content\/uploads\/2021\/01\/Meribel-Courchevel-Belleville-3-vallees-scaled.jpg 2560w, https:\/\/veloclubfaumont.fr\/wp-content\/uploads\/2021\/01\/Meribel-Courchevel-Belleville-3-vallees-300x257.jpg 300w, https:\/\/veloclubfaumont.fr\/wp-content\/uploads\/2021\/01\/Meribel-Courchevel-Belleville-3-vallees-1024x878.jpg 1024w, https:\/\/veloclubfaumont.fr\/wp-content\/uploads\/2021\/01\/Meribel-Courchevel-Belleville-3-vallees-768x658.jpg 768w, https:\/\/veloclubfaumont.fr\/wp-content\/uploads\/2021\/01\/Meribel-Courchevel-Belleville-3-vallees-1536x1317.jpg 1536w, https:\/\/veloclubfaumont.fr\/wp-content\/uploads\/2021\/01\/Meribel-Courchevel-Belleville-3-vallees-2048x1756.jpg 2048w\" sizes=\"auto, (max-width: 2560px) 100vw, 2560px\" \/><\/p>\n<p><span style=\"font-size: 14pt;\"><em><strong>28- Savoie Grand Revard<\/strong><\/em><\/span><\/p>\n<p><a href=\"https:\/\/sitesvtt.ffc.fr\/sites\/savoie-grand-revard\/?cn-reloaded=1\"><img loading=\"lazy\" decoding=\"async\" class=\"aligncenter wp-image-26476 size-full\" src=\"https:\/\/veloclubfaumont.fr\/wp-content\/uploads\/2021\/01\/Savoie-Grand-Revard-VTT.jpg\" alt=\"\" width=\"1723\" height=\"1125\" srcset=\"https:\/\/veloclubfaumont.fr\/wp-content\/uploads\/2021\/01\/Savoie-Grand-Revard-VTT.jpg 1723w, https:\/\/veloclubfaumont.fr\/wp-content\/uploads\/2021\/01\/Savoie-Grand-Revard-VTT-300x196.jpg 300w, https:\/\/veloclubfaumont.fr\/wp-content\/uploads\/2021\/01\/Savoie-Grand-Revard-VTT-1024x669.jpg 1024w, https:\/\/veloclubfaumont.fr\/wp-content\/uploads\/2021\/01\/Savoie-Grand-Revard-VTT-768x501.jpg 768w, https:\/\/veloclubfaumont.fr\/wp-content\/uploads\/2021\/01\/Savoie-Grand-Revard-VTT-1536x1003.jpg 1536w\" sizes=\"auto, (max-width: 1723px) 100vw, 1723px\" \/><\/a><a href=\"https:\/\/www.bigbike-magazine.com\/media\/Guide_station_VTT\/plan_piste\/savoie_grand_revard_plan_piste_vtt_2015.jpg\"><img loading=\"lazy\" decoding=\"async\" class=\"aligncenter\" src=\"https:\/\/www.bigbike-magazine.com\/media\/Guide_station_VTT\/plan_piste\/savoie_grand_revard_plan_piste_vtt_2015.jpg\" alt=\"\" width=\"2500\" height=\"1410\"><\/a><br \/>\nQuelques circuits sur le <a href=\"https:\/\/www.savoie-mont-blanc.com\/offre\/fiche\/site-labellise-vtt-ffc\/273354\" target=\"_blank\" rel=\"noopener\">site officiel de la Savoie<\/a> &#8211; <a href=\"https:\/\/www.lesbauges.com\/itineraires-vtt.html\" target=\"_blank\" rel=\"noopener\">les Bauges<\/a> &#8211;<\/p>\n<p><span class=\"embed-youtube\" style=\"text-align:center; display: block;\"><iframe loading=\"lazy\" class=\"youtube-player\" width=\"640\" height=\"360\" src=\"https:\/\/www.youtube.com\/embed\/LesntnK3Yds?version=3&#038;rel=1&#038;showsearch=0&#038;showinfo=1&#038;iv_load_policy=1&#038;fs=1&#038;hl=fr-FR&#038;autohide=2&#038;wmode=transparent\" allowfullscreen=\"true\" style=\"border:0;\" sandbox=\"allow-scripts allow-same-origin allow-popups allow-presentation\"><\/iframe><\/span><\/p>\n<p><em><span style=\"font-size: 14pt;\"><strong>28bis- Pays du Lac d&rsquo;Aiguebelette<\/strong><\/span><\/em><\/p>\n<p style=\"text-align: center;\"><a href=\"http:\/\/basevtt-pays-lac-aiguebelette.com\/wp-content\/uploads\/2017\/08\/CarteVTT_FR_light.pdf\" target=\"_blank\" rel=\"noopener\"><img loading=\"lazy\" decoding=\"async\" class=\"size-full aligncenter\" src=\"http:\/\/basevtt-pays-lac-aiguebelette.com\/wp-content\/uploads\/2017\/04\/cartevtt-fr-light.jpg\" width=\"1300\" height=\"938\"><\/a><br \/>\n<a href=\"http:\/\/basevtt-pays-lac-aiguebelette.com\/\" target=\"_blank\" rel=\"noopener\">Site officiel<\/a> avec pr\u00e9sentation des circuits + GPX<\/p>\n<p><span style=\"font-size: 14pt;\"><em><strong><a id=\"a29\"><\/a>29- Valmorel &#8211; Vall\u00e9es d&rsquo;Aigueblanche<\/strong><\/em><\/span><\/p>\n<p style=\"text-align: center;\"><a href=\"https:\/\/www.valmorel.com\/wp-content\/uploads\/2020\/07\/Plan-domaine-VTT-valmorel-general-2020_compressed.pdf\" target=\"_blank\" rel=\"noopener\"><img loading=\"lazy\" decoding=\"async\" class=\"size-full aligncenter\" src=\"https:\/\/www.valmorel.com\/wp-content\/uploads\/2020\/07\/Plan-domaine-VTT-valmorel-general-2020-web.jpg\" width=\"1520\" height=\"827\"><\/a>cartes PDF <a href=\"https:\/\/www.valmorel.com\/wp-content\/uploads\/2020\/07\/Plan-domaine-VTT-Valmorel-2020_compressed.pdf\" target=\"_blank\" rel=\"noopener\">versant Valmorel<\/a> &#8211; <a href=\"https:\/\/www.valmorel.com\/wp-content\/uploads\/2020\/07\/Plan-domaine-VTT-Naves-2020_compressed.pdf\" target=\"_blank\" rel=\"noopener\">versant N\u00e2ves<\/a><\/p>\n<p><a href=\"https:\/\/sitesvtt.ffc.fr\/sites\/valmorel-vallees-daigueblanche\/\" target=\"_blank\" rel=\"noopener\">Site de la FFC<\/a> &#8211; <a href=\"https:\/\/www.savoie-mont-blanc.com\/offre\/recherche\/velo-vtt\/22\/~valmorel~~~~~~~\/(page)\/1\" target=\"_blank\" rel=\"noopener\">site de la Savoie<\/a> &#8211; <a href=\"https:\/\/www.valmorel.com\/bikepark-vtt-cyclos\/parcours-vae\/\" target=\"_blank\" rel=\"noopener\">VAE sur le site de Valmorel<\/a> &#8211; <a href=\"https:\/\/www.naves-savoie.com\/activites\/vtt\/\" target=\"_blank\" rel=\"noopener\">site de N\u00e2ves<\/a><\/p>\n<p><span class=\"embed-youtube\" style=\"text-align:center; display: block;\"><iframe loading=\"lazy\" class=\"youtube-player\" width=\"640\" height=\"360\" src=\"https:\/\/www.youtube.com\/embed\/sCQMYcV-RRU?version=3&#038;rel=1&#038;showsearch=0&#038;showinfo=1&#038;iv_load_policy=1&#038;fs=1&#038;hl=fr-FR&#038;autohide=2&#038;wmode=transparent\" allowfullscreen=\"true\" style=\"border:0;\" sandbox=\"allow-scripts allow-same-origin allow-popups allow-presentation\"><\/iframe><\/span><\/p>\n<p><span style=\"font-size: 14pt;\"><em><strong><a id=\"a30\"><\/a>30- Les Menuires &#8211; Val Thorens<\/strong><\/em><\/span><\/p>\n<p style=\"text-align: center;\"><a href=\"https:\/\/static.lesmenuires.com\/files\/5ecd1c9ba1586.pdf\" target=\"_blank\" rel=\"noopener\"><img loading=\"lazy\" decoding=\"async\" class=\"aligncenter size-full wp-image-26494\" src=\"https:\/\/veloclubfaumont.fr\/wp-content\/uploads\/2021\/01\/Menuires-Belleville-scaled.jpg\" alt=\"\" width=\"2133\" height=\"2560\" srcset=\"https:\/\/veloclubfaumont.fr\/wp-content\/uploads\/2021\/01\/Menuires-Belleville-scaled.jpg 2133w, https:\/\/veloclubfaumont.fr\/wp-content\/uploads\/2021\/01\/Menuires-Belleville-250x300.jpg 250w, https:\/\/veloclubfaumont.fr\/wp-content\/uploads\/2021\/01\/Menuires-Belleville-853x1024.jpg 853w, https:\/\/veloclubfaumont.fr\/wp-content\/uploads\/2021\/01\/Menuires-Belleville-768x922.jpg 768w, https:\/\/veloclubfaumont.fr\/wp-content\/uploads\/2021\/01\/Menuires-Belleville-1280x1536.jpg 1280w, https:\/\/veloclubfaumont.fr\/wp-content\/uploads\/2021\/01\/Menuires-Belleville-1707x2048.jpg 1707w\" sizes=\"auto, (max-width: 2133px) 100vw, 2133px\" \/><\/a><br \/>\n<a href=\"https:\/\/sitesvtt.ffc.fr\/sites\/les-menuires-val-thorens-6\/\" target=\"_blank\" rel=\"noopener\">Site de la FFC<\/a> &#8211; <a href=\"https:\/\/lesmenuires.com\/fr\/vtt\" target=\"_blank\" rel=\"noopener\">Site officiel des M\u00e9nuires<\/a> &#8211;<\/p>\n<p><span class=\"embed-youtube\" style=\"text-align:center; display: block;\"><iframe loading=\"lazy\" class=\"youtube-player\" width=\"640\" height=\"360\" src=\"https:\/\/www.youtube.com\/embed\/yF2QP9vpZaU?version=3&#038;rel=1&#038;showsearch=0&#038;showinfo=1&#038;iv_load_policy=1&#038;fs=1&#038;hl=fr-FR&#038;autohide=2&#038;wmode=transparent\" allowfullscreen=\"true\" style=\"border:0;\" sandbox=\"allow-scripts allow-same-origin allow-popups allow-presentation\"><\/iframe><\/span><\/p>\n<p><span style=\"font-size: 14pt;\"><em><strong><a id=\"a31\"><\/a>31- Arvan Villards &#8211; Les Sybelles<\/strong><\/em><\/span><\/p>\n<p style=\"text-align: center;\"><a href=\"http:\/\/static.apidae-tourisme.com\/filestore\/objets-touristiques\/plans\/109\/122\/8354413.jpg\" target=\"_blank\" rel=\"noopener\"><img loading=\"lazy\" decoding=\"async\" class=\"size-full aligncenter\" src=\"http:\/\/static.apidae-tourisme.com\/filestore\/objets-touristiques\/plans\/109\/122\/8354413.jpg\" width=\"8856\" height=\"7261\"><\/a><a href=\"https:\/\/veloclubfaumont.fr\/wp-content\/uploads\/2021\/01\/Arvan-villards-Sybelles-vtt.pdf\" target=\"_blank\" rel=\"noopener\">carte en PDF<\/a><\/p>\n<p><a href=\"https:\/\/www.la-toussuire.com\/fr\/il4-toussuire_p219-itineraires-de-vtt-et-vae.aspx\" target=\"_blank\" rel=\"noopener\">Site de la Station<\/a> &#8211; <a href=\"https:\/\/www.savoie-mont-blanc.com\/offre\/recherche\/velo-vtt\/22\/~saint-sorlin-darves~~~~~~~\/(page)\/1\" target=\"_blank\" rel=\"noopener\">Savoie Mont Blanc<\/a> &#8211;<\/p>\n<p><span class=\"embed-youtube\" style=\"text-align:center; display: block;\"><iframe loading=\"lazy\" class=\"youtube-player\" width=\"640\" height=\"360\" src=\"https:\/\/www.youtube.com\/embed\/3ZUC4ieDWAQ?version=3&#038;rel=1&#038;showsearch=0&#038;showinfo=1&#038;iv_load_policy=1&#038;fs=1&#038;hl=fr-FR&#038;autohide=2&#038;wmode=transparent\" allowfullscreen=\"true\" style=\"border:0;\" sandbox=\"allow-scripts allow-same-origin allow-popups allow-presentation\"><\/iframe><\/span><\/p>\n<p><span style=\"font-size: 14pt;\"><em><strong><a id=\"a32\"><\/a>32- M\u00e9ribel<\/strong><\/em><\/span><\/p>\n<p style=\"text-align: center;\"><a href=\"https:\/\/www.meribelmottaret-courchevel-ete.com\/media\/download\/s3vb2c\/cms\/media\/ete2020\/pdf\/plan_vtt_3vallees-2019.pdf\" target=\"_blank\" rel=\"noopener\"><img loading=\"lazy\" decoding=\"async\" class=\"aligncenter size-full wp-image-26490\" src=\"https:\/\/veloclubfaumont.fr\/wp-content\/uploads\/2021\/01\/Meribel.jpg\" alt=\"\" width=\"1682\" height=\"1287\" srcset=\"https:\/\/veloclubfaumont.fr\/wp-content\/uploads\/2021\/01\/Meribel.jpg 1682w, https:\/\/veloclubfaumont.fr\/wp-content\/uploads\/2021\/01\/Meribel-300x230.jpg 300w, https:\/\/veloclubfaumont.fr\/wp-content\/uploads\/2021\/01\/Meribel-1024x784.jpg 1024w, https:\/\/veloclubfaumont.fr\/wp-content\/uploads\/2021\/01\/Meribel-768x588.jpg 768w, https:\/\/veloclubfaumont.fr\/wp-content\/uploads\/2021\/01\/Meribel-1536x1175.jpg 1536w\" sizes=\"auto, (max-width: 1682px) 100vw, 1682px\" \/><\/a><a href=\"https:\/\/sitesvtt.ffc.fr\/sites\/meribel-6\/\" target=\"_blank\" rel=\"noopener\">Site FFC<\/a> &#8211; <a href=\"https:\/\/www.meribelmottaret-courchevel-ete.com\/fr\/vtt-meribel-courchevel\" target=\"_blank\" rel=\"noopener\">Bike Park de M\u00e9ribel<\/a> &#8211;<\/p>\n<p><span class=\"embed-youtube\" style=\"text-align:center; display: block;\"><iframe loading=\"lazy\" class=\"youtube-player\" width=\"640\" height=\"360\" src=\"https:\/\/www.youtube.com\/embed\/-CO9N94Dbbo?version=3&#038;rel=1&#038;showsearch=0&#038;showinfo=1&#038;iv_load_policy=1&#038;fs=1&#038;hl=fr-FR&#038;autohide=2&#038;wmode=transparent\" allowfullscreen=\"true\" style=\"border:0;\" sandbox=\"allow-scripts allow-same-origin allow-popups allow-presentation\"><\/iframe><\/span><\/p>\n<p><span style=\"font-size: 14pt;\"><em><strong><a id=\"a33\"><\/a>33- Val d&rsquo;Arly &#8211; Mont Blanc<\/strong><\/em><\/span><\/p>\n<p style=\"text-align: center;\"><img loading=\"lazy\" decoding=\"async\" class=\"alignnone size-full\" src=\"https:\/\/www.bigbike-magazine.com\/media\/Guide_station_VTT\/plan_piste\/val_darly_plan_pistes.jpg\" width=\"2500\" height=\"2868\"><br \/>\n<a href=\"http:\/\/espacediamant.com\/photos\/rubriques\/fichiers\/143\/vtt_espacediamant_3l_1592579002.pdf\" target=\"_blank\" rel=\"noopener\">rive gauche en PDF<\/a> &#8211; <a href=\"http:\/\/www.prazsurarly.com\/wp-content\/uploads\/2018\/07\/VTT_VALARLY_17.pdf\" target=\"_blank\" rel=\"noopener\">rive droite en PDF<\/a><\/p>\n<p><a href=\"https:\/\/sitesvtt.ffc.fr\/sites\/val-darly-mont-blanc-6\/\" target=\"_blank\" rel=\"noopener\">Site de la FFC<\/a> &#8211; <a href=\"https:\/\/www.valdarly-montblanc.com\/fr\/ete\/velos\/vtt\/\" target=\"_blank\" rel=\"noopener\">Site de la Station<\/a> &#8211; <a href=\"http:\/\/www.vtt-espace-diamant.fr\/fr\/vtt\/vtt-val-arly-46.html\" target=\"_blank\" rel=\"noopener\">Espace Diamant<\/a> &#8211;<\/p>\n<p><span class=\"embed-youtube\" style=\"text-align:center; display: block;\"><iframe loading=\"lazy\" class=\"youtube-player\" width=\"640\" height=\"360\" src=\"https:\/\/www.youtube.com\/embed\/7-_k0wxpoo8?version=3&#038;rel=1&#038;showsearch=0&#038;showinfo=1&#038;iv_load_policy=1&#038;fs=1&#038;hl=fr-FR&#038;autohide=2&#038;wmode=transparent\" allowfullscreen=\"true\" style=\"border:0;\" sandbox=\"allow-scripts allow-same-origin allow-popups allow-presentation\"><\/iframe><\/span><\/p>\n<p><span style=\"font-size: 14pt;\"><em><strong><a id=\"a34\"><\/a>34- Courchevel<\/strong><\/em><\/span><\/p>\n<p style=\"text-align: center;\"><a href=\"https:\/\/www.courchevel.com\/sites\/default\/files\/2020-06\/PLAN_VTTVALLEES_E120_WEB.pdf\" target=\"_blank\" rel=\"noopener\"><img loading=\"lazy\" decoding=\"async\" class=\"aligncenter size-full wp-image-26499\" src=\"https:\/\/veloclubfaumont.fr\/wp-content\/uploads\/2021\/01\/courchevel-VTT-scaled.jpg\" alt=\"\" width=\"2560\" height=\"1417\" srcset=\"https:\/\/veloclubfaumont.fr\/wp-content\/uploads\/2021\/01\/courchevel-VTT-scaled.jpg 2560w, https:\/\/veloclubfaumont.fr\/wp-content\/uploads\/2021\/01\/courchevel-VTT-300x166.jpg 300w, https:\/\/veloclubfaumont.fr\/wp-content\/uploads\/2021\/01\/courchevel-VTT-1024x567.jpg 1024w, https:\/\/veloclubfaumont.fr\/wp-content\/uploads\/2021\/01\/courchevel-VTT-768x425.jpg 768w, https:\/\/veloclubfaumont.fr\/wp-content\/uploads\/2021\/01\/courchevel-VTT-1536x850.jpg 1536w, https:\/\/veloclubfaumont.fr\/wp-content\/uploads\/2021\/01\/courchevel-VTT-2048x1133.jpg 2048w, https:\/\/veloclubfaumont.fr\/wp-content\/uploads\/2021\/01\/courchevel-VTT-450x250.jpg 450w, https:\/\/veloclubfaumont.fr\/wp-content\/uploads\/2021\/01\/courchevel-VTT-120x67.jpg 120w\" sizes=\"auto, (max-width: 2560px) 100vw, 2560px\" \/><\/a><br \/>\n<a href=\"https:\/\/sitesvtt.ffc.fr\/sites\/meribel-6\/\" target=\"_blank\" rel=\"noopener\">Site de la FFC<\/a> &#8211; <a href=\"https:\/\/www.courchevel.com\/fr\/vtt-cyclo-vae\" target=\"_blank\" rel=\"noopener\">Site de la Station<\/a> &#8211;<\/p>\n<p><span class=\"embed-youtube\" style=\"text-align:center; display: block;\"><iframe loading=\"lazy\" class=\"youtube-player\" width=\"640\" height=\"360\" src=\"https:\/\/www.youtube.com\/embed\/45ymGLLbgMM?version=3&#038;rel=1&#038;showsearch=0&#038;showinfo=1&#038;iv_load_policy=1&#038;fs=1&#038;hl=fr-FR&#038;autohide=2&#038;wmode=transparent\" allowfullscreen=\"true\" style=\"border:0;\" sandbox=\"allow-scripts allow-same-origin allow-popups allow-presentation\"><\/iframe><\/span><\/p>\n<p><span style=\"font-size: 14pt;\"><em><strong><a id=\"a35\"><\/a>35- Valloire Galibier<\/strong><\/em><\/span><\/p>\n<p style=\"text-align: center;\"><a href=\"http:\/\/static.apidae-tourisme.com\/filestore\/objets-touristiques\/documents\/20\/193\/8372500.pdf\" target=\"_blank\" rel=\"noopener\"><img loading=\"lazy\" decoding=\"async\" class=\"aligncenter size-full wp-image-26506\" src=\"https:\/\/veloclubfaumont.fr\/wp-content\/uploads\/2021\/01\/Valloire.jpg\" alt=\"\" width=\"2258\" height=\"1213\" srcset=\"https:\/\/veloclubfaumont.fr\/wp-content\/uploads\/2021\/01\/Valloire.jpg 2258w, https:\/\/veloclubfaumont.fr\/wp-content\/uploads\/2021\/01\/Valloire-300x161.jpg 300w, https:\/\/veloclubfaumont.fr\/wp-content\/uploads\/2021\/01\/Valloire-1024x550.jpg 1024w, https:\/\/veloclubfaumont.fr\/wp-content\/uploads\/2021\/01\/Valloire-768x413.jpg 768w, https:\/\/veloclubfaumont.fr\/wp-content\/uploads\/2021\/01\/Valloire-1536x825.jpg 1536w, https:\/\/veloclubfaumont.fr\/wp-content\/uploads\/2021\/01\/Valloire-2048x1100.jpg 2048w\" sizes=\"auto, (max-width: 2258px) 100vw, 2258px\" \/><\/a><br \/>\n<a href=\"https:\/\/www.utagawavtt.com\/search\/auteur\/4091\" target=\"_blank\" rel=\"noopener\">Utagawavtt<\/a> &#8211; <a href=\"https:\/\/www.visugpx.com\/les-plus-belles-randonnees\/savoie\/valloire\/\" target=\"_blank\" rel=\"noopener\">Visugpx<\/a><\/p>\n<p><span class=\"embed-youtube\" style=\"text-align:center; display: block;\"><iframe loading=\"lazy\" class=\"youtube-player\" width=\"640\" height=\"360\" src=\"https:\/\/www.youtube.com\/embed\/XwgkeOBOM3Y?version=3&#038;rel=1&#038;showsearch=0&#038;showinfo=1&#038;iv_load_policy=1&#038;fs=1&#038;hl=fr-FR&#038;autohide=2&#038;wmode=transparent\" allowfullscreen=\"true\" style=\"border:0;\" sandbox=\"allow-scripts allow-same-origin allow-popups allow-presentation\"><\/iframe><\/span><\/p>\n<p><span style=\"font-size: 14pt;\"><em><strong><a id=\"a36\"><\/a>36- Haute Maurienne Vanoise<\/strong><\/em><\/span><\/p>\n<p style=\"text-align: center;\"><img loading=\"lazy\" decoding=\"async\" class=\"aligncenter size-full wp-image-26510\" src=\"https:\/\/veloclubfaumont.fr\/wp-content\/uploads\/2021\/01\/Haute-Mauirenne.jpg\" alt=\"\" width=\"2128\" height=\"1642\" srcset=\"https:\/\/veloclubfaumont.fr\/wp-content\/uploads\/2021\/01\/Haute-Mauirenne.jpg 2128w, https:\/\/veloclubfaumont.fr\/wp-content\/uploads\/2021\/01\/Haute-Mauirenne-300x231.jpg 300w, https:\/\/veloclubfaumont.fr\/wp-content\/uploads\/2021\/01\/Haute-Mauirenne-1024x790.jpg 1024w, https:\/\/veloclubfaumont.fr\/wp-content\/uploads\/2021\/01\/Haute-Mauirenne-768x593.jpg 768w, https:\/\/veloclubfaumont.fr\/wp-content\/uploads\/2021\/01\/Haute-Mauirenne-1536x1185.jpg 1536w, https:\/\/veloclubfaumont.fr\/wp-content\/uploads\/2021\/01\/Haute-Mauirenne-2048x1580.jpg 2048w\" sizes=\"auto, (max-width: 2128px) 100vw, 2128px\" \/><br \/>\n<a href=\"https:\/\/woody.cloudly.space\/app\/uploads\/hautemaurienne\/2020\/07\/carte-vtt-hmv-web.pdf\" target=\"_blank\" rel=\"noopener\"><img loading=\"lazy\" decoding=\"async\" class=\"aligncenter size-full wp-image-26511\" src=\"https:\/\/veloclubfaumont.fr\/wp-content\/uploads\/2021\/01\/Haute-Maurienne-XC.jpg\" alt=\"\" width=\"2472\" height=\"1693\" srcset=\"https:\/\/veloclubfaumont.fr\/wp-content\/uploads\/2021\/01\/Haute-Maurienne-XC.jpg 2472w, https:\/\/veloclubfaumont.fr\/wp-content\/uploads\/2021\/01\/Haute-Maurienne-XC-300x205.jpg 300w, https:\/\/veloclubfaumont.fr\/wp-content\/uploads\/2021\/01\/Haute-Maurienne-XC-1024x701.jpg 1024w, https:\/\/veloclubfaumont.fr\/wp-content\/uploads\/2021\/01\/Haute-Maurienne-XC-768x526.jpg 768w, https:\/\/veloclubfaumont.fr\/wp-content\/uploads\/2021\/01\/Haute-Maurienne-XC-1536x1052.jpg 1536w, https:\/\/veloclubfaumont.fr\/wp-content\/uploads\/2021\/01\/Haute-Maurienne-XC-2048x1403.jpg 2048w\" sizes=\"auto, (max-width: 2472px) 100vw, 2472px\" \/><\/a><em>(cliquez sur l&rsquo;image pour avoir la carte grand format en PDF)<\/em><\/p>\n<p><a href=\"https:\/\/sitesvtt.ffc.fr\/sites\/haute-maurienne-vanoise-6\/\" target=\"_blank\" rel=\"noopener\">Site de la FFC<\/a> &#8211; <a href=\"https:\/\/www.haute-maurienne-vanoise.com\/ete\/haute-maurienne-vanoise\/activites-outdoor\/vtt\/parcours-vtt\/\" target=\"_blank\" rel=\"noopener\">Site de la Station<\/a> &#8211; <a href=\"https:\/\/www.savoie-mont-blanc.com\/offre\/recherche\/velo-vtt\/22\/haute-maurienne-vanoise~~~~itineraires-vtt~~~~\/(page)\/1\" target=\"_blank\" rel=\"noopener\">Savoie Mont Blanc<\/a> &#8211;<\/p>\n<p><span class=\"embed-youtube\" style=\"text-align:center; display: block;\"><iframe loading=\"lazy\" class=\"youtube-player\" width=\"640\" height=\"360\" src=\"https:\/\/www.youtube.com\/embed\/M0kyMM_uQuc?version=3&#038;rel=1&#038;showsearch=0&#038;showinfo=1&#038;iv_load_policy=1&#038;fs=1&#038;hl=fr-FR&#038;autohide=2&#038;wmode=transparent\" allowfullscreen=\"true\" style=\"border:0;\" sandbox=\"allow-scripts allow-same-origin allow-popups allow-presentation\"><\/iframe><\/span><\/p>\n<p><span style=\"font-size: 14pt;\"><em><strong><a id=\"a37\"><\/a>37- Les Saisies &#8211; Beaufortain &#8211; Ar\u00eaches &#8211; Beaufort<br \/>\n<\/strong><\/em><\/span><\/p>\n<p><img loading=\"lazy\" decoding=\"async\" class=\"aligncenter size-full wp-image-26504\" src=\"https:\/\/veloclubfaumont.fr\/wp-content\/uploads\/2021\/01\/Beaufortain-Areches.jpg\" alt=\"\" width=\"1175\" height=\"1554\" srcset=\"https:\/\/veloclubfaumont.fr\/wp-content\/uploads\/2021\/01\/Beaufortain-Areches.jpg 1175w, https:\/\/veloclubfaumont.fr\/wp-content\/uploads\/2021\/01\/Beaufortain-Areches-227x300.jpg 227w, https:\/\/veloclubfaumont.fr\/wp-content\/uploads\/2021\/01\/Beaufortain-Areches-774x1024.jpg 774w, https:\/\/veloclubfaumont.fr\/wp-content\/uploads\/2021\/01\/Beaufortain-Areches-768x1016.jpg 768w, https:\/\/veloclubfaumont.fr\/wp-content\/uploads\/2021\/01\/Beaufortain-Areches-1161x1536.jpg 1161w\" sizes=\"auto, (max-width: 1175px) 100vw, 1175px\" \/> <img loading=\"lazy\" decoding=\"async\" class=\"aligncenter size-full wp-image-26505\" src=\"https:\/\/veloclubfaumont.fr\/wp-content\/uploads\/2021\/01\/Beaufortain-Saisies.jpg\" alt=\"\" width=\"2106\" height=\"1530\" srcset=\"https:\/\/veloclubfaumont.fr\/wp-content\/uploads\/2021\/01\/Beaufortain-Saisies.jpg 2106w, https:\/\/veloclubfaumont.fr\/wp-content\/uploads\/2021\/01\/Beaufortain-Saisies-300x218.jpg 300w, https:\/\/veloclubfaumont.fr\/wp-content\/uploads\/2021\/01\/Beaufortain-Saisies-1024x744.jpg 1024w, https:\/\/veloclubfaumont.fr\/wp-content\/uploads\/2021\/01\/Beaufortain-Saisies-768x558.jpg 768w, https:\/\/veloclubfaumont.fr\/wp-content\/uploads\/2021\/01\/Beaufortain-Saisies-1536x1116.jpg 1536w, https:\/\/veloclubfaumont.fr\/wp-content\/uploads\/2021\/01\/Beaufortain-Saisies-2048x1488.jpg 2048w\" sizes=\"auto, (max-width: 2106px) 100vw, 2106px\" \/><\/p>\n<p style=\"text-align: center;\"><a href=\"https:\/\/alpschaletforsale.files.wordpress.com\/2012\/09\/plan-basse-def.pdf\" target=\"_blank\" rel=\"noopener\">carte grand format PDF ici<\/a> &#8211; <a href=\"https:\/\/areches-beaufort.com\/wp-content\/uploads\/2018\/03\/topovtt17.pdf\" target=\"_blank\" rel=\"noopener\">d\u00e9pliant PDF du Beaufortain ici<\/a><\/p>\n<p style=\"text-align: center;\"><a href=\"https:\/\/alpschaletforsale.files.wordpress.com\/2012\/09\/plan-basse-def.pdf\" target=\"_blank\" rel=\"noopener\">&nbsp;<\/a><a href=\"https:\/\/sitesvtt.ffc.fr\/sites\/les-saisies-beaufortain-espace-diamant-6\/\" target=\"_blank\" rel=\"noopener\">Site de la FFC Saisies Beaufortain<\/a> &#8211; <a href=\"http:\/\/www.vtt-espace-diamant.fr\/fr\/vtt\/domaine-vtt-les-saisies-47.html\" target=\"_blank\" rel=\"noopener\">VTT Espace Diamant<\/a><br \/>\n<a href=\"https:\/\/sitesvtt.ffc.fr\/sites\/areches-beaufort-6\/\" target=\"_blank\" rel=\"noopener\">Site de la FFC Ar\u00eaches Beaufort<\/a> &#8211; <a href=\"https:\/\/areches-beaufort.com\/noesit\/!\/fiche\/site-vtt-ffc-areches-beaufort-203772\" target=\"_blank\" rel=\"noopener\">Site de la station d&rsquo;Ar\u00eaches-Beaufort<\/a><\/p>\n<p><span class=\"embed-youtube\" style=\"text-align:center; display: block;\"><iframe loading=\"lazy\" class=\"youtube-player\" width=\"640\" height=\"360\" src=\"https:\/\/www.youtube.com\/embed\/deUAmASr_OU?version=3&#038;rel=1&#038;showsearch=0&#038;showinfo=1&#038;iv_load_policy=1&#038;fs=1&#038;hl=fr-FR&#038;autohide=2&#038;wmode=transparent\" allowfullscreen=\"true\" style=\"border:0;\" sandbox=\"allow-scripts allow-same-origin allow-popups allow-presentation\"><\/iframe><\/span><\/p>\n<hr>\n<p><span style=\"font-size: 18pt;\"><strong>Hautes-Alpes (05)<\/strong><\/span><\/p>\n<p><span style=\"font-size: 14pt;\"><em><strong><a id=\"a38\"><\/a>38- Sisteron Bu\u00ebch<\/strong><\/em><\/span><\/p>\n<p style=\"text-align: center;\"><a href=\"https:\/\/cdn.website-editor.net\/d2144b4c78644831b7b57da4fdc28089\/files\/uploaded\/cartebuech_vtt-c.pdf\" target=\"_blank\" rel=\"noopener\"><img loading=\"lazy\" decoding=\"async\" class=\"aligncenter size-full wp-image-26512\" src=\"https:\/\/veloclubfaumont.fr\/wp-content\/uploads\/2021\/01\/Provence-des-Montagnes-scaled.jpg\" alt=\"\" width=\"2560\" height=\"2084\" srcset=\"https:\/\/veloclubfaumont.fr\/wp-content\/uploads\/2021\/01\/Provence-des-Montagnes-scaled.jpg 2560w, https:\/\/veloclubfaumont.fr\/wp-content\/uploads\/2021\/01\/Provence-des-Montagnes-300x244.jpg 300w, https:\/\/veloclubfaumont.fr\/wp-content\/uploads\/2021\/01\/Provence-des-Montagnes-1024x834.jpg 1024w, https:\/\/veloclubfaumont.fr\/wp-content\/uploads\/2021\/01\/Provence-des-Montagnes-768x625.jpg 768w, https:\/\/veloclubfaumont.fr\/wp-content\/uploads\/2021\/01\/Provence-des-Montagnes-1536x1250.jpg 1536w, https:\/\/veloclubfaumont.fr\/wp-content\/uploads\/2021\/01\/Provence-des-Montagnes-2048x1667.jpg 2048w\" sizes=\"auto, (max-width: 2560px) 100vw, 2560px\" \/><\/a><br \/>\n<a href=\"https:\/\/sitesvtt.ffc.fr\/sites\/buech-sisteronais\/\" target=\"_blank\" rel=\"noopener\">Site de la FFC<\/a> &#8211; <a href=\"https:\/\/rando.sisteron-buech.fr\/?categories=T1\" target=\"_blank\" rel=\"noopener\">Site Officiel<\/a> &#8211; <a href=\"http:\/\/trail-in-jabron.doomby.com\/pages\/circuits-vtt\/\" target=\"_blank\" rel=\"noopener\">Site perso<\/a> &#8211; Reportages sur <a href=\"http:\/\/www.vtt-a-2.fr\/tag\/rando%20pays%20de%20buech\/\" target=\"_blank\" rel=\"noopener\">VTT \u00e0 2<\/a><\/p>\n<p><span class=\"embed-youtube\" style=\"text-align:center; display: block;\"><iframe loading=\"lazy\" class=\"youtube-player\" width=\"640\" height=\"360\" src=\"https:\/\/www.youtube.com\/embed\/Pkfu80xI_5E?version=3&#038;rel=1&#038;showsearch=0&#038;showinfo=1&#038;iv_load_policy=1&#038;fs=1&#038;hl=fr-FR&#038;autohide=2&#038;start=25&#038;wmode=transparent\" allowfullscreen=\"true\" style=\"border:0;\" sandbox=\"allow-scripts allow-same-origin allow-popups allow-presentation\"><\/iframe><\/span><\/p>\n<p><span style=\"font-size: 14pt;\"><em><strong><a id=\"a39\"><\/a>39- La Grave, la Meije et Villar d&rsquo;Ar\u00e8ne<\/strong><\/em><\/span><\/p>\n<p style=\"text-align: center;\"><a href=\"http:\/\/static.apidae-tourisme.com\/filestore\/objets-touristiques\/documents\/5\/0\/2883589.pdf\" target=\"_blank\" rel=\"noopener\"><img loading=\"lazy\" decoding=\"async\" class=\"aligncenter size-full wp-image-26513\" src=\"https:\/\/veloclubfaumont.fr\/wp-content\/uploads\/2021\/01\/Grave-Meije-vtt.jpg\" alt=\"\" width=\"1763\" height=\"1130\" srcset=\"https:\/\/veloclubfaumont.fr\/wp-content\/uploads\/2021\/01\/Grave-Meije-vtt.jpg 1763w, https:\/\/veloclubfaumont.fr\/wp-content\/uploads\/2021\/01\/Grave-Meije-vtt-300x192.jpg 300w, https:\/\/veloclubfaumont.fr\/wp-content\/uploads\/2021\/01\/Grave-Meije-vtt-1024x656.jpg 1024w, https:\/\/veloclubfaumont.fr\/wp-content\/uploads\/2021\/01\/Grave-Meije-vtt-768x492.jpg 768w, https:\/\/veloclubfaumont.fr\/wp-content\/uploads\/2021\/01\/Grave-Meije-vtt-1536x985.jpg 1536w\" sizes=\"auto, (max-width: 1763px) 100vw, 1763px\" \/><\/a><br \/>\n<a href=\"https:\/\/sitesvtt.ffc.fr\/sites\/la-grave-la-meije-villar-darene\/\" target=\"_blank\" rel=\"noopener\">Site de la FFC<\/a> &#8211; <a href=\"https:\/\/www.ecolevtt-lagrave.com\/app\/download\/7182618276\/Travel+Plan+VTT+La+Grave+630x297+bd+%282%29.pdf?t=1429205572\" target=\"_blank\" rel=\"noopener\">Traces GPX<\/a> &#8211; <a href=\"https:\/\/www.ultraraidlameije.fr\/\" target=\"_blank\" rel=\"noopener\">Ultra Raid de la Meije<\/a><\/p>\n<p><span class=\"embed-youtube\" style=\"text-align:center; display: block;\"><iframe loading=\"lazy\" class=\"youtube-player\" width=\"640\" height=\"360\" src=\"https:\/\/www.youtube.com\/embed\/fW6MRMXMozE?version=3&#038;rel=1&#038;showsearch=0&#038;showinfo=1&#038;iv_load_policy=1&#038;fs=1&#038;hl=fr-FR&#038;autohide=2&#038;wmode=transparent\" allowfullscreen=\"true\" style=\"border:0;\" sandbox=\"allow-scripts allow-same-origin allow-popups allow-presentation\"><\/iframe><\/span><\/p>\n<p><span class=\"embed-youtube\" style=\"text-align:center; display: block;\"><iframe loading=\"lazy\" class=\"youtube-player\" width=\"640\" height=\"360\" src=\"https:\/\/www.youtube.com\/embed\/1k3Xc3SfCXc?version=3&#038;rel=1&#038;showsearch=0&#038;showinfo=1&#038;iv_load_policy=1&#038;fs=1&#038;hl=fr-FR&#038;autohide=2&#038;wmode=transparent\" allowfullscreen=\"true\" style=\"border:0;\" sandbox=\"allow-scripts allow-same-origin allow-popups allow-presentation\"><\/iframe><\/span><\/p>\n<p><span style=\"font-size: 14pt;\"><em><strong><a id=\"a40\"><\/a>40- Champsaur et Valgaudemar<\/strong><\/em><\/span><\/p>\n<p style=\"text-align: center;\"><a href=\"https:\/\/woody.cloudly.space\/app\/uploads\/champsaur-valgaudemar\/2020\/08\/champsaur-valgaudemar-plan-vtt-verso.jpg\" target=\"_blank\" rel=\"noopener\"><img loading=\"lazy\" decoding=\"async\" class=\"size-full aligncenter\" src=\"https:\/\/woody.cloudly.space\/app\/uploads\/champsaur-valgaudemar\/2020\/08\/champsaur-valgaudemar-plan-vtt-verso.jpg\" width=\"2421\" height=\"1474\"><\/a><a href=\"https:\/\/woody.cloudly.space\/app\/uploads\/champsaur-valgaudemar\/2020\/08\/champsaur-valgaudemar-plan-vtt.jpg\" target=\"_blank\" rel=\"noopener\"><img loading=\"lazy\" decoding=\"async\" class=\"size-full aligncenter\" src=\"https:\/\/woody.cloudly.space\/app\/uploads\/champsaur-valgaudemar\/2020\/08\/champsaur-valgaudemar-plan-vtt.jpg\" width=\"2480\" height=\"1445\"><\/a><a href=\"http:\/\/audeladesnuages.fr\/wp-content\/uploads\/2018\/10\/Plan_VTT_FFC_Champsaur_Valgaudemar.pdf\" target=\"_blank\" rel=\"noopener\">cartes au format PDF ici<\/a><\/p>\n<p><a href=\"https:\/\/sitesvtt.ffc.fr\/sites\/champsaur-valgaudemar-6\/\" target=\"_blank\" rel=\"noopener\">Site de la FFC<\/a> &#8211; <a href=\"https:\/\/www.champsaur-valgaudemar.com\/ete\/rando-et-velo\/velo-et-vtt\/itineraires-vtt\/\" target=\"_blank\" rel=\"noopener\">Site officiel<\/a> &#8211;<\/p>\n<p><span class=\"embed-youtube\" style=\"text-align:center; display: block;\"><iframe loading=\"lazy\" class=\"youtube-player\" width=\"640\" height=\"360\" src=\"https:\/\/www.youtube.com\/embed\/9iIPpXg-dMY?version=3&#038;rel=1&#038;showsearch=0&#038;showinfo=1&#038;iv_load_policy=1&#038;fs=1&#038;hl=fr-FR&#038;autohide=2&#038;wmode=transparent\" allowfullscreen=\"true\" style=\"border:0;\" sandbox=\"allow-scripts allow-same-origin allow-popups allow-presentation\"><\/iframe><\/span><\/p>\n<p><span style=\"font-size: 14pt;\"><em><strong><a id=\"a41\"><\/a>41- Pays des Ecrins<\/strong><\/em><\/span><\/p>\n<p style=\"text-align: center;\"><a href=\"https:\/\/www.paysdesecrins.com\/sites\/ot-paysdesecrins\/files\/content\/files\/2020_vtt_finalbd5_2.pdf\" target=\"_blank\" rel=\"noopener\"><img loading=\"lazy\" decoding=\"async\" class=\"aligncenter size-full wp-image-26514\" src=\"https:\/\/veloclubfaumont.fr\/wp-content\/uploads\/2021\/01\/Pays-des-Ecrins.jpg\" alt=\"\" width=\"1684\" height=\"1867\" srcset=\"https:\/\/veloclubfaumont.fr\/wp-content\/uploads\/2021\/01\/Pays-des-Ecrins.jpg 1684w, https:\/\/veloclubfaumont.fr\/wp-content\/uploads\/2021\/01\/Pays-des-Ecrins-271x300.jpg 271w, https:\/\/veloclubfaumont.fr\/wp-content\/uploads\/2021\/01\/Pays-des-Ecrins-924x1024.jpg 924w, https:\/\/veloclubfaumont.fr\/wp-content\/uploads\/2021\/01\/Pays-des-Ecrins-768x851.jpg 768w, https:\/\/veloclubfaumont.fr\/wp-content\/uploads\/2021\/01\/Pays-des-Ecrins-1385x1536.jpg 1385w\" sizes=\"auto, (max-width: 1684px) 100vw, 1684px\" \/><\/a><a href=\"https:\/\/sitesvtt.ffc.fr\/sites\/pays-des-ecrins-6\/\" target=\"_blank\" rel=\"noopener\">Site de la FFC<\/a> &#8211; <a href=\"https:\/\/rando.paysdesecrins.com\/?categories=T2\" target=\"_blank\" rel=\"noopener\">Site Officiel<\/a> &#8211;<\/p>\n<p><span class=\"embed-youtube\" style=\"text-align:center; display: block;\"><iframe loading=\"lazy\" class=\"youtube-player\" width=\"640\" height=\"360\" src=\"https:\/\/www.youtube.com\/embed\/TBTPWwgIFvI?version=3&#038;rel=1&#038;showsearch=0&#038;showinfo=1&#038;iv_load_policy=1&#038;fs=1&#038;hl=fr-FR&#038;autohide=2&#038;wmode=transparent\" allowfullscreen=\"true\" style=\"border:0;\" sandbox=\"allow-scripts allow-same-origin allow-popups allow-presentation\"><\/iframe><\/span><\/p>\n<p><span style=\"font-size: 14pt;\"><em><strong><a id=\"a42\"><\/a>42- Guillestrois &#8211; Queyras<\/strong><\/em><\/span><\/p>\n<p style=\"text-align: center;\"><a href=\"https:\/\/www.queyras-montagne.com\/medias\/images\/info_pages\/guide-des-itineraires-vtt-espace-vtt-ffc-2371.pdf\" target=\"_blank\" rel=\"noopener\"><img loading=\"lazy\" decoding=\"async\" class=\"aligncenter size-full wp-image-26515\" src=\"https:\/\/veloclubfaumont.fr\/wp-content\/uploads\/2021\/01\/Queyras.jpg\" alt=\"\" width=\"2226\" height=\"1636\" srcset=\"https:\/\/veloclubfaumont.fr\/wp-content\/uploads\/2021\/01\/Queyras.jpg 2226w, https:\/\/veloclubfaumont.fr\/wp-content\/uploads\/2021\/01\/Queyras-300x220.jpg 300w, https:\/\/veloclubfaumont.fr\/wp-content\/uploads\/2021\/01\/Queyras-1024x753.jpg 1024w, https:\/\/veloclubfaumont.fr\/wp-content\/uploads\/2021\/01\/Queyras-768x564.jpg 768w, https:\/\/veloclubfaumont.fr\/wp-content\/uploads\/2021\/01\/Queyras-1536x1129.jpg 1536w, https:\/\/veloclubfaumont.fr\/wp-content\/uploads\/2021\/01\/Queyras-2048x1505.jpg 2048w\" sizes=\"auto, (max-width: 2226px) 100vw, 2226px\" \/><\/a><a href=\"https:\/\/sitesvtt.ffc.fr\/sites\/guillestrois-6\/\" target=\"_blank\" rel=\"noopener\">Site de la FFC<\/a> &#8211; <a href=\"https:\/\/www.queyras-montagne.com\/circuits-vtt-1.html\" target=\"_blank\" rel=\"noopener\">Site Officiel<\/a> &#8211; <a href=\"https:\/\/www.randovtt.com\/traces-randonnees-vtt\/gps\/guillestre_838.html\" target=\"_blank\" rel=\"noopener\">diverses traces sur randovtt.com<\/a><\/p>\n<p><span class=\"embed-youtube\" style=\"text-align:center; display: block;\"><iframe loading=\"lazy\" class=\"youtube-player\" width=\"640\" height=\"360\" src=\"https:\/\/www.youtube.com\/embed\/Qp0NZ4UtyuA?version=3&#038;rel=1&#038;showsearch=0&#038;showinfo=1&#038;iv_load_policy=1&#038;fs=1&#038;hl=fr-FR&#038;autohide=2&#038;wmode=transparent\" allowfullscreen=\"true\" style=\"border:0;\" sandbox=\"allow-scripts allow-same-origin allow-popups allow-presentation\"><\/iframe><\/span><\/p>\n<p><span style=\"font-size: 14pt;\"><em><strong><a id=\"a43\"><\/a>43- D\u00e9voluy<\/strong><\/em><\/span><\/p>\n<p>&nbsp;<a href=\"https:\/\/www.ledevoluy.com\/fr\/activites-loisirs\/vtt-cyclo\" target=\"_blank\" rel=\"noopener\">Site Officiel<\/a> &#8211; <a href=\"https:\/\/www.vttattitude.net\/news\/648-vtt-devoluy.html\" target=\"_blank\" rel=\"noopener\">Reportage du Tour du D\u00e9voluy<\/a><\/p>\n<p><span class=\"embed-youtube\" style=\"text-align:center; display: block;\"><iframe loading=\"lazy\" class=\"youtube-player\" width=\"640\" height=\"360\" src=\"https:\/\/www.youtube.com\/embed\/J2b_sKVs0xM?version=3&#038;rel=1&#038;showsearch=0&#038;showinfo=1&#038;iv_load_policy=1&#038;fs=1&#038;hl=fr-FR&#038;autohide=2&#038;wmode=transparent\" allowfullscreen=\"true\" style=\"border:0;\" sandbox=\"allow-scripts allow-same-origin allow-popups allow-presentation\"><\/iframe><\/span><\/p>\n<p><span style=\"font-size: 14pt;\"><em><strong><a id=\"a44\"><\/a>44- Grand Brian\u00e7onnais<\/strong><\/em><\/span><\/p>\n<p style=\"text-align: justify;\"><a href=\"https:\/\/network.ffc.fr\/app\/uploads\/sites\/2\/2019\/05\/Carte-Brianconnais-PDF.pdf\" target=\"_blank\" rel=\"noopener\"><img loading=\"lazy\" decoding=\"async\" class=\"aligncenter size-full wp-image-26517\" src=\"https:\/\/veloclubfaumont.fr\/wp-content\/uploads\/2021\/01\/Brianconnais-vtt-scaled.jpg\" alt=\"\" width=\"2477\" height=\"2560\" srcset=\"https:\/\/veloclubfaumont.fr\/wp-content\/uploads\/2021\/01\/Brianconnais-vtt-scaled.jpg 2477w, https:\/\/veloclubfaumont.fr\/wp-content\/uploads\/2021\/01\/Brianconnais-vtt-290x300.jpg 290w, https:\/\/veloclubfaumont.fr\/wp-content\/uploads\/2021\/01\/Brianconnais-vtt-991x1024.jpg 991w, https:\/\/veloclubfaumont.fr\/wp-content\/uploads\/2021\/01\/Brianconnais-vtt-768x794.jpg 768w, https:\/\/veloclubfaumont.fr\/wp-content\/uploads\/2021\/01\/Brianconnais-vtt-1486x1536.jpg 1486w, https:\/\/veloclubfaumont.fr\/wp-content\/uploads\/2021\/01\/Brianconnais-vtt-1982x2048.jpg 1982w\" sizes=\"auto, (max-width: 2477px) 100vw, 2477px\" \/><\/a><br \/>\n<a href=\"https:\/\/sitesvtt.ffc.fr\/sites\/grand-brianconnais-6\/\" target=\"_blank\" rel=\"noopener\">Site de la FFC<\/a> &#8211; <a href=\"https:\/\/www.espace-vtt-brianconnais.com\/\" target=\"_blank\" rel=\"noopener\">Site officiel<\/a> (tr\u00e8s complet) &#8211;<\/p>\n<p><span class=\"embed-youtube\" style=\"text-align:center; display: block;\"><iframe loading=\"lazy\" class=\"youtube-player\" width=\"640\" height=\"360\" src=\"https:\/\/www.youtube.com\/embed\/DQzkXHzLawU?version=3&#038;rel=1&#038;showsearch=0&#038;showinfo=1&#038;iv_load_policy=1&#038;fs=1&#038;hl=fr-FR&#038;autohide=2&#038;wmode=transparent\" allowfullscreen=\"true\" style=\"border:0;\" sandbox=\"allow-scripts allow-same-origin allow-popups allow-presentation\"><\/iframe><\/span><\/p>\n<p><span style=\"font-size: 14pt;\"><em><strong><a id=\"a45\"><\/a>45- Serre-Pon\u00e7on<\/strong><\/em><\/span><\/p>\n<p style=\"text-align: center;\"><img loading=\"lazy\" decoding=\"async\" class=\"aligncenter size-full wp-image-26552\" src=\"https:\/\/veloclubfaumont.fr\/wp-content\/uploads\/2021\/02\/Serre-POncon.jpg\" alt=\"\" width=\"1607\" height=\"1042\" srcset=\"https:\/\/veloclubfaumont.fr\/wp-content\/uploads\/2021\/02\/Serre-POncon.jpg 1607w, https:\/\/veloclubfaumont.fr\/wp-content\/uploads\/2021\/02\/Serre-POncon-300x195.jpg 300w, https:\/\/veloclubfaumont.fr\/wp-content\/uploads\/2021\/02\/Serre-POncon-1024x664.jpg 1024w, https:\/\/veloclubfaumont.fr\/wp-content\/uploads\/2021\/02\/Serre-POncon-768x498.jpg 768w, https:\/\/veloclubfaumont.fr\/wp-content\/uploads\/2021\/02\/Serre-POncon-1536x996.jpg 1536w\" sizes=\"auto, (max-width: 1607px) 100vw, 1607px\" \/><a href=\"https:\/\/app.avizi.fr\/fichiers\/get\/5f8992a75abe2\/9447-713\" target=\"_blank\" rel=\"noopener\"><img loading=\"lazy\" decoding=\"async\" class=\"aligncenter size-full wp-image-26551\" src=\"https:\/\/veloclubfaumont.fr\/wp-content\/uploads\/2021\/02\/Serre-Poncon-Embrunais-Savinois.jpg\" alt=\"\" width=\"1480\" height=\"703\" srcset=\"https:\/\/veloclubfaumont.fr\/wp-content\/uploads\/2021\/02\/Serre-Poncon-Embrunais-Savinois.jpg 1480w, https:\/\/veloclubfaumont.fr\/wp-content\/uploads\/2021\/02\/Serre-Poncon-Embrunais-Savinois-300x143.jpg 300w, https:\/\/veloclubfaumont.fr\/wp-content\/uploads\/2021\/02\/Serre-Poncon-Embrunais-Savinois-1024x486.jpg 1024w, https:\/\/veloclubfaumont.fr\/wp-content\/uploads\/2021\/02\/Serre-Poncon-Embrunais-Savinois-768x365.jpg 768w\" sizes=\"auto, (max-width: 1480px) 100vw, 1480px\" \/><img loading=\"lazy\" decoding=\"async\" class=\"aligncenter size-full wp-image-26518\" src=\"https:\/\/veloclubfaumont.fr\/wp-content\/uploads\/2021\/01\/Serre-Poncon_VTT.jpg\" alt=\"\" width=\"1790\" height=\"830\" srcset=\"https:\/\/veloclubfaumont.fr\/wp-content\/uploads\/2021\/01\/Serre-Poncon_VTT.jpg 1790w, https:\/\/veloclubfaumont.fr\/wp-content\/uploads\/2021\/01\/Serre-Poncon_VTT-300x139.jpg 300w, https:\/\/veloclubfaumont.fr\/wp-content\/uploads\/2021\/01\/Serre-Poncon_VTT-1024x475.jpg 1024w, https:\/\/veloclubfaumont.fr\/wp-content\/uploads\/2021\/01\/Serre-Poncon_VTT-768x356.jpg 768w, https:\/\/veloclubfaumont.fr\/wp-content\/uploads\/2021\/01\/Serre-Poncon_VTT-1536x712.jpg 1536w\" sizes=\"auto, (max-width: 1790px) 100vw, 1790px\" \/><\/a><a href=\"https:\/\/app.avizi.fr\/fichiers\/get\/5da5de9f4fec8\/9272-713\" target=\"_blank\" rel=\"noopener\">carte VTT<\/a> &#8211; <a href=\"https:\/\/app.avizi.fr\/fichiers\/get\/5f8992a75abe2\/9447-713\" target=\"_blank\" rel=\"noopener\">carte VTAE<\/a><\/p>\n<p><a href=\"https:\/\/sitesvtt.ffc.fr\/sites\/embrunais-savinois-6\/\" target=\"_blank\" rel=\"noopener\">Site de la FFC<\/a> &#8211; <a href=\"http:\/\/www.rando-serreponcon.com\/?categories=T2\" target=\"_blank\" rel=\"noopener\">Site Officiel<\/a> &#8211; <a href=\"https:\/\/www.blancheserreponcon-tourisme.com\/sur-place\/activites-pleine-nature\/vtt-et-cyclotourisme\/itineraires-vtt\/page\/2\" target=\"_blank\" rel=\"noopener\">Site Blanche Serre-Pon\u00e7on<\/a> &#8211;<\/p>\n<p><span class=\"embed-youtube\" style=\"text-align:center; display: block;\"><iframe loading=\"lazy\" class=\"youtube-player\" width=\"640\" height=\"360\" src=\"https:\/\/www.youtube.com\/embed\/s12u9xKDtoc?version=3&#038;rel=1&#038;showsearch=0&#038;showinfo=1&#038;iv_load_policy=1&#038;fs=1&#038;hl=fr-FR&#038;autohide=2&#038;wmode=transparent\" allowfullscreen=\"true\" style=\"border:0;\" sandbox=\"allow-scripts allow-same-origin allow-popups allow-presentation\"><\/iframe><\/span><\/p>\n<p><span style=\"font-size: 14pt;\"><em><strong><a id=\"a46\"><\/a>46- Les Vall\u00e9es du Gapen\u00e7ais<\/strong><\/em><\/span><\/p>\n<p style=\"text-align: center;\"><a href=\"https:\/\/drive.google.com\/file\/d\/0B15RsKKVQPNuazZGZTNncEs1T0E\/view\" target=\"_blank\" rel=\"noopener\"><img loading=\"lazy\" decoding=\"async\" class=\"aligncenter size-full wp-image-26516\" src=\"https:\/\/veloclubfaumont.fr\/wp-content\/uploads\/2021\/01\/Gapencais-VTT-scaled.jpg\" alt=\"\" width=\"2560\" height=\"1536\" srcset=\"https:\/\/veloclubfaumont.fr\/wp-content\/uploads\/2021\/01\/Gapencais-VTT-scaled.jpg 2560w, https:\/\/veloclubfaumont.fr\/wp-content\/uploads\/2021\/01\/Gapencais-VTT-300x180.jpg 300w, https:\/\/veloclubfaumont.fr\/wp-content\/uploads\/2021\/01\/Gapencais-VTT-1024x614.jpg 1024w, https:\/\/veloclubfaumont.fr\/wp-content\/uploads\/2021\/01\/Gapencais-VTT-768x461.jpg 768w, https:\/\/veloclubfaumont.fr\/wp-content\/uploads\/2021\/01\/Gapencais-VTT-1536x922.jpg 1536w, https:\/\/veloclubfaumont.fr\/wp-content\/uploads\/2021\/01\/Gapencais-VTT-2048x1229.jpg 2048w\" sizes=\"auto, (max-width: 2560px) 100vw, 2560px\" \/><\/a>&nbsp;<a href=\"https:\/\/www.valleesdugapencais.info\/crbst_67.html\" target=\"_blank\" rel=\"noopener\">Site officiel<\/a> &#8211; <a href=\"https:\/\/www.outdooractive.com\/fr\/parcours-vtt\/gap\/parcours-vtt-gap\/114494903\/#gref\" target=\"_blank\" rel=\"noopener\">Outdooractive<\/a> &#8211;<\/p>\n<p><span class=\"embed-youtube\" style=\"text-align:center; display: block;\"><iframe loading=\"lazy\" class=\"youtube-player\" width=\"640\" height=\"360\" src=\"https:\/\/www.youtube.com\/embed\/es14DNWJS6Y?version=3&#038;rel=1&#038;showsearch=0&#038;showinfo=1&#038;iv_load_policy=1&#038;fs=1&#038;hl=fr-FR&#038;autohide=2&#038;wmode=transparent\" allowfullscreen=\"true\" style=\"border:0;\" sandbox=\"allow-scripts allow-same-origin allow-popups allow-presentation\"><\/iframe><\/span><\/p>\n<hr>\n<p><span style=\"font-size: 18pt;\"><strong>Gard (30)<\/strong><\/span><\/p>\n<p style=\"text-align: center;\">Traces GPX sur <a href=\"http:\/\/www.tracegps.com\/fr\/Gard\/dpt\/30-1\/liste.htm\" target=\"_blank\" rel=\"noopener\">tracegps.com<\/a> &#8211; <a href=\"https:\/\/www.outdooractive.com\/fr\/parcours-vtt\/gard\/parcours-vtt-gard\/124513758\/#gref\" target=\"_blank\" rel=\"noopener\">outdooractive<\/a><\/p>\n<p><span style=\"font-size: 14pt;\"><em><strong><a id=\"a47\"><\/a>47- Massif de l&rsquo;Aigoual<\/strong><\/em><\/span><\/p>\n<p><a href=\"https:\/\/sitesvtt.ffc.fr\/sites\/espace-vtt-massif-de-laigoual\/\" target=\"_blank\" rel=\"noopener\">Site FFC<\/a> &#8211; <a href=\"https:\/\/www.sudcevennes.com\/Bouger\/Randonnees\/VTT\" target=\"_blank\" rel=\"noopener\">Site Officiel<\/a> &#8211;<\/p>\n<p><span class=\"embed-youtube\" style=\"text-align:center; display: block;\"><iframe loading=\"lazy\" class=\"youtube-player\" width=\"640\" height=\"360\" src=\"https:\/\/www.youtube.com\/embed\/K0wdZ5Nz0_8?version=3&#038;rel=1&#038;showsearch=0&#038;showinfo=1&#038;iv_load_policy=1&#038;fs=1&#038;hl=fr-FR&#038;autohide=2&#038;wmode=transparent\" allowfullscreen=\"true\" style=\"border:0;\" sandbox=\"allow-scripts allow-same-origin allow-popups allow-presentation\"><\/iframe><\/span><\/p>\n<p><span style=\"font-size: 14pt;\"><em><strong><a id=\"a48\"><\/a>48- Pays de Sommi\u00e8res<\/strong><\/em><\/span><\/p>\n<p style=\"text-align: left;\"><a href=\"http:\/\/www.vaunagepassionvelos.fr\/wp-content\/uploads\/2015\/04\/TravelPlan-VTT.pdf\" target=\"_blank\" rel=\"noopener\"><img loading=\"lazy\" decoding=\"async\" class=\"aligncenter size-full wp-image-26521\" src=\"https:\/\/veloclubfaumont.fr\/wp-content\/uploads\/2021\/01\/Sommieres-VTT.jpg\" alt=\"\" width=\"1702\" height=\"1471\" srcset=\"https:\/\/veloclubfaumont.fr\/wp-content\/uploads\/2021\/01\/Sommieres-VTT.jpg 1702w, https:\/\/veloclubfaumont.fr\/wp-content\/uploads\/2021\/01\/Sommieres-VTT-300x259.jpg 300w, https:\/\/veloclubfaumont.fr\/wp-content\/uploads\/2021\/01\/Sommieres-VTT-1024x885.jpg 1024w, https:\/\/veloclubfaumont.fr\/wp-content\/uploads\/2021\/01\/Sommieres-VTT-768x664.jpg 768w, https:\/\/veloclubfaumont.fr\/wp-content\/uploads\/2021\/01\/Sommieres-VTT-1536x1328.jpg 1536w\" sizes=\"auto, (max-width: 1702px) 100vw, 1702px\" \/><\/a><br \/>\n<a href=\"https:\/\/sitesvtt.ffc.fr\/sites\/pays-de-sommieres-6\/\" target=\"_blank\" rel=\"noopener\">Site FFC<\/a> &#8211;<\/p>\n<p><span class=\"embed-youtube\" style=\"text-align:center; display: block;\"><iframe loading=\"lazy\" class=\"youtube-player\" width=\"640\" height=\"360\" src=\"https:\/\/www.youtube.com\/embed\/IuaKC7uSjQA?version=3&#038;rel=1&#038;showsearch=0&#038;showinfo=1&#038;iv_load_policy=1&#038;fs=1&#038;hl=fr-FR&#038;autohide=2&#038;wmode=transparent\" allowfullscreen=\"true\" style=\"border:0;\" sandbox=\"allow-scripts allow-same-origin allow-popups allow-presentation\"><\/iframe><\/span><\/p>\n<p><span style=\"font-size: 14pt;\"><em><strong><a id=\"a49\"><\/a>49- Uz\u00e8s et Collines en Uz\u00e8ge<\/strong><\/em><\/span><\/p>\n<p style=\"text-align: center;\"><a href=\"https:\/\/uzesveloclub.fr\/wp-content\/uploads\/2011\/12\/plan-officiel1.pdf\" target=\"_blank\" rel=\"noopener\"><img loading=\"lazy\" decoding=\"async\" class=\"aligncenter size-full wp-image-26522\" src=\"https:\/\/veloclubfaumont.fr\/wp-content\/uploads\/2021\/01\/Uzes-VTT.jpg\" alt=\"\" width=\"2364\" height=\"1644\" srcset=\"https:\/\/veloclubfaumont.fr\/wp-content\/uploads\/2021\/01\/Uzes-VTT.jpg 2364w, https:\/\/veloclubfaumont.fr\/wp-content\/uploads\/2021\/01\/Uzes-VTT-300x209.jpg 300w, https:\/\/veloclubfaumont.fr\/wp-content\/uploads\/2021\/01\/Uzes-VTT-1024x712.jpg 1024w, https:\/\/veloclubfaumont.fr\/wp-content\/uploads\/2021\/01\/Uzes-VTT-768x534.jpg 768w, https:\/\/veloclubfaumont.fr\/wp-content\/uploads\/2021\/01\/Uzes-VTT-1536x1068.jpg 1536w, https:\/\/veloclubfaumont.fr\/wp-content\/uploads\/2021\/01\/Uzes-VTT-2048x1424.jpg 2048w\" sizes=\"auto, (max-width: 2364px) 100vw, 2364px\" \/><\/a><br \/>\n<a href=\"https:\/\/sitesvtt.ffc.fr\/sites\/uzes-et-collines-en-uzege-6\/\" target=\"_blank\" rel=\"noopener\">Site FFC<\/a> &#8211; Site Officiel de l&rsquo;<a href=\"https:\/\/www.uzesveloclub.fr\/category\/vtt-3\/\" target=\"_blank\" rel=\"noopener\">Uz\u00e8s V\u00e9loclub<\/a> &#8211; <a href=\"https:\/\/www.outdooractive.com\/fr\/list\/uzes-et-collines-en-uzege-espace-vtt-ffc\/128664525\/#gref\" target=\"_blank\" rel=\"noopener\">outdooractive<\/a><\/p>\n<p><span class=\"embed-youtube\" style=\"text-align:center; display: block;\"><iframe loading=\"lazy\" class=\"youtube-player\" width=\"640\" height=\"360\" src=\"https:\/\/www.youtube.com\/embed\/7R_eHczt_Xk?version=3&#038;rel=1&#038;showsearch=0&#038;showinfo=1&#038;iv_load_policy=1&#038;fs=1&#038;hl=fr-FR&#038;autohide=2&#038;wmode=transparent\" allowfullscreen=\"true\" style=\"border:0;\" sandbox=\"allow-scripts allow-same-origin allow-popups allow-presentation\"><\/iframe><\/span><\/p>\n<hr>\n<p><span style=\"font-size: 18pt;\"><strong>Vaucluse (84)<\/strong><\/span><\/p>\n<p style=\"text-align: center;\"><a href=\"https:\/\/www.provence-a-velo.fr\/circuits-velos\/boucles-VTT\/offres-100-1.html\" target=\"_blank\" rel=\"noopener\">Tous les circuits VTT dans le Vaucluse<\/a> &#8211; <a href=\"https:\/\/www.utagawavtt.com\/randonnee-vtt-gps-results\/region\/Vaucluse-84\" target=\"_blank\" rel=\"noopener\">utagawavtt<\/a><\/p>\n<p><span style=\"font-size: 14pt;\"><em><strong><a id=\"a50\"><\/a>50- Provence Lub\u00e9ron Lure<\/strong><\/em><\/span><\/p>\n<p style=\"text-align: center;\"><a href=\"https:\/\/app.avizi.fr\/fichiers\/get\/5f4de8468e166\/11923-508\" target=\"_blank\" rel=\"noopener\"><img loading=\"lazy\" decoding=\"async\" class=\"aligncenter size-full wp-image-26530\" src=\"https:\/\/veloclubfaumont.fr\/wp-content\/uploads\/2021\/02\/Luberon-Lure.jpg\" alt=\"\" width=\"1479\" height=\"1030\" srcset=\"https:\/\/veloclubfaumont.fr\/wp-content\/uploads\/2021\/02\/Luberon-Lure.jpg 1479w, https:\/\/veloclubfaumont.fr\/wp-content\/uploads\/2021\/02\/Luberon-Lure-300x209.jpg 300w, https:\/\/veloclubfaumont.fr\/wp-content\/uploads\/2021\/02\/Luberon-Lure-1024x713.jpg 1024w, https:\/\/veloclubfaumont.fr\/wp-content\/uploads\/2021\/02\/Luberon-Lure-768x535.jpg 768w\" sizes=\"auto, (max-width: 1479px) 100vw, 1479px\" \/><\/a><br \/>\n<a href=\"https:\/\/sitesvtt.ffc.fr\/sites\/provence-luberon-lure\/\" target=\"_blank\" rel=\"noopener\">Site de la FFC<\/a> &#8211; <a href=\"https:\/\/www.provence-a-velo.fr\/circuits-velos\/vtt-luberon-lure\/offres-100-1.html\" target=\"_blank\" rel=\"noopener\">Site officiel<\/a> &#8211; <a href=\"https:\/\/www.veloloisirprovence.com\/page\/parcours-vtt-luberon\" target=\"_blank\" rel=\"noopener\">V\u00e9lo Loisir Lub\u00e9ron<\/a> &#8211;<\/p>\n<p><span class=\"embed-youtube\" style=\"text-align:center; display: block;\"><iframe loading=\"lazy\" class=\"youtube-player\" width=\"640\" height=\"360\" src=\"https:\/\/www.youtube.com\/embed\/IaBQOjVz160?version=3&#038;rel=1&#038;showsearch=0&#038;showinfo=1&#038;iv_load_policy=1&#038;fs=1&#038;hl=fr-FR&#038;autohide=2&#038;start=17&#038;wmode=transparent\" allowfullscreen=\"true\" style=\"border:0;\" sandbox=\"allow-scripts allow-same-origin allow-popups allow-presentation\"><\/iframe><\/span><\/p>\n<p><span style=\"font-size: 14pt;\"><em><strong><a id=\"a51\"><\/a>51- Ventoux<\/strong><\/em><\/span><\/p>\n<p style=\"text-align: center;\"><a href=\"https:\/\/app.avizi.fr\/fichiers\/get\/5b92524cef939\/6534-508\" target=\"_blank\" rel=\"noopener\"><img loading=\"lazy\" decoding=\"async\" class=\"aligncenter size-full wp-image-26529\" src=\"https:\/\/veloclubfaumont.fr\/wp-content\/uploads\/2021\/02\/Ventoux.jpg\" alt=\"\" width=\"1475\" height=\"1052\" srcset=\"https:\/\/veloclubfaumont.fr\/wp-content\/uploads\/2021\/02\/Ventoux.jpg 1475w, https:\/\/veloclubfaumont.fr\/wp-content\/uploads\/2021\/02\/Ventoux-300x214.jpg 300w, https:\/\/veloclubfaumont.fr\/wp-content\/uploads\/2021\/02\/Ventoux-1024x730.jpg 1024w, https:\/\/veloclubfaumont.fr\/wp-content\/uploads\/2021\/02\/Ventoux-768x548.jpg 768w\" sizes=\"auto, (max-width: 1475px) 100vw, 1475px\" \/><\/a><a href=\"https:\/\/sitesvtt.ffc.fr\/sites\/ventoux\/\" target=\"_blank\" rel=\"noopener\">Site FFC<\/a> &#8211; <a href=\"https:\/\/www.outdooractive.com\/fr\/list\/espace-vtt-ffc-ventoux\/128664523\/#gref\" target=\"_blank\" rel=\"noopener\">outdooractive<\/a> &#8211;<\/p>\n<p><span class=\"embed-youtube\" style=\"text-align:center; display: block;\"><iframe loading=\"lazy\" class=\"youtube-player\" width=\"640\" height=\"360\" src=\"https:\/\/www.youtube.com\/embed\/DlT7eC-KtCM?version=3&#038;rel=1&#038;showsearch=0&#038;showinfo=1&#038;iv_load_policy=1&#038;fs=1&#038;hl=fr-FR&#038;autohide=2&#038;wmode=transparent\" allowfullscreen=\"true\" style=\"border:0;\" sandbox=\"allow-scripts allow-same-origin allow-popups allow-presentation\"><\/iframe><\/span><\/p>\n<hr>\n<p><span style=\"font-size: 18pt;\"><strong>Alpes Haute-Provence (04)<\/strong><\/span><\/p>\n<p style=\"text-align: center;\"><a href=\"https:\/\/veloclubfaumont.fr\/wp-content\/uploads\/2021\/02\/Alpes-Haute-Provence-scaled.jpg\"><img loading=\"lazy\" decoding=\"async\" class=\"aligncenter wp-image-26540 size-full\" src=\"https:\/\/veloclubfaumont.fr\/wp-content\/uploads\/2021\/02\/Alpes-Haute-Provence-scaled.jpg\" alt=\"\" width=\"2560\" height=\"1426\" srcset=\"https:\/\/veloclubfaumont.fr\/wp-content\/uploads\/2021\/02\/Alpes-Haute-Provence-scaled.jpg 2560w, https:\/\/veloclubfaumont.fr\/wp-content\/uploads\/2021\/02\/Alpes-Haute-Provence-300x167.jpg 300w, https:\/\/veloclubfaumont.fr\/wp-content\/uploads\/2021\/02\/Alpes-Haute-Provence-1024x570.jpg 1024w, https:\/\/veloclubfaumont.fr\/wp-content\/uploads\/2021\/02\/Alpes-Haute-Provence-768x428.jpg 768w, https:\/\/veloclubfaumont.fr\/wp-content\/uploads\/2021\/02\/Alpes-Haute-Provence-1536x856.jpg 1536w, https:\/\/veloclubfaumont.fr\/wp-content\/uploads\/2021\/02\/Alpes-Haute-Provence-2048x1141.jpg 2048w, https:\/\/veloclubfaumont.fr\/wp-content\/uploads\/2021\/02\/Alpes-Haute-Provence-450x250.jpg 450w, https:\/\/veloclubfaumont.fr\/wp-content\/uploads\/2021\/02\/Alpes-Haute-Provence-260x146.jpg 260w, https:\/\/veloclubfaumont.fr\/wp-content\/uploads\/2021\/02\/Alpes-Haute-Provence-120x67.jpg 120w\" sizes=\"auto, (max-width: 2560px) 100vw, 2560px\" \/><\/a><\/p>\n<p style=\"text-align: center;\"><img loading=\"lazy\" decoding=\"async\" class=\"aligncenter size-full wp-image-26537\" src=\"https:\/\/veloclubfaumont.fr\/wp-content\/uploads\/2021\/02\/Alpes-Haute-Provence-VTT.jpg\" alt=\"\" width=\"1561\" height=\"1046\" srcset=\"https:\/\/veloclubfaumont.fr\/wp-content\/uploads\/2021\/02\/Alpes-Haute-Provence-VTT.jpg 1561w, https:\/\/veloclubfaumont.fr\/wp-content\/uploads\/2021\/02\/Alpes-Haute-Provence-VTT-300x201.jpg 300w, https:\/\/veloclubfaumont.fr\/wp-content\/uploads\/2021\/02\/Alpes-Haute-Provence-VTT-1024x686.jpg 1024w, https:\/\/veloclubfaumont.fr\/wp-content\/uploads\/2021\/02\/Alpes-Haute-Provence-VTT-768x515.jpg 768w, https:\/\/veloclubfaumont.fr\/wp-content\/uploads\/2021\/02\/Alpes-Haute-Provence-VTT-1536x1029.jpg 1536w\" sizes=\"auto, (max-width: 1561px) 100vw, 1561px\" \/><em>les diff\u00e9rents secteurs VTT dans le 04<\/em><\/p>\n<p style=\"text-align: center;\">&#8211;&nbsp; Circuits VTT dans le 04 sur <a href=\"https:\/\/www.outdooractive.com\/fr\/parcours-vtt\/alpes-de-haute-provence\/parcours-vtt-alpes-de-haute-provence\/12181170\/#gref\" target=\"_blank\" rel=\"noopener\">outdooractive<\/a> &#8211; <a href=\"https:\/\/www.veloloisirprovence.com\/page\/les-itineraires-velo-vtt?q=&amp;range-distance_=0%3B250&amp;itineraireBalise_=BALISE#liste\" target=\"_blank\" rel=\"noopener\">v\u00e9lo loisir Provence<\/a> &#8211;<br \/>\n<a href=\"http:\/\/www.vtt-a-2.fr\/tag\/rando%20alpes%20de%20haute%20provence\/\" target=\"_blank\" rel=\"noopener\">site perso VTT \u00e0 2<\/a> (avec reportages)<\/p>\n<p><span style=\"font-size: 14pt;\"><em><strong><a id=\"a52\"><\/a>52- Des Sources aux Gorges du Verdon &#8211; Haut-Verdon Val d&rsquo;Allos<br \/>\n<\/strong><\/em><\/span><\/p>\n<p style=\"text-align: center;\"><a href=\"http:\/\/genius2val-d-allos.ingenie.fr\/scripts\/stats\/web\/stats.php?organisme=174&amp;site=SITE2018&amp;params[DOC_CODE]=VTT19&amp;params[DOC_LANGUE]=FR&amp;params[DOC_TYPE]=T&amp;params[DOC_TYPE_QUI]=&amp;params[DOC_CODE_QUI]=&amp;lien_documentation=https:\/\/www.valdallos.com\/medias\/documents\/documentation\/documentation-VTT19-FR.pdf\" target=\"_blank\" rel=\"noopener\"><img loading=\"lazy\" decoding=\"async\" class=\"aligncenter size-full wp-image-26535\" src=\"https:\/\/veloclubfaumont.fr\/wp-content\/uploads\/2021\/02\/Haut-Verdon-Val-d-Allos.jpg\" alt=\"\" width=\"1060\" height=\"1405\" srcset=\"https:\/\/veloclubfaumont.fr\/wp-content\/uploads\/2021\/02\/Haut-Verdon-Val-d-Allos.jpg 1060w, https:\/\/veloclubfaumont.fr\/wp-content\/uploads\/2021\/02\/Haut-Verdon-Val-d-Allos-226x300.jpg 226w, https:\/\/veloclubfaumont.fr\/wp-content\/uploads\/2021\/02\/Haut-Verdon-Val-d-Allos-773x1024.jpg 773w, https:\/\/veloclubfaumont.fr\/wp-content\/uploads\/2021\/02\/Haut-Verdon-Val-d-Allos-768x1018.jpg 768w\" sizes=\"auto, (max-width: 1060px) 100vw, 1060px\" \/><\/a>&nbsp;<a href=\"https:\/\/sitesvtt.ffc.fr\/sites\/des-sources-aux-gorges-du-verdon\/\" target=\"_blank\" rel=\"noopener\">Site FFC<\/a> &#8211; <a href=\"https:\/\/www.outdooractive.com\/fr\/list\/haut-verdon-val-d-allos-site-vtt-ffc\/128664571\/\" target=\"_blank\" rel=\"noopener\">outdooractive<\/a> &#8211; <a href=\"https:\/\/vtt.tourisme-alpes-haute-provence.com\/les-bases-daccueil-vtt-dans-les-alpes-de-haute-provence\/site-vtt-ffc-des-sources-aux-gorges-du-verdon\/\" target=\"_blank\" rel=\"noopener\">Office de tourisme du D\u00e9partement<\/a> &#8211;<br \/>\n<a href=\"https:\/\/www.valdallos.com\/vtt-alpes.html\" target=\"_blank\" rel=\"noopener\">Site du Val d&rsquo;Allos<\/a><\/p>\n<p><span class=\"embed-youtube\" style=\"text-align:center; display: block;\"><iframe loading=\"lazy\" class=\"youtube-player\" width=\"640\" height=\"360\" src=\"https:\/\/www.youtube.com\/embed\/WFkA_Qdx6do?version=3&#038;rel=1&#038;showsearch=0&#038;showinfo=1&#038;iv_load_policy=1&#038;fs=1&#038;hl=fr-FR&#038;autohide=2&#038;wmode=transparent\" allowfullscreen=\"true\" style=\"border:0;\" sandbox=\"allow-scripts allow-same-origin allow-popups allow-presentation\"><\/iframe><\/span><\/p>\n<p><em><strong><span style=\"font-size: 14pt;\"><br \/>\n<a id=\"a53\"><\/a>53- Des Sources aux Gorges du Verdon &#8211; Vall\u00e9e de l&rsquo;Asse<\/span> <\/strong><\/em><\/p>\n<p style=\"text-align: center;\"><a href=\"http:\/\/static.apidae-tourisme.com\/filestore\/objets-touristiques\/documents\/74\/164\/1549386.pdf\" target=\"_blank\" rel=\"noopener\"><img loading=\"lazy\" decoding=\"async\" class=\"aligncenter size-full wp-image-26538\" src=\"https:\/\/veloclubfaumont.fr\/wp-content\/uploads\/2021\/02\/Verdon-Vallee-de-lAsse-VTT.jpg\" alt=\"\" width=\"1152\" height=\"1563\" srcset=\"https:\/\/veloclubfaumont.fr\/wp-content\/uploads\/2021\/02\/Verdon-Vallee-de-lAsse-VTT.jpg 1152w, https:\/\/veloclubfaumont.fr\/wp-content\/uploads\/2021\/02\/Verdon-Vallee-de-lAsse-VTT-221x300.jpg 221w, https:\/\/veloclubfaumont.fr\/wp-content\/uploads\/2021\/02\/Verdon-Vallee-de-lAsse-VTT-755x1024.jpg 755w, https:\/\/veloclubfaumont.fr\/wp-content\/uploads\/2021\/02\/Verdon-Vallee-de-lAsse-VTT-768x1042.jpg 768w, https:\/\/veloclubfaumont.fr\/wp-content\/uploads\/2021\/02\/Verdon-Vallee-de-lAsse-VTT-1132x1536.jpg 1132w\" sizes=\"auto, (max-width: 1152px) 100vw, 1152px\" \/><\/a><a href=\"https:\/\/sitesvtt.ffc.fr\/sites\/des-sources-aux-gorges-du-verdon\/\" target=\"_blank\" rel=\"noopener\">Site de la FFC<\/a> &#8211; <a href=\"https:\/\/www.outdooractive.com\/fr\/list\/espace-vtt-verdon-et-hautes-vallees-de-l-asse\/128664549\/#gref\" target=\"_blank\" rel=\"noopener\">Outdooractive<\/a> &#8211;<\/p>\n<p><span class=\"embed-youtube\" style=\"text-align:center; display: block;\"><iframe loading=\"lazy\" class=\"youtube-player\" width=\"640\" height=\"360\" src=\"https:\/\/www.youtube.com\/embed\/3uXoxUD3iBk?version=3&#038;rel=1&#038;showsearch=0&#038;showinfo=1&#038;iv_load_policy=1&#038;fs=1&#038;hl=fr-FR&#038;autohide=2&#038;wmode=transparent\" allowfullscreen=\"true\" style=\"border:0;\" sandbox=\"allow-scripts allow-same-origin allow-popups allow-presentation\"><\/iframe><\/span><\/p>\n<p><span style=\"font-size: 14pt;\"><em><strong><a id=\"a54\"><\/a>54- Forcalquier &#8211; Montagne de Lure<\/strong><\/em><\/span><\/p>\n<p style=\"text-align: center;\"><img loading=\"lazy\" decoding=\"async\" class=\"aligncenter size-full wp-image-26536\" src=\"https:\/\/veloclubfaumont.fr\/wp-content\/uploads\/2021\/02\/Forcalquier-Lure-VTT.jpg\" alt=\"\" width=\"850\" height=\"686\" srcset=\"https:\/\/veloclubfaumont.fr\/wp-content\/uploads\/2021\/02\/Forcalquier-Lure-VTT.jpg 850w, https:\/\/veloclubfaumont.fr\/wp-content\/uploads\/2021\/02\/Forcalquier-Lure-VTT-300x242.jpg 300w, https:\/\/veloclubfaumont.fr\/wp-content\/uploads\/2021\/02\/Forcalquier-Lure-VTT-768x620.jpg 768w\" sizes=\"auto, (max-width: 850px) 100vw, 850px\" \/>&nbsp;<br \/>\n<a href=\"https:\/\/sitesvtt.ffc.fr\/sites\/forcalquier-montagne-de-lure-6\/\" target=\"_blank\" rel=\"noopener\">Site FFC<\/a> &#8211; <a href=\"https:\/\/www.outdooractive.com\/fr\/list\/site-vtt-ffc-pays-de-forcalquier-montagne-de-lure\/128664522\/\" target=\"_blank\" rel=\"noopener\">outdooractive<\/a> &#8211; <a href=\"https:\/\/www.veloloisirprovence.com\/page\/les-itineraires-velo-vtt?q=&amp;range-distance_=0%3B250&amp;itineraireBalise_=BALISE#liste\" target=\"_blank\" rel=\"noopener\">V\u00e9lo Loisir Provence<\/a><\/p>\n<p><span class=\"embed-youtube\" style=\"text-align:center; display: block;\"><iframe loading=\"lazy\" class=\"youtube-player\" width=\"640\" height=\"360\" src=\"https:\/\/www.youtube.com\/embed\/nYC_4RaVYvw?version=3&#038;rel=1&#038;showsearch=0&#038;showinfo=1&#038;iv_load_policy=1&#038;fs=1&#038;hl=fr-FR&#038;autohide=2&#038;wmode=transparent\" allowfullscreen=\"true\" style=\"border:0;\" sandbox=\"allow-scripts allow-same-origin allow-popups allow-presentation\"><\/iframe><\/span><\/p>\n<p><span style=\"font-size: 14pt;\"><em><strong><a id=\"a55\"><\/a>55- Vall\u00e9e de l&rsquo;Ubaye<\/strong><\/em><\/span><\/p>\n<p style=\"text-align: center;\"><a href=\"https:\/\/vtt.tourisme-alpes-haute-provence.com\/wp-content\/uploads\/2020\/10\/Carte-Dep-VTT-600x448-final2020-06.pdf\" target=\"_blank\" rel=\"noopener\"><img loading=\"lazy\" decoding=\"async\" class=\"aligncenter size-full wp-image-26532\" src=\"https:\/\/veloclubfaumont.fr\/wp-content\/uploads\/2021\/02\/Ubaye.jpg\" alt=\"\" width=\"2201\" height=\"1614\" srcset=\"https:\/\/veloclubfaumont.fr\/wp-content\/uploads\/2021\/02\/Ubaye.jpg 2201w, https:\/\/veloclubfaumont.fr\/wp-content\/uploads\/2021\/02\/Ubaye-300x220.jpg 300w, https:\/\/veloclubfaumont.fr\/wp-content\/uploads\/2021\/02\/Ubaye-1024x751.jpg 1024w, https:\/\/veloclubfaumont.fr\/wp-content\/uploads\/2021\/02\/Ubaye-768x563.jpg 768w, https:\/\/veloclubfaumont.fr\/wp-content\/uploads\/2021\/02\/Ubaye-1536x1126.jpg 1536w, https:\/\/veloclubfaumont.fr\/wp-content\/uploads\/2021\/02\/Ubaye-2048x1502.jpg 2048w\" sizes=\"auto, (max-width: 2201px) 100vw, 2201px\" \/><\/a><br \/>\n&nbsp;<a href=\"https:\/\/sitesvtt.ffc.fr\/sites\/vallee-de-lubaye-6\/\" target=\"_blank\" rel=\"noopener\">Site FFC<\/a> &#8211; <a href=\"https:\/\/vtt.tourisme-alpes-haute-provence.com\/les-bases-daccueil-vtt-dans-les-alpes-de-haute-provence\/site-vtt-ffc-vallee-de-lubaye-2\/\" target=\"_blank\" rel=\"noopener\">Office de Tourisme<\/a> &#8211;<\/p>\n<p><span class=\"embed-youtube\" style=\"text-align:center; display: block;\"><iframe loading=\"lazy\" class=\"youtube-player\" width=\"640\" height=\"360\" src=\"https:\/\/www.youtube.com\/embed\/eBg8uMj6xdQ?version=3&#038;rel=1&#038;showsearch=0&#038;showinfo=1&#038;iv_load_policy=1&#038;fs=1&#038;hl=fr-FR&#038;autohide=2&#038;wmode=transparent\" allowfullscreen=\"true\" style=\"border:0;\" sandbox=\"allow-scripts allow-same-origin allow-popups allow-presentation\"><\/iframe><\/span><\/p>\n<p><span style=\"font-size: 14pt;\"><em><strong><a id=\"a56\"><\/a>56- Provence Alpes (4 secteurs)<br \/>\n<\/strong><\/em><\/span><\/p>\n<ul>\n<li style=\"text-align: justify;\">Le secteur <strong>Pure Alpes \u00ab Blanche \u2013 Serre Pon\u00e7on<\/strong> \u00bb (19 parcours balis\u00e9s) : <a href=\"https:\/\/www.blancheserreponcon-tourisme.com\/sur-place\/activites-pleine-nature\/vtt-et-cyclotourisme\/itineraires-vtt\/\" target=\"_blank\" rel=\"noopener\">Site Officiel<\/a><\/li>\n<li>Le secteur <strong>Haute-Provence \u00ab Digne-les-Bains \u00bb<\/strong>&nbsp; (24 parcours balis\u00e9s) : <a href=\"https:\/\/www.dignelesbains-tourisme.com\/bouger-sortir\/les-activites-de-pleine-nature\/vtt-et-cyclotourisme-en-haute-provence\/circuits-vtt\/page\/3\" target=\"_blank\" rel=\"noopener\">Office de Tourisme de Digne-les-Bains<\/a> &#8211; <a href=\"https:\/\/www.cirkwi.com\/fr\/Office%20de%20Tourisme%20Provence%20Alpes%20Digne-les-Bains?offset=0\" target=\"_blank\" rel=\"noopener\">Cirkwi<\/a> &#8211; <a href=\"https:\/\/www.sitytrail.com\/fr\/trails\/106175-greoux-les-bains--espace-vtt-ffc-verdon-des-collines---le-plateau-de-valensole-nx4---grexoux-les-bains\/\" target=\"_blank\" rel=\"noopener\">Sitytrail<\/a><\/li>\n<li>Le secteur <strong>Haute-Provence \u00ab Val de Durance \u00bb<\/strong>&nbsp; (30 parcours balis\u00e9s) &#8211; circuits sur <a href=\"https:\/\/www.cirkwi.com\/fr\/Val-de-Durance-Tourisme?offset=0\" target=\"_blank\" rel=\"noopener\">Cikwi<\/a> &#8211;<\/li>\n<li>Le secteur <strong>Verdon<\/strong> (6 parcours balis\u00e9s) &#8211; <a href=\"https:\/\/www.utagawavtt.com\/search\/auteur\/68046\" target=\"_blank\" rel=\"noopener\">Utagawavtt<\/a><\/li>\n<\/ul>\n<p style=\"text-align: center;\">&nbsp;<a href=\"https:\/\/sitesvtt.ffc.fr\/sites\/provence-alpes-6\/\" target=\"_blank\" rel=\"noopener\">Site FFC<\/a> &#8211; <a href=\"https:\/\/www.utagawavtt.com\/search\/auteur\/40518\" target=\"_blank\" rel=\"noopener\">Utagawavtt<\/a> &#8211;<\/p>\n<p><span class=\"embed-youtube\" style=\"text-align:center; display: block;\"><iframe loading=\"lazy\" class=\"youtube-player\" width=\"640\" height=\"360\" src=\"https:\/\/www.youtube.com\/embed\/s12u9xKDtoc?version=3&#038;rel=1&#038;showsearch=0&#038;showinfo=1&#038;iv_load_policy=1&#038;fs=1&#038;hl=fr-FR&#038;autohide=2&#038;start=22&#038;wmode=transparent\" allowfullscreen=\"true\" style=\"border:0;\" sandbox=\"allow-scripts allow-same-origin allow-popups allow-presentation\"><\/iframe><\/span><\/p>\n<p><span class=\"embed-youtube\" style=\"text-align:center; display: block;\"><iframe loading=\"lazy\" class=\"youtube-player\" width=\"640\" height=\"360\" src=\"https:\/\/www.youtube.com\/embed\/ue0eUUov2lg?version=3&#038;rel=1&#038;showsearch=0&#038;showinfo=1&#038;iv_load_policy=1&#038;fs=1&#038;hl=fr-FR&#038;autohide=2&#038;wmode=transparent\" allowfullscreen=\"true\" style=\"border:0;\" sandbox=\"allow-scripts allow-same-origin allow-popups allow-presentation\"><\/iframe><\/span><\/p>\n<p><span class=\"embed-youtube\" style=\"text-align:center; display: block;\"><iframe loading=\"lazy\" class=\"youtube-player\" width=\"640\" height=\"360\" src=\"https:\/\/www.youtube.com\/embed\/7fA_9sZgC34?version=3&#038;rel=1&#038;showsearch=0&#038;showinfo=1&#038;iv_load_policy=1&#038;fs=1&#038;hl=fr-FR&#038;autohide=2&#038;wmode=transparent\" allowfullscreen=\"true\" style=\"border:0;\" sandbox=\"allow-scripts allow-same-origin allow-popups allow-presentation\"><\/iframe><\/span><\/p>\n<p><em><span style=\"font-size: 14pt;\"><strong><a id=\"a57\"><\/a>57- Provence Verdon<\/strong><\/span><\/em><\/p>\n<p style=\"text-align: center;\"><img loading=\"lazy\" decoding=\"async\" class=\"aligncenter size-full wp-image-26541\" src=\"https:\/\/veloclubfaumont.fr\/wp-content\/uploads\/2021\/02\/Provence-Verdon-Greoux-les-Bains.jpg\" alt=\"\" width=\"1430\" height=\"892\" srcset=\"https:\/\/veloclubfaumont.fr\/wp-content\/uploads\/2021\/02\/Provence-Verdon-Greoux-les-Bains.jpg 1430w, https:\/\/veloclubfaumont.fr\/wp-content\/uploads\/2021\/02\/Provence-Verdon-Greoux-les-Bains-300x187.jpg 300w, https:\/\/veloclubfaumont.fr\/wp-content\/uploads\/2021\/02\/Provence-Verdon-Greoux-les-Bains-1024x639.jpg 1024w, https:\/\/veloclubfaumont.fr\/wp-content\/uploads\/2021\/02\/Provence-Verdon-Greoux-les-Bains-768x479.jpg 768w\" sizes=\"auto, (max-width: 1430px) 100vw, 1430px\" \/><\/p>\n<p style=\"text-align: center;\">&nbsp;<a href=\"https:\/\/sitesvtt.ffc.fr\/sites\/verdon-des-collines-6\/\" target=\"_blank\" rel=\"noopener\">Site FFC<\/a> &#8211; <a href=\"https:\/\/www.veloloisirprovence.com\/page\/parcours-vtt-verdon\" target=\"_blank\" rel=\"noopener\">V\u00e9lo Loisir Provence<\/a> &#8211; <a href=\"https:\/\/provence-verdon-vtt.fr\/circuits-randonnees-vtt-ffc\/cartes-circuits-vtt\/\" target=\"_blank\" rel=\"noopener\">Provence Verdon VTT (carte des circuits)<\/a><\/p>\n<p><span class=\"embed-youtube\" style=\"text-align:center; display: block;\"><iframe loading=\"lazy\" class=\"youtube-player\" width=\"640\" height=\"360\" src=\"https:\/\/www.youtube.com\/embed\/pCFVIuHWVss?version=3&#038;rel=1&#038;showsearch=0&#038;showinfo=1&#038;iv_load_policy=1&#038;fs=1&#038;hl=fr-FR&#038;autohide=2&#038;wmode=transparent\" allowfullscreen=\"true\" style=\"border:0;\" sandbox=\"allow-scripts allow-same-origin allow-popups allow-presentation\"><\/iframe><\/span><\/p>\n<p><span class=\"embed-youtube\" style=\"text-align:center; display: block;\"><iframe loading=\"lazy\" class=\"youtube-player\" width=\"640\" height=\"360\" src=\"https:\/\/www.youtube.com\/embed\/TrRvwo4asgA?version=3&#038;rel=1&#038;showsearch=0&#038;showinfo=1&#038;iv_load_policy=1&#038;fs=1&#038;hl=fr-FR&#038;autohide=2&#038;wmode=transparent\" allowfullscreen=\"true\" style=\"border:0;\" sandbox=\"allow-scripts allow-same-origin allow-popups allow-presentation\"><\/iframe><\/span><\/p>\n<p><span style=\"font-size: 14pt;\"><em><strong><a id=\"a58\"><\/a>58- Hautes Terres de Provence (de Gap \u00e0 Sisteron)<br \/>\n<\/strong><\/em><\/span><\/p>\n<p style=\"text-align: left;\"><a href=\"https:\/\/sisteron-a-serreponcon.com\/wp-content\/uploads\/2020\/03\/circuits-vtt-hautes-terres-provence.pdf\" target=\"_blank\" rel=\"noopener\">Cartes des circuits en PDF<\/a> (Office de Tourisme) &#8211; <a href=\"https:\/\/sisteron-a-serreponcon.com\/categories\/a-2-roues\/\" target=\"_blank\" rel=\"noopener\">circuits<\/a> &#8211;<\/p>\n<p><span class=\"embed-youtube\" style=\"text-align:center; display: block;\"><iframe loading=\"lazy\" class=\"youtube-player\" width=\"640\" height=\"360\" src=\"https:\/\/www.youtube.com\/embed\/s3RnedXmIdU?version=3&#038;rel=1&#038;showsearch=0&#038;showinfo=1&#038;iv_load_policy=1&#038;fs=1&#038;hl=fr-FR&#038;autohide=2&#038;start=198&#038;wmode=transparent\" allowfullscreen=\"true\" style=\"border:0;\" sandbox=\"allow-scripts allow-same-origin allow-popups allow-presentation\"><\/iframe><\/span><\/p>\n<hr>\n<p><span style=\"font-size: 18pt;\"><strong>Bouche du Rh\u00f4ne (13)<\/strong><\/span><\/p>\n<p>Reportages sur <a href=\"http:\/\/www.vtt-a-2.fr\/tag\/rando%20bouches-du-rhone\/\" target=\"_blank\" rel=\"noopener\">VTT \u00e0 2<\/a> &#8211; <a href=\"https:\/\/www.outdooractive.com\/fr\/parcours-vtt\/bouches-du-rhone\/parcours-vtt-bouches-du-rhone\/26821844\/#gref\" target=\"_blank\" rel=\"noopener\">outdooractive<\/a> &#8211; randos VTT sur <a href=\"https:\/\/www.utagawavtt.com\/randonnee-vtt-gps-results\/region\/Bouches-du-Rhone-13\" target=\"_blank\" rel=\"noopener\">Utagawavtt<\/a> &#8211;<\/p>\n<p><span style=\"font-size: 14pt;\"><em><strong><a id=\"a59\"><\/a>59- Espace VTT 13<\/strong><\/em><\/span><\/p>\n<p style=\"text-align: center;\"><a href=\"https:\/\/www.departement13.fr\/fileadmin\/user_upload\/environnement\/Presentation_generale_VTT_.pdf\" target=\"_blank\" rel=\"noopener\"><img loading=\"lazy\" decoding=\"async\" class=\"aligncenter size-full wp-image-26542\" src=\"https:\/\/veloclubfaumont.fr\/wp-content\/uploads\/2021\/02\/Bouche-du-Rhone-VTT.jpg\" alt=\"\" width=\"2361\" height=\"1146\" srcset=\"https:\/\/veloclubfaumont.fr\/wp-content\/uploads\/2021\/02\/Bouche-du-Rhone-VTT.jpg 2361w, https:\/\/veloclubfaumont.fr\/wp-content\/uploads\/2021\/02\/Bouche-du-Rhone-VTT-300x146.jpg 300w, https:\/\/veloclubfaumont.fr\/wp-content\/uploads\/2021\/02\/Bouche-du-Rhone-VTT-1024x497.jpg 1024w, https:\/\/veloclubfaumont.fr\/wp-content\/uploads\/2021\/02\/Bouche-du-Rhone-VTT-768x373.jpg 768w, https:\/\/veloclubfaumont.fr\/wp-content\/uploads\/2021\/02\/Bouche-du-Rhone-VTT-1536x746.jpg 1536w, https:\/\/veloclubfaumont.fr\/wp-content\/uploads\/2021\/02\/Bouche-du-Rhone-VTT-2048x994.jpg 2048w\" sizes=\"auto, (max-width: 2361px) 100vw, 2361px\" \/><\/a>traces sur <a href=\"https:\/\/www.utagawavtt.com\/search\/auteur\/29423\" target=\"_blank\" rel=\"noopener\">utagawavtt<\/a><\/p>\n<p style=\"text-align: justify;\">6 Secteurs : <em><strong>Pichauris &#8211; Roques-Hautes &#8211; Fontblanche &#8211; Taulisson &#8211; Caireval &#8211; La Sinne Puits d&rsquo;Auzon<\/strong><\/em><\/p>\n<p style=\"text-align: center;\"><a href=\"https:\/\/www.departement13.fr\/nos-actions\/environnement\/parcs-et-domaines-departementaux\/les-rando-vtt\/\" target=\"_blank\" rel=\"noopener\">Site officiel du D\u00e9partement<\/a> &#8211; <a href=\"http:\/\/www.vttdugarlaban.com\/cyclisme\/parcours-vtt\/\" target=\"_blank\" rel=\"noopener\">VTT du Garlaban<\/a> &#8211;<\/p>\n<p><span class=\"embed-youtube\" style=\"text-align:center; display: block;\"><iframe loading=\"lazy\" class=\"youtube-player\" width=\"640\" height=\"360\" src=\"https:\/\/www.youtube.com\/embed\/RaRL2CZUdSs?version=3&#038;rel=1&#038;showsearch=0&#038;showinfo=1&#038;iv_load_policy=1&#038;fs=1&#038;hl=fr-FR&#038;autohide=2&#038;wmode=transparent\" allowfullscreen=\"true\" style=\"border:0;\" sandbox=\"allow-scripts allow-same-origin allow-popups allow-presentation\"><\/iframe><\/span><\/p>\n<hr>\n<p><span style=\"font-size: 18pt;\"><strong>Var (83)<\/strong><\/span><\/p>\n<p style=\"text-align: center;\">des circuits sur <a href=\"https:\/\/www.komoot.fr\/guide\/65816\/circuits-de-rando-vtt-autour-du-var\" target=\"_blank\" rel=\"noopener\">Komoot<\/a> &#8211; <a href=\"https:\/\/www.outdooractive.com\/fr\/parcours-vtt\/var\/parcours-vtt-var\/11133356\/#gref\" target=\"_blank\" rel=\"noopener\">outdooractive<\/a> &#8211; <a href=\"https:\/\/www.randovtt.com\/traces-randonnees-vtt\/gps\/var_95.html\" target=\"_blank\" rel=\"noopener\">randos dans le Var<\/a> &#8211; <a href=\"https:\/\/www.visocyclo.fr\/parcours-83-var.html\" target=\"_blank\" rel=\"noopener\">visocyclo<\/a><\/p>\n<p><span style=\"font-size: 14pt;\"><em><strong><a id=\"a60\"><\/a>60- Drailles et Bancaus du Verdon<\/strong><\/em><\/span><\/p>\n<p><a href=\"https:\/\/ginasservis.fr\/espace-vtt-provence-verdon\/\" target=\"_blank\" rel=\"noopener\">circuits Ginasservis<\/a> &#8211; <a href=\"https:\/\/aumasdulac.fr\/wp-content\/uploads\/2017\/12\/randonnees-VTT-Bauduen.pdf\" target=\"_blank\" rel=\"noopener\">circuits autour du Bauduen<\/a> &#8211;<\/p>\n<p><span class=\"embed-youtube\" style=\"text-align:center; display: block;\"><iframe loading=\"lazy\" class=\"youtube-player\" width=\"640\" height=\"360\" src=\"https:\/\/www.youtube.com\/embed\/KbZAjoyYmgI?version=3&#038;rel=1&#038;showsearch=0&#038;showinfo=1&#038;iv_load_policy=1&#038;fs=1&#038;hl=fr-FR&#038;autohide=2&#038;wmode=transparent\" allowfullscreen=\"true\" style=\"border:0;\" sandbox=\"allow-scripts allow-same-origin allow-popups allow-presentation\"><\/iframe><\/span><\/p>\n<p><span style=\"font-size: 14pt;\"><em><strong><a id=\"a61\"><\/a>61- Hy\u00e8res &#8211; Les Iles d&rsquo;Or<\/strong><\/em><\/span><\/p>\n<p><a href=\"https:\/\/sitesvtt.ffc.fr\/sites\/hyeres-les-iles-dor-6\/\" target=\"_blank\" rel=\"noopener\">Site de la FFC<\/a> &#8211; <a href=\"https:\/\/www.hyeres.fr\/vtt-courses-dorientation\" target=\"_blank\" rel=\"noopener\">Site de la ville<\/a> &#8211; <a href=\"https:\/\/www.outdooractive.com\/fr\/list\/hyeres-les-iles-d-or-site-vtt-ffc\/128664614\/#gref\" target=\"_blank\" rel=\"noopener\">outdooractive<\/a> &#8211;<\/p>\n<p><span class=\"embed-youtube\" style=\"text-align:center; display: block;\"><iframe loading=\"lazy\" class=\"youtube-player\" width=\"640\" height=\"360\" src=\"https:\/\/www.youtube.com\/embed\/eT7JibrrEhM?version=3&#038;rel=1&#038;showsearch=0&#038;showinfo=1&#038;iv_load_policy=1&#038;fs=1&#038;hl=fr-FR&#038;autohide=2&#038;start=67&#038;wmode=transparent\" allowfullscreen=\"true\" style=\"border:0;\" sandbox=\"allow-scripts allow-same-origin allow-popups allow-presentation\"><\/iframe><\/span><\/p>\n<p><span style=\"font-size: 14pt;\"><em><strong><a id=\"a62\"><\/a>62- Est\u00e9rel<\/strong><\/em><\/span><\/p>\n<p><a href=\"https:\/\/circuits.esterel-cotedazur.com\/parcours-vtt\/\" target=\"_blank\" rel=\"noopener\">Site Office de Tourisme<\/a> &#8211; Autour de Fr\u00e9jus sur <a href=\"https:\/\/www.outdooractive.com\/fr\/parcours-vtt\/frejus\/parcours-vtt-frejus\/14668762\/#gref\" target=\"_blank\" rel=\"noopener\">Outdooractive<\/a> &#8211;<\/p>\n<p><span class=\"embed-youtube\" style=\"text-align:center; display: block;\"><iframe loading=\"lazy\" class=\"youtube-player\" width=\"640\" height=\"360\" src=\"https:\/\/www.youtube.com\/embed\/EeYFiB8Mggs?version=3&#038;rel=1&#038;showsearch=0&#038;showinfo=1&#038;iv_load_policy=1&#038;fs=1&#038;hl=fr-FR&#038;autohide=2&#038;wmode=transparent\" allowfullscreen=\"true\" style=\"border:0;\" sandbox=\"allow-scripts allow-same-origin allow-popups allow-presentation\"><\/iframe><\/span><\/p>\n<hr>\n<p><span style=\"font-size: 18pt;\"><strong>Alpes Maritimes (06)<\/strong><\/span><\/p>\n<p style=\"text-align: center;\">Circuits VTT sur <a href=\"https:\/\/randoxygene.departement06.fr\/vtt-8931.html\" target=\"_blank\" rel=\"noopener\">RandOxyg\u00e8ne<\/a> &#8211; <a href=\"https:\/\/www.outdooractive.com\/fr\/parcours-vtt\/alpes-maritimes\/parcours-vtt-dans-les-alpes-maritimes\/9450161\/\" target=\"_blank\" rel=\"noopener\">outdooractive<\/a> &#8211; <a href=\"https:\/\/www.cirkwi.com\/fr\/filtres-3e\/circuit\/vtt\/france\/provence-alpes-c%C3%B4te%20d'azur\/alpes-maritimes\" target=\"_blank\" rel=\"noopener\">cirkwi<\/a> &#8211;<\/p>\n<p><span style=\"font-size: 14pt;\"><em><strong><a id=\"a63\"><\/a>63- M\u00e9tropole Nice C\u00f4te d&rsquo;Azur<\/strong><\/em><\/span><\/p>\n<p><a href=\"https:\/\/sitesvtt.ffc.fr\/sites\/nice-metropole-cote-dazur-terre-de-velo\/\" target=\"_blank\" rel=\"noopener\">Site de la FFC<\/a> &#8211; Circuits sur <a href=\"http:\/\/vtt.nicecotedazur.org\/index.php\/les-domaines-vtt\/parcours-de-randonnees\" target=\"_blank\" rel=\"noopener\">le site officiel<\/a> &#8211;<\/p>\n<p><span class=\"embed-youtube\" style=\"text-align:center; display: block;\"><iframe loading=\"lazy\" class=\"youtube-player\" width=\"640\" height=\"360\" src=\"https:\/\/www.youtube.com\/embed\/2JJSdRdkEGA?version=3&#038;rel=1&#038;showsearch=0&#038;showinfo=1&#038;iv_load_policy=1&#038;fs=1&#038;hl=fr-FR&#038;autohide=2&#038;wmode=transparent\" allowfullscreen=\"true\" style=\"border:0;\" sandbox=\"allow-scripts allow-same-origin allow-popups allow-presentation\"><\/iframe><\/span><\/p>\n<p><span style=\"font-size: 14pt;\"><em><strong><a id=\"a64\"><\/a>64- Parc des Monts d&rsquo;Azur<\/strong><\/em><\/span><\/p>\n<p style=\"text-align: center;\"><img loading=\"lazy\" decoding=\"async\" class=\"alignnone size-full\" src=\"https:\/\/www.1001sentiers.fr\/wp-content\/uploads\/2017\/09\/plan-parcours-site-vtt-parc-monts-azur-st-auban.jpg\" width=\"1300\" height=\"908\"><\/p>\n<p style=\"text-align: center;\"><a href=\"https:\/\/sitesvtt.ffc.fr\/sites\/vtt-parc-des-monts-dazur\/\" target=\"_blank\" rel=\"noopener\">Site FFC<\/a> &#8211; <a href=\"https:\/\/www.outdooractive.com\/fr\/list\/parc-des-monts-d-azur-site-vtt-ffc\/128664564\/\" target=\"_blank\" rel=\"noopener\">Outdooractive<\/a> &#8211; reportage sur le site par <a href=\"https:\/\/veloclubfaumont.fr\/index.php\/2021\/01\/17\/sur-les-traces-du-chicon-bike-tour\/\" target=\"_blank\" rel=\"noopener\">1001 Sentiers<\/a> &#8211; 5 circuits sur <a href=\"https:\/\/espaces-rbikes.com\/fr\/stations\/vtt-parc-des-monts-dazur\/parcours\" target=\"_blank\" rel=\"noopener\">espacesrbike<\/a> &#8211;<\/p>\n<p><span class=\"embed-youtube\" style=\"text-align:center; display: block;\"><iframe loading=\"lazy\" class=\"youtube-player\" width=\"640\" height=\"360\" src=\"https:\/\/www.youtube.com\/embed\/aSb9jWH7PqQ?version=3&#038;rel=1&#038;showsearch=0&#038;showinfo=1&#038;iv_load_policy=1&#038;fs=1&#038;hl=fr-FR&#038;autohide=2&#038;wmode=transparent\" allowfullscreen=\"true\" style=\"border:0;\" sandbox=\"allow-scripts allow-same-origin allow-popups allow-presentation\"><\/iframe><\/span><\/p>\n<p><span style=\"font-size: 14pt;\"><em><strong><a id=\"a65\"><\/a>65- Sospel, Vall\u00e9e de la B\u00e9v\u00e9ra<\/strong><\/em><\/span><\/p>\n<p><a href=\"https:\/\/sitesvtt.ffc.fr\/sites\/sospel-vallee-de-la-bevera-6\/\" target=\"_blank\" rel=\"noopener\">Site de la FFC<\/a> &#8211; <a href=\"https:\/\/www.outdooractive.com\/fr\/list\/sospel-vallee-de-la-bevera-site-vtt-ffc\/128664573\/\" target=\"_blank\" rel=\"noopener\">Outdooractive<\/a> &#8211; autour de Sospel sur <a href=\"https:\/\/www.visugpx.com\/itineraires\/vtt\/alpes-maritimes\/sospel\/\" target=\"_blank\" rel=\"noopener\">Visugpx<\/a> &#8211;<\/p>\n<p><span class=\"embed-youtube\" style=\"text-align:center; display: block;\"><iframe loading=\"lazy\" class=\"youtube-player\" width=\"640\" height=\"360\" src=\"https:\/\/www.youtube.com\/embed\/4kJAX_s7t-g?version=3&#038;rel=1&#038;showsearch=0&#038;showinfo=1&#038;iv_load_policy=1&#038;fs=1&#038;hl=fr-FR&#038;autohide=2&#038;wmode=transparent\" allowfullscreen=\"true\" style=\"border:0;\" sandbox=\"allow-scripts allow-same-origin allow-popups allow-presentation\"><\/iframe><\/span><\/p>\n<p><span style=\"font-size: 14pt;\"><em><strong><a id=\"a66\"><\/a>66- Valberg<\/strong><\/em><\/span><\/p>\n<p style=\"text-align: justify;\"><a href=\"https:\/\/www.recreanice.fr\/sites\/default\/files\/node_images\/plan-vtt-web.pdf\" target=\"_blank\" rel=\"noopener\"><img loading=\"lazy\" decoding=\"async\" class=\"aligncenter size-full wp-image-26555\" src=\"https:\/\/veloclubfaumont.fr\/wp-content\/uploads\/2021\/02\/Valberg.jpg\" alt=\"\" width=\"1683\" height=\"1164\" srcset=\"https:\/\/veloclubfaumont.fr\/wp-content\/uploads\/2021\/02\/Valberg.jpg 1683w, https:\/\/veloclubfaumont.fr\/wp-content\/uploads\/2021\/02\/Valberg-300x207.jpg 300w, https:\/\/veloclubfaumont.fr\/wp-content\/uploads\/2021\/02\/Valberg-1024x708.jpg 1024w, https:\/\/veloclubfaumont.fr\/wp-content\/uploads\/2021\/02\/Valberg-768x531.jpg 768w, https:\/\/veloclubfaumont.fr\/wp-content\/uploads\/2021\/02\/Valberg-1536x1062.jpg 1536w\" sizes=\"auto, (max-width: 1683px) 100vw, 1683px\" \/><\/a><br \/>\nPr\u00e9sentation des circuits sur <a href=\"https:\/\/www.recreanice.fr\/vtt-valberg-parcours-descente-velo-nature\" target=\"_blank\" rel=\"noopener\">le site touristique de Nice<\/a> &#8211; <a href=\"https:\/\/www.valberg.com\/itineraires-rando-vtt.html\" target=\"_blank\" rel=\"noopener\">Site officiel<\/a> (avec traces KLM) &#8211; traces sur <a href=\"https:\/\/www.utagawavtt.com\/search\/auteur\/162279\" target=\"_blank\" rel=\"noopener\">Utagawavtt<\/a> &#8211;<\/p>\n<p><span class=\"embed-youtube\" style=\"text-align:center; display: block;\"><iframe loading=\"lazy\" class=\"youtube-player\" width=\"640\" height=\"360\" src=\"https:\/\/www.youtube.com\/embed\/lj2xsP6jQRo?version=3&#038;rel=1&#038;showsearch=0&#038;showinfo=1&#038;iv_load_policy=1&#038;fs=1&#038;hl=fr-FR&#038;autohide=2&#038;wmode=transparent\" allowfullscreen=\"true\" style=\"border:0;\" sandbox=\"allow-scripts allow-same-origin allow-popups allow-presentation\"><\/iframe><\/span><\/p>\n<p style=\"text-align: center;\">Bike Park de Valberg :<\/p>\n<p><span class=\"embed-youtube\" style=\"text-align:center; display: block;\"><iframe loading=\"lazy\" class=\"youtube-player\" width=\"640\" height=\"360\" src=\"https:\/\/www.youtube.com\/embed\/-zSXaVsafPY?version=3&#038;rel=1&#038;showsearch=0&#038;showinfo=1&#038;iv_load_policy=1&#038;fs=1&#038;hl=fr-FR&#038;autohide=2&#038;wmode=transparent\" allowfullscreen=\"true\" style=\"border:0;\" sandbox=\"allow-scripts allow-same-origin allow-popups allow-presentation\"><\/iframe><\/span><\/p>\n<hr>\n<p><strong><span style=\"font-size: 18pt;\">DIVERS :<\/span><\/strong><\/p>\n<p style=\"text-align: justify;\">Quelques reportages photos sur les circuits proven\u00e7aux sur le blog \u00ab\u00a0<a href=\"http:\/\/sentiersbattus.canalblog.com\/archives\/vtt\/index.html\" target=\"_blank\" rel=\"noopener\">Sentiers Battus<\/a>\u00ab\u00a0<\/p>\n<p><a href=\"https:\/\/circuits.esterel-cotedazur.com\/parcours-vtt\/\" target=\"_blank\" rel=\"noopener\">Circuits VTT dans l&rsquo;Est\u00e9rel<\/a> &#8211;<\/p>\n<p>Les 5 plus beaux parcours VTT de la C\u00f4te d&rsquo;Azur d&rsquo;<a href=\"https:\/\/isabellefabre.fr\/les-5-plus-beaux-parcours-vtt-de-la-cote-dazur\/\" target=\"_blank\" rel=\"noopener\">Isabelle Fabre<\/a><\/p>\n<p><span class=\"embed-youtube\" style=\"text-align:center; display: block;\"><iframe loading=\"lazy\" class=\"youtube-player\" width=\"640\" height=\"360\" src=\"https:\/\/www.youtube.com\/embed\/ST5OlauJvJ8?version=3&#038;rel=1&#038;showsearch=0&#038;showinfo=1&#038;iv_load_policy=1&#038;fs=1&#038;hl=fr-FR&#038;autohide=2&#038;wmode=transparent\" allowfullscreen=\"true\" style=\"border:0;\" sandbox=\"allow-scripts allow-same-origin allow-popups allow-presentation\"><\/iframe><\/span><\/p>\n<p>&nbsp;<\/p>\n<hr>\n<p>&nbsp;<\/p>\n","protected":false},"excerpt":{"rendered":"<p>Apr\u00e8s les r\u00e9gions Hauts de France, Grand Centre, Grand Est, Bretagne, Normandie, le Grand-Ouest, et le Grand Sud-Ouest (partie 1 + partie 2), voici maintenant la zone Grand-Est. Comme dans&#8230;<\/p>\n","protected":false},"author":1,"featured_media":26557,"comment_status":"open","ping_status":"open","sticky":false,"template":"","format":"standard","meta":{"ngg_post_thumbnail":0,"jetpack_post_was_ever_published":false,"_jetpack_newsletter_access":"","two_page_speed":[],"footnotes":"","jetpack_publicize_message":"","jetpack_is_tweetstorm":false,"jetpack_publicize_feature_enabled":true,"jetpack_social_post_already_shared":true,"jetpack_social_options":{"image_generator_settings":{"template":"highway","enabled":false}}},"categories":[32],"tags":[],"class_list":["post-26420","post","type-post","status-publish","format-standard","has-post-thumbnail","hentry","category-bases-et-circuits-vtt-en-france"],"jetpack_publicize_connections":[],"jetpack_featured_media_url":"https:\/\/veloclubfaumont.fr\/wp-content\/uploads\/2021\/02\/terres-noires-vtt-.jpg","jetpack_sharing_enabled":true,"jetpack_shortlink":"https:\/\/wp.me\/p8bXJp-6S8","_links":{"self":[{"href":"https:\/\/veloclubfaumont.fr\/index.php\/wp-json\/wp\/v2\/posts\/26420","targetHints":{"allow":["GET"]}}],"collection":[{"href":"https:\/\/veloclubfaumont.fr\/index.php\/wp-json\/wp\/v2\/posts"}],"about":[{"href":"https:\/\/veloclubfaumont.fr\/index.php\/wp-json\/wp\/v2\/types\/post"}],"author":[{"embeddable":true,"href":"https:\/\/veloclubfaumont.fr\/index.php\/wp-json\/wp\/v2\/users\/1"}],"replies":[{"embeddable":true,"href":"https:\/\/veloclubfaumont.fr\/index.php\/wp-json\/wp\/v2\/comments?post=26420"}],"version-history":[{"count":3,"href":"https:\/\/veloclubfaumont.fr\/index.php\/wp-json\/wp\/v2\/posts\/26420\/revisions"}],"predecessor-version":[{"id":58009,"href":"https:\/\/veloclubfaumont.fr\/index.php\/wp-json\/wp\/v2\/posts\/26420\/revisions\/58009"}],"wp:featuredmedia":[{"embeddable":true,"href":"https:\/\/veloclubfaumont.fr\/index.php\/wp-json\/wp\/v2\/media\/26557"}],"wp:attachment":[{"href":"https:\/\/veloclubfaumont.fr\/index.php\/wp-json\/wp\/v2\/media?parent=26420"}],"wp:term":[{"taxonomy":"category","embeddable":true,"href":"https:\/\/veloclubfaumont.fr\/index.php\/wp-json\/wp\/v2\/categories?post=26420"},{"taxonomy":"post_tag","embeddable":true,"href":"https:\/\/veloclubfaumont.fr\/index.php\/wp-json\/wp\/v2\/tags?post=26420"}],"curies":[{"name":"wp","href":"https:\/\/api.w.org\/{rel}","templated":true}]}}