{"id":27293,"date":"2021-08-28T11:23:04","date_gmt":"2021-08-28T09:23:04","guid":{"rendered":"http:\/\/veloclubfaumont.fr\/?p=27293"},"modified":"2022-05-07T11:36:10","modified_gmt":"2022-05-07T09:36:10","slug":"nocturne-vtt-faumont-2021-les-photos","status":"publish","type":"post","link":"https:\/\/veloclubfaumont.fr\/index.php\/2021\/08\/28\/nocturne-vtt-faumont-2021-les-photos\/","title":{"rendered":"Nocturne VTT Faumont 2021 : les photos"},"content":{"rendered":"<div dir=\"auto\">Le Pr\u00e9sident Denis Raton et toute l&rsquo;\u00e9quipe du VCF remercient les 542 randonneurs qui ont roul\u00e9 hier soir autour de Faumont. Cela fait plaisir de vous retrouver dans une sortie organis\u00e9e et que celle-ci se soit pass\u00e9e sous les meilleurs auspices. Tout le monde avait l&rsquo;air ravi au retour. On esp\u00e8re vous retrouver en janvier 2022 pour notre Chicon Bike Tour. On croise les doigts&#8230;<\/div>\n<div dir=\"auto\">&nbsp;<\/div>\n<div dir=\"auto\">En attendant, voici les liens pour voir les photos que Louise a prises durant la soir\u00e9e&#8230; En esp\u00e9rant que vous soyez dedans&#8230; et pas flou ! \ud83d\ude42<\/div>\n<div dir=\"auto\">&nbsp;<\/div>\n<div dir=\"auto\" style=\"text-align: center;\"><a href=\"https:\/\/veloclubfaumont.fr\/wp-content\/uploads\/2021\/08\/IMG_20210828_010432.jpg\"><img loading=\"lazy\" decoding=\"async\" class=\"aligncenter size-full wp-image-27294\" src=\"https:\/\/veloclubfaumont.fr\/wp-content\/uploads\/2021\/08\/IMG_20210828_010432.jpg\" alt=\"\" width=\"1166\" height=\"874\" srcset=\"https:\/\/veloclubfaumont.fr\/wp-content\/uploads\/2021\/08\/IMG_20210828_010432.jpg 1166w, https:\/\/veloclubfaumont.fr\/wp-content\/uploads\/2021\/08\/IMG_20210828_010432-300x225.jpg 300w, https:\/\/veloclubfaumont.fr\/wp-content\/uploads\/2021\/08\/IMG_20210828_010432-1024x768.jpg 1024w, https:\/\/veloclubfaumont.fr\/wp-content\/uploads\/2021\/08\/IMG_20210828_010432-768x576.jpg 768w\" sizes=\"auto, (max-width: 1166px) 100vw, 1166px\" \/><\/a><em>apr\u00e8s l&rsquo;effort, le r\u00e9confort pour le VCF&#8230;. \ud83d\ude09<\/em><\/div>\n<div dir=\"auto\">&nbsp;<\/div>\n<div dir=\"auto\">&nbsp;<\/div>\n<div dir=\"auto\">Bravo au benjamin du grand parcours d&rsquo;\u00e0 peine 13 ans qui s&rsquo;est perdu sur le chemin de la 50, au lieu de suivre la 25 pr\u00e9vue&#8230; Les parents ont eu peur quelques tr\u00e8s longues minutes de ne plus avoir de nouvelles, mais on a fini par le retrouver sur les hauteurs de Mons en P\u00e9v\u00e8le. Tout s&rsquo;est donc heureusement bien termin\u00e9 !<\/div>\n<div dir=\"auto\">&nbsp;<\/div>\n<div dir=\"auto\" style=\"text-align: center;\"><a href=\"https:\/\/veloclubfaumont.fr\/wp-content\/uploads\/2021\/08\/DSC_0375_resultat.jpg\"><img loading=\"lazy\" decoding=\"async\" class=\"aligncenter size-full wp-image-27299\" src=\"https:\/\/veloclubfaumont.fr\/wp-content\/uploads\/2021\/08\/DSC_0375_resultat.jpg\" alt=\"\" width=\"1382\" height=\"921\" srcset=\"https:\/\/veloclubfaumont.fr\/wp-content\/uploads\/2021\/08\/DSC_0375_resultat.jpg 1382w, https:\/\/veloclubfaumont.fr\/wp-content\/uploads\/2021\/08\/DSC_0375_resultat-300x200.jpg 300w, https:\/\/veloclubfaumont.fr\/wp-content\/uploads\/2021\/08\/DSC_0375_resultat-1024x682.jpg 1024w, https:\/\/veloclubfaumont.fr\/wp-content\/uploads\/2021\/08\/DSC_0375_resultat-768x512.jpg 768w\" sizes=\"auto, (max-width: 1382px) 100vw, 1382px\" \/><\/a><em>tout le monde a applaudi pour ce bel exploit&#8230; malencontreux !<\/em><\/div>\n<div dir=\"auto\" style=\"text-align: center;\">&nbsp;<\/div>\n<div dir=\"auto\" style=\"text-align: center;\"><strong>les 3 Albums Google :<\/strong><\/div>\n<div dir=\"auto\" style=\"text-align: center;\">&nbsp;<\/div>\n<div dir=\"auto\" style=\"text-align: center;\"><a href=\"https:\/\/photos.app.goo.gl\/4iZY5wVV7Ja5DjGZ7\" target=\"_blank\" rel=\"noopener\">Accueil Salle<\/a> &#8211;&nbsp; <a href=\"https:\/\/photos.app.goo.gl\/qsng2ysfuuQGwroN9\" target=\"_blank\" rel=\"noopener\">Sortie Voie Verte<\/a> &#8211; <a href=\"https:\/\/photos.app.goo.gl\/yGyrHNHdCecaJqro7\" target=\"_blank\" rel=\"noopener\">Retour Salle<\/a><\/div>\n<div dir=\"auto\" style=\"text-align: center;\">&nbsp;<\/div>\n<div dir=\"auto\" style=\"text-align: center;\"><strong>les 3 Albums Facebook : <\/strong><\/div>\n<div dir=\"auto\" style=\"text-align: center;\">&nbsp;<\/div>\n<div dir=\"auto\" style=\"text-align: center;\">\n<div dir=\"auto\"><a href=\"https:\/\/www.facebook.com\/media\/set\/?vanity=veloclubfaumont&amp;set=a.2885365478391001\" target=\"_blank\" rel=\"noopener\">Accueil Salle<\/a> &#8211; <a href=\"https:\/\/www.facebook.com\/media\/set?vanity=veloclubfaumont&amp;set=a.2885381945056021\" target=\"_blank\" rel=\"noopener\">Sortie Voie Verte<\/a> &#8211; <a href=\"https:\/\/www.facebook.com\/media\/set\/?vanity=veloclubfaumont&amp;set=a.2885387361722146\" target=\"_blank\" rel=\"noopener\">Retour Salle<\/a><\/div>\n<\/div>\n<div dir=\"auto\">&nbsp;<\/div>\n<div dir=\"auto\" style=\"text-align: center;\"><a href=\"https:\/\/veloclubfaumont.fr\/wp-content\/uploads\/2021\/08\/faumont-nocturne-vtt-2021-09-06.jpg\"><img loading=\"lazy\" decoding=\"async\" class=\"aligncenter size-full wp-image-27325\" src=\"https:\/\/veloclubfaumont.fr\/wp-content\/uploads\/2021\/08\/faumont-nocturne-vtt-2021-09-06.jpg\" alt=\"\" width=\"447\" height=\"630\" srcset=\"https:\/\/veloclubfaumont.fr\/wp-content\/uploads\/2021\/08\/faumont-nocturne-vtt-2021-09-06.jpg 447w, https:\/\/veloclubfaumont.fr\/wp-content\/uploads\/2021\/08\/faumont-nocturne-vtt-2021-09-06-213x300.jpg 213w\" sizes=\"auto, (max-width: 447px) 100vw, 447px\" \/><\/a><\/div>\n<div dir=\"auto\" style=\"text-align: center;\">&nbsp;<\/div>\n<div dir=\"auto\" style=\"text-align: center;\"><strong>Les Vid\u00e9os :<\/strong><\/div>\n<div dir=\"auto\">&nbsp;<\/div>\n<div dir=\"auto\" style=\"text-align: center;\"><span style=\"color: #ff0000;\">NEW : la vid\u00e9o de Ludoflam :<\/span><\/div>\n<div dir=\"auto\">&nbsp;<\/div>\n<div dir=\"auto\">\n<p><span class=\"embed-youtube\" style=\"text-align:center; display: block;\"><iframe loading=\"lazy\" class=\"youtube-player\" width=\"640\" height=\"360\" src=\"https:\/\/www.youtube.com\/embed\/WwYXDM6my30?version=3&#038;rel=1&#038;showsearch=0&#038;showinfo=1&#038;iv_load_policy=1&#038;fs=1&#038;hl=fr-FR&#038;autohide=2&#038;wmode=transparent\" allowfullscreen=\"true\" style=\"border:0;\" sandbox=\"allow-scripts allow-same-origin allow-popups allow-presentation\"><\/iframe><\/span><\/p>\n<\/div>\n<div dir=\"auto\">&nbsp;<\/div>\n<div dir=\"auto\" style=\"text-align: center;\">Voici la vid\u00e9o de Greg du VCF qui r\u00e9sume bien la soir\u00e9e :<\/div>\n<div dir=\"auto\">&nbsp;<\/div>\n<div dir=\"auto\" style=\"text-align: center;\">\n<p><span class=\"embed-youtube\" style=\"text-align:center; display: block;\"><iframe loading=\"lazy\" class=\"youtube-player\" width=\"640\" height=\"360\" src=\"https:\/\/www.youtube.com\/embed\/5LjT_b8PYK0?version=3&#038;rel=1&#038;showsearch=0&#038;showinfo=1&#038;iv_load_policy=1&#038;fs=1&#038;hl=fr-FR&#038;autohide=2&#038;wmode=transparent\" allowfullscreen=\"true\" style=\"border:0;\" sandbox=\"allow-scripts allow-same-origin allow-popups allow-presentation\"><\/iframe><\/span><\/p>\n<\/div>\n<p>Nouveaut\u00e9 :<\/p>\n<p><span class=\"embed-youtube\" style=\"text-align:center; display: block;\"><iframe loading=\"lazy\" class=\"youtube-player\" width=\"640\" height=\"360\" src=\"https:\/\/www.youtube.com\/embed\/KkLdZIopbY0?version=3&#038;rel=1&#038;showsearch=0&#038;showinfo=1&#038;iv_load_policy=1&#038;fs=1&#038;hl=fr-FR&#038;autohide=2&#038;wmode=transparent\" allowfullscreen=\"true\" style=\"border:0;\" sandbox=\"allow-scripts allow-same-origin allow-popups allow-presentation\"><\/iframe><\/span><\/p>\n<p>PS : Si vous avez des vid\u00e9os, des reportages photos ou autres que vous voudriez faire partager, n&rsquo;h\u00e9sitez pas \u00e0 nous <a href=\"vcfaumont@gmail.com\" target=\"_blank\" rel=\"noopener\">contacter<\/a> pour les ajouter ici \ud83d\ude09<\/p>\n<p>Toute l&rsquo;\u00e9quipe du V\u00e9loclub Faumontois<\/p>\n","protected":false},"excerpt":{"rendered":"<p>Le Pr\u00e9sident Denis Raton et toute l&rsquo;\u00e9quipe du VCF remercient les 542 randonneurs qui ont roul\u00e9 hier soir autour de Faumont. Cela fait plaisir de vous retrouver dans une sortie&#8230;<\/p>\n","protected":false},"author":1,"featured_media":27295,"comment_status":"open","ping_status":"open","sticky":false,"template":"","format":"standard","meta":{"ngg_post_thumbnail":0,"jetpack_post_was_ever_published":false,"_jetpack_newsletter_access":"","two_page_speed":[],"footnotes":"","jetpack_publicize_message":"","jetpack_is_tweetstorm":false,"jetpack_publicize_feature_enabled":true,"jetpack_social_post_already_shared":true,"jetpack_social_options":{"image_generator_settings":{"template":"highway","enabled":false}}},"categories":[22],"tags":[],"class_list":["post-27293","post","type-post","status-publish","format-standard","has-post-thumbnail","hentry","category-notre-nocturne-vtt"],"jetpack_publicize_connections":[],"jetpack_featured_media_url":"https:\/\/veloclubfaumont.fr\/wp-content\/uploads\/2021\/08\/IMG_20210827_222205.jpg","jetpack_sharing_enabled":true,"jetpack_shortlink":"https:\/\/wp.me\/p8bXJp-76d","_links":{"self":[{"href":"https:\/\/veloclubfaumont.fr\/index.php\/wp-json\/wp\/v2\/posts\/27293","targetHints":{"allow":["GET"]}}],"collection":[{"href":"https:\/\/veloclubfaumont.fr\/index.php\/wp-json\/wp\/v2\/posts"}],"about":[{"href":"https:\/\/veloclubfaumont.fr\/index.php\/wp-json\/wp\/v2\/types\/post"}],"author":[{"embeddable":true,"href":"https:\/\/veloclubfaumont.fr\/index.php\/wp-json\/wp\/v2\/users\/1"}],"replies":[{"embeddable":true,"href":"https:\/\/veloclubfaumont.fr\/index.php\/wp-json\/wp\/v2\/comments?post=27293"}],"version-history":[{"count":0,"href":"https:\/\/veloclubfaumont.fr\/index.php\/wp-json\/wp\/v2\/posts\/27293\/revisions"}],"wp:featuredmedia":[{"embeddable":true,"href":"https:\/\/veloclubfaumont.fr\/index.php\/wp-json\/wp\/v2\/media\/27295"}],"wp:attachment":[{"href":"https:\/\/veloclubfaumont.fr\/index.php\/wp-json\/wp\/v2\/media?parent=27293"}],"wp:term":[{"taxonomy":"category","embeddable":true,"href":"https:\/\/veloclubfaumont.fr\/index.php\/wp-json\/wp\/v2\/categories?post=27293"},{"taxonomy":"post_tag","embeddable":true,"href":"https:\/\/veloclubfaumont.fr\/index.php\/wp-json\/wp\/v2\/tags?post=27293"}],"curies":[{"name":"wp","href":"https:\/\/api.w.org\/{rel}","templated":true}]}}