{"id":27781,"date":"2022-01-23T15:46:19","date_gmt":"2022-01-23T14:46:19","guid":{"rendered":"http:\/\/veloclubfaumont.fr\/?p=27781"},"modified":"2022-01-23T15:46:20","modified_gmt":"2022-01-23T14:46:20","slug":"phalempin-et-terril-de-raches","status":"publish","type":"post","link":"https:\/\/veloclubfaumont.fr\/index.php\/2022\/01\/23\/phalempin-et-terril-de-raches\/","title":{"rendered":"Phalempin et Terril de R\u00e2ches"},"content":{"rendered":"<div class=\"\" dir=\"auto\">\n<div id=\"jsc_c_3nn\" class=\"ecm0bbzt hv4rvrfc ihqw7lf3 dati1w0a\" data-ad-comet-preview=\"message\" data-ad-preview=\"message\">\n<div class=\"j83agx80 cbu4d94t ew0dbk1b irj2b8pg\">\n<div class=\"qzhwtbm6 knvmm38d\">\n<div class=\"kvgmc6g5 cxmmr5t8 oygrvhab hcukyx3x c1et5uql ii04i59q\">\n<div dir=\"auto\">Ce dimanche matin, les VTT du VCF \u00e9taient du c\u00f4t\u00e9 de la for\u00eat de Phalempin et du Terril de R\u00e2ches. Une bonne 40aine de km sous un ciel bien gris&#8230; mais sans vent ni pluie. Bon, les chemins ne sont pas encore secs&#8230; loin de l\u00e0, mais les conditions m\u00e9t\u00e9os \u00e9taient favorables malgr\u00e9 une temp\u00e9rature au d\u00e9part assez fra\u00eeche proche des 3\u00b0C.<\/div>\n<div dir=\"auto\">&nbsp;<\/div>\n<div dir=\"auto\">Mis \u00e0 part le franchissement de 2 foss\u00e9s, les singles choisis dans Phalempin \u00e9taient ma foi assez propres et donc tr\u00e8s ludiques. Pour retrouver la seconde partie technique de la matin\u00e9e, on passera par le Bois des Sorci\u00e8res&#8230;.<\/div>\n<div dir=\"auto\">&nbsp;<\/div>\n<\/div>\n<\/div>\n<div dir=\"auto\" style=\"text-align: center;\"><a href=\"https:\/\/veloclubfaumont.fr\/wp-content\/uploads\/2022\/01\/IMG_20220123_101906.jpg\"><img loading=\"lazy\" decoding=\"async\" class=\"aligncenter size-full wp-image-27784\" src=\"https:\/\/veloclubfaumont.fr\/wp-content\/uploads\/2022\/01\/IMG_20220123_101906.jpg\" alt=\"\" width=\"656\" height=\"875\" srcset=\"https:\/\/veloclubfaumont.fr\/wp-content\/uploads\/2022\/01\/IMG_20220123_101906.jpg 656w, https:\/\/veloclubfaumont.fr\/wp-content\/uploads\/2022\/01\/IMG_20220123_101906-225x300.jpg 225w\" sizes=\"auto, (max-width: 656px) 100vw, 656px\" \/><\/a><\/div>\n<div class=\"qzhwtbm6 knvmm38d\">\n<div class=\"kvgmc6g5 cxmmr5t8 oygrvhab hcukyx3x c1et5uql ii04i59q\">\n<div dir=\"auto\">&nbsp;<\/div>\n<div dir=\"auto\">Heureusement qu&rsquo;on l&rsquo;a travers\u00e9 en descente, car \u00e0 mi-parcours, les flaques d&rsquo;eau ont laiss\u00e9 place \u00e0 de belles parties aquatiques avec des trous bien profonds o\u00f9 l&rsquo;eau arrivait jusqu&rsquo;aux chaussures !!! Dommage qu&rsquo;on n&rsquo;ait pas fait de vid\u00e9o \u00e0 cet endroit !!!! Ouf, personne n&rsquo;a du mettre pieds \u00e0 terre&#8230; et c&rsquo;est tant mieux !!!<\/div>\n<\/div>\n<\/div>\n<div class=\"qzhwtbm6 knvmm38d\">\n<div class=\"kvgmc6g5 cxmmr5t8 oygrvhab hcukyx3x c1et5uql ii04i59q\">\n<div dir=\"auto\">&nbsp;<\/div>\n<div dir=\"auto\">Ensuite, direction le toujours tr\u00e8s sympathique terril des Paturelles de R\u00e2ches. Le lieu \u00e9tait occup\u00e9 par des chasseurs, mais ceux-ci avaient fini leur partie de chasse et nous ont aimablement laisser passer.<\/div>\n<div dir=\"auto\">&nbsp;<\/div>\n<\/div>\n<div dir=\"auto\"><a href=\"https:\/\/veloclubfaumont.fr\/wp-content\/uploads\/2022\/01\/IMG_20220123_101919.jpg\"><img loading=\"lazy\" decoding=\"async\" class=\"aligncenter size-full wp-image-27785\" src=\"https:\/\/veloclubfaumont.fr\/wp-content\/uploads\/2022\/01\/IMG_20220123_101919.jpg\" alt=\"\" width=\"1167\" height=\"875\" srcset=\"https:\/\/veloclubfaumont.fr\/wp-content\/uploads\/2022\/01\/IMG_20220123_101919.jpg 1167w, https:\/\/veloclubfaumont.fr\/wp-content\/uploads\/2022\/01\/IMG_20220123_101919-300x225.jpg 300w, https:\/\/veloclubfaumont.fr\/wp-content\/uploads\/2022\/01\/IMG_20220123_101919-1024x768.jpg 1024w, https:\/\/veloclubfaumont.fr\/wp-content\/uploads\/2022\/01\/IMG_20220123_101919-768x576.jpg 768w\" sizes=\"auto, (max-width: 1167px) 100vw, 1167px\" \/><\/a><\/div>\n<div class=\"kvgmc6g5 cxmmr5t8 oygrvhab hcukyx3x c1et5uql ii04i59q\">\n<div dir=\"auto\">&nbsp;<\/div>\n<div dir=\"auto\">Apr\u00e8s notre petit tour, on va voir Fred qui avait lourdement chut\u00e9 y&rsquo;a 2 semaines. Son \u00e9tat s&rsquo;am\u00e9liore doucement mais s\u00fbrement (quand on voit son \u00e9tat lors de son accident, on ne se pose plus la question sur l&rsquo;utilit\u00e9 ou non du casque).<\/div>\n<div dir=\"auto\">&nbsp;<\/div>\n<div dir=\"auto\">A la prochaine.<\/div>\n<div dir=\"auto\">&nbsp;<\/div>\n<div dir=\"auto\">Jean-Louis<\/div>\n<\/div>\n<\/div>\n<\/div>\n<\/div>\n<\/div>\n","protected":false},"excerpt":{"rendered":"<p>Ce dimanche matin, les VTT du VCF \u00e9taient du c\u00f4t\u00e9 de la for\u00eat de Phalempin et du Terril de R\u00e2ches. Une bonne 40aine de km sous un ciel bien gris&#8230;&#8230;<\/p>\n","protected":false},"author":1,"featured_media":27783,"comment_status":"open","ping_status":"open","sticky":false,"template":"","format":"standard","meta":{"ngg_post_thumbnail":0,"jetpack_post_was_ever_published":false,"_jetpack_newsletter_access":"","two_page_speed":[],"footnotes":"","jetpack_publicize_message":"","jetpack_is_tweetstorm":false,"jetpack_publicize_feature_enabled":true,"jetpack_social_post_already_shared":true,"jetpack_social_options":{"image_generator_settings":{"template":"highway","enabled":false}}},"categories":[38,11],"tags":[],"class_list":["post-27781","post","type-post","status-publish","format-standard","has-post-thumbnail","hentry","category-sorties-2022","category-sorties-locales"],"jetpack_publicize_connections":[],"jetpack_featured_media_url":"https:\/\/veloclubfaumont.fr\/wp-content\/uploads\/2022\/01\/IMG_20220123_101855.jpg","jetpack_sharing_enabled":true,"jetpack_shortlink":"https:\/\/wp.me\/p8bXJp-7e5","_links":{"self":[{"href":"https:\/\/veloclubfaumont.fr\/index.php\/wp-json\/wp\/v2\/posts\/27781","targetHints":{"allow":["GET"]}}],"collection":[{"href":"https:\/\/veloclubfaumont.fr\/index.php\/wp-json\/wp\/v2\/posts"}],"about":[{"href":"https:\/\/veloclubfaumont.fr\/index.php\/wp-json\/wp\/v2\/types\/post"}],"author":[{"embeddable":true,"href":"https:\/\/veloclubfaumont.fr\/index.php\/wp-json\/wp\/v2\/users\/1"}],"replies":[{"embeddable":true,"href":"https:\/\/veloclubfaumont.fr\/index.php\/wp-json\/wp\/v2\/comments?post=27781"}],"version-history":[{"count":0,"href":"https:\/\/veloclubfaumont.fr\/index.php\/wp-json\/wp\/v2\/posts\/27781\/revisions"}],"wp:featuredmedia":[{"embeddable":true,"href":"https:\/\/veloclubfaumont.fr\/index.php\/wp-json\/wp\/v2\/media\/27783"}],"wp:attachment":[{"href":"https:\/\/veloclubfaumont.fr\/index.php\/wp-json\/wp\/v2\/media?parent=27781"}],"wp:term":[{"taxonomy":"category","embeddable":true,"href":"https:\/\/veloclubfaumont.fr\/index.php\/wp-json\/wp\/v2\/categories?post=27781"},{"taxonomy":"post_tag","embeddable":true,"href":"https:\/\/veloclubfaumont.fr\/index.php\/wp-json\/wp\/v2\/tags?post=27781"}],"curies":[{"name":"wp","href":"https:\/\/api.w.org\/{rel}","templated":true}]}}