{"id":30810,"date":"2023-06-28T09:09:50","date_gmt":"2023-06-28T07:09:50","guid":{"rendered":"http:\/\/veloclubfaumont.fr\/?p=30810"},"modified":"2023-06-28T20:13:04","modified_gmt":"2023-06-28T18:13:04","slug":"deces-de-notre-president-fondateur-gilles-barbieux","status":"publish","type":"post","link":"https:\/\/veloclubfaumont.fr\/index.php\/2023\/06\/28\/deces-de-notre-president-fondateur-gilles-barbieux\/","title":{"rendered":"D\u00e9c\u00e8s de notre Pr\u00e9sident fondateur Gilles Barbieux"},"content":{"rendered":"<div class=\"\" dir=\"auto\">\n<div id=\":r9:\" class=\"x1iorvi4 x1pi30zi x1swvt13 xjkvuk6\" data-ad-comet-preview=\"message\" data-ad-preview=\"message\">\n<div class=\"x78zum5 xdt5ytf xz62fqu x16ldp7u\">\n<div class=\"xu06os2 x1ok221b\">\n<div class=\"xdj266r x11i5rnm xat24cr x1mh8g0r x1vvkbs x126k92a\">\n<div dir=\"auto\">C\u2019est avec une infinie tristesse que les membres du club, la commission et moi m\u00eame font part, ce soir, du d\u00e9c\u00e8s de Gilles Barbieux, notre ancien pr\u00e9sident et fondateur du club.<\/div>\n<div dir=\"auto\">&nbsp;<\/div>\n<\/div>\n<\/div>\n<\/div>\n<\/div>\n<div dir=\"auto\" style=\"text-align: center;\"><a href=\"https:\/\/veloclubfaumont.fr\/wp-content\/uploads\/2023\/06\/faire-part-gilles.jpg\"><img loading=\"lazy\" decoding=\"async\" class=\"aligncenter size-full wp-image-30875\" src=\"https:\/\/veloclubfaumont.fr\/wp-content\/uploads\/2023\/06\/faire-part-gilles.jpg\" alt=\"\" width=\"800\" height=\"965\" srcset=\"https:\/\/veloclubfaumont.fr\/wp-content\/uploads\/2023\/06\/faire-part-gilles.jpg 800w, https:\/\/veloclubfaumont.fr\/wp-content\/uploads\/2023\/06\/faire-part-gilles-249x300.jpg 249w, https:\/\/veloclubfaumont.fr\/wp-content\/uploads\/2023\/06\/faire-part-gilles-768x926.jpg 768w\" sizes=\"auto, (max-width: 800px) 100vw, 800px\" \/><\/a><\/div>\n<div id=\":r9:\" class=\"x1iorvi4 x1pi30zi x1swvt13 xjkvuk6\" data-ad-comet-preview=\"message\" data-ad-preview=\"message\">\n<div class=\"x78zum5 xdt5ytf xz62fqu x16ldp7u\">\n<div class=\"xu06os2 x1ok221b\">\n<div class=\"xdj266r x11i5rnm xat24cr x1mh8g0r x1vvkbs x126k92a\">\n<div dir=\"auto\">&nbsp;<\/div>\n<div dir=\"auto\">La maladie a une fois de plus emport\u00e9 un homme de valeur, d\u2019humanit\u00e9, de loyaut\u00e9 et qui a su transmettre des valeurs fortes.<\/div>\n<div dir=\"auto\">&nbsp;<\/div>\n<\/div>\n<\/div>\n<\/div>\n<div dir=\"auto\" style=\"text-align: center;\"><img loading=\"lazy\" decoding=\"async\" class=\"size-full aligncenter\" src=\"https:\/\/i0.wp.com\/veloclubfaumont.fr\/wp-content\/uploads\/2018\/02\/20080530_075354_dp_gilles_barbieux02_dl-g.jpg\" width=\"450\" height=\"600\"><\/div>\n<div class=\"x78zum5 xdt5ytf xz62fqu x16ldp7u\">\n<div class=\"xu06os2 x1ok221b\">\n<div class=\"xdj266r x11i5rnm xat24cr x1mh8g0r x1vvkbs x126k92a\">\n<div dir=\"auto\" style=\"text-align: center;\"><em>Gilles, sur l&rsquo;une de ses nombreuses diagonales<\/em><\/div>\n<div dir=\"auto\">&nbsp;<\/div>\n<div dir=\"auto\">Profond\u00e9ment attach\u00e9 \u00e0 ses racines, Gilles a donn\u00e9 sa vie non seulement \u00e0 ses proches, mais aussi \u00e0 sa ville, Faumont, o\u00f9 il en \u00e9tait maire, mais aussi au VCF, puisqu\u2019il en a \u00e9t\u00e9 pr\u00e9sident pendant 35 ans.<\/div>\n<div dir=\"auto\">&nbsp;<\/div>\n<\/div>\n<div class=\"x11i5rnm xat24cr x1mh8g0r x1vvkbs xtlvy1s x126k92a\">\n<div dir=\"auto\">Gilles, tu vas laisser un grand vide, mais sache que le VCF vivra, et il te rendra hommage&#8230;<\/div>\n<div dir=\"auto\">&nbsp;<\/div>\n<\/div>\n<\/div>\n<div dir=\"auto\" style=\"text-align: center;\"><a href=\"https:\/\/veloclubfaumont.fr\/wp-content\/uploads\/2018\/02\/DSC_0134-1.jpg\"><img loading=\"lazy\" decoding=\"async\" class=\"aligncenter size-full wp-image-10020\" src=\"https:\/\/veloclubfaumont.fr\/wp-content\/uploads\/2018\/02\/DSC_0134-1.jpg\" alt=\"\" width=\"1152\" height=\"768\" srcset=\"https:\/\/veloclubfaumont.fr\/wp-content\/uploads\/2018\/02\/DSC_0134-1.jpg 1152w, https:\/\/veloclubfaumont.fr\/wp-content\/uploads\/2018\/02\/DSC_0134-1-300x200.jpg 300w, https:\/\/veloclubfaumont.fr\/wp-content\/uploads\/2018\/02\/DSC_0134-1-768x512.jpg 768w, https:\/\/veloclubfaumont.fr\/wp-content\/uploads\/2018\/02\/DSC_0134-1-1024x683.jpg 1024w\" sizes=\"auto, (max-width: 1152px) 100vw, 1152px\" \/><\/a><\/div>\n<div class=\"xu06os2 x1ok221b\">\n<div class=\"x11i5rnm xat24cr x1mh8g0r x1vvkbs xtlvy1s x126k92a\">\n<div dir=\"auto\">&nbsp;<\/div>\n<\/div>\n<div class=\"x11i5rnm xat24cr x1mh8g0r x1vvkbs xtlvy1s x126k92a\">\n<div dir=\"auto\">Courage \u00e0 Maryline, Julien, Justine et tes petits enfants, \u00e0 qui nous adressons nos condol\u00e9ances.<\/div>\n<div dir=\"auto\">&nbsp;<\/div>\n<div dir=\"auto\">Merci pour les valeurs que tu m\u2019as transmises, que tu as transmis au club, je suis triste ce soir mais l\u2019histoire continue\u2026<\/div>\n<div dir=\"auto\">&nbsp;<\/div>\n<div dir=\"auto\">Bonne route l\u00e0 haut\u2026 <span class=\"x3nfvp2 x1j61x8r x1fcty0u xdj266r xhhsvwb xat24cr xgzva0m xxymvpz xlup9mm x1kky2od\"><img loading=\"lazy\" decoding=\"async\" src=\"https:\/\/static.xx.fbcdn.net\/images\/emoji.php\/v9\/t46\/1.5\/16\/1f4ab.png\" alt=\"&#x1f4ab;\" width=\"16\" height=\"16\"><\/span> <span class=\"x3nfvp2 x1j61x8r x1fcty0u xdj266r xhhsvwb xat24cr xgzva0m xxymvpz xlup9mm x1kky2od\"><img loading=\"lazy\" decoding=\"async\" src=\"https:\/\/static.xx.fbcdn.net\/images\/emoji.php\/v9\/t3b\/1.5\/16\/2b50.png\" alt=\"&#x2b50;&#xfe0f;\" width=\"16\" height=\"16\"><\/span><\/div>\n<div dir=\"auto\">&nbsp;<\/div>\n<div dir=\"auto\">Denis Raton (Pr\u00e9sident du VC Faumont)<\/div>\n<div dir=\"auto\">&nbsp;<\/div>\n<\/div>\n<\/div>\n<div dir=\"auto\" style=\"text-align: center;\"><a href=\"https:\/\/veloclubfaumont.fr\/index.php\/2018\/02\/14\/gilles-barbieux-ou-les-35-premieres-annees-du-vc-faumont\/\" target=\"_blank\" rel=\"noopener\">Les 35 ans du Club<\/a> &#8211; <a href=\"https:\/\/veloclubfaumont.fr\/index.php\/2023\/03\/19\/les-40-ans-du-veloclub-faumontois\/\" target=\"_blank\" rel=\"noopener\">Les 40 ans du Club<\/a><\/div>\n<div dir=\"auto\">&nbsp;<\/div>\n<\/div>\n<\/div>\n<div dir=\"auto\" style=\"text-align: center;\"><a href=\"https:\/\/veloclubfaumont.fr\/index.php\/2018\/10\/06\/le-president-fondateur-du-vcf-mis-a-lhonneur\/\" target=\"_blank\" rel=\"noopener\">Le Pr\u00e9sident fondateur mis \u00e0 l&rsquo;honneur<\/a> &#8211;&nbsp;<a href=\"https:\/\/veloclubfaumont.fr\/index.php\/2018\/02\/14\/denis-le-nouveau-president-du-vc-faumont\/\" target=\"_blank\" rel=\"noopener\">Denis, le nouveau Pr\u00e9sident du VC Faumont<\/a><\/div>\n<\/div>\n<div dir=\"auto\">&nbsp;<\/div>\n<div dir=\"auto\" style=\"text-align: center;\"><a href=\"https:\/\/veloclubfaumont.fr\/index.php\/category\/diagonale\/\" target=\"_blank\" rel=\"noopener\">Ses diagonales<\/a><\/div>\n<div dir=\"auto\">&nbsp;<\/div>\n<div dir=\"auto\" style=\"text-align: center;\"><div id=\"metaslider-id-30822\" style=\"width: 100%;\" class=\"ml-slider-3-31-0 metaslider metaslider-nivo metaslider-30822 ml-slider ms-theme-default\">\n    <div id=\"metaslider_container_30822\">\n        <div class='slider-wrapper theme-default'><div class='ribbon'><\/div><div id='metaslider_30822' class='nivoSlider'><img loading=\"lazy\" decoding=\"async\" src=\"https:\/\/veloclubfaumont.fr\/wp-content\/uploads\/2023\/06\/1-561x437.jpg\" height=\"700\" width=\"900\" title=\"1\" alt=\"\" class=\"slider-30822 slide-30823\" \/><img loading=\"lazy\" decoding=\"async\" src=\"https:\/\/veloclubfaumont.fr\/wp-content\/uploads\/2023\/06\/VI-FERRIERE-2012-90--621x483.jpg\" height=\"700\" width=\"900\" title=\"OLYMPUS DIGITAL CAMERA\" alt=\"\" class=\"slider-30822 slide-30824\" \/><img loading=\"lazy\" decoding=\"async\" src=\"https:\/\/veloclubfaumont.fr\/wp-content\/uploads\/2023\/06\/jmuGDHsEcFx7-5NLRLEOhQcBFVg-720x560.jpg\" height=\"700\" width=\"900\" title=\"jmuGDHsEcFx7-5NLRLEOhQcBFVg\" alt=\"\" class=\"slider-30822 slide-30825\" \/><img loading=\"lazy\" decoding=\"async\" src=\"https:\/\/veloclubfaumont.fr\/wp-content\/uploads\/2023\/06\/oI-SiLTjGUqku8TQWA6yzzDlrCA-720x560.jpg\" height=\"700\" width=\"900\" title=\"oI-SiLTjGUqku8TQWA6yzzDlrCA\" alt=\"\" class=\"slider-30822 slide-30826\" \/><img loading=\"lazy\" decoding=\"async\" src=\"https:\/\/veloclubfaumont.fr\/wp-content\/uploads\/2023\/06\/DSC_034-900x700.jpg\" height=\"700\" width=\"900\" title=\"DSC_034\" alt=\"\" class=\"slider-30822 slide-30827\" \/><img loading=\"lazy\" decoding=\"async\" src=\"https:\/\/veloclubfaumont.fr\/wp-content\/uploads\/2023\/06\/GB-502x391.jpg\" height=\"700\" width=\"900\" title=\"GB\" alt=\"\" class=\"slider-30822 slide-30828\" \/><img loading=\"lazy\" decoding=\"async\" src=\"https:\/\/veloclubfaumont.fr\/wp-content\/uploads\/2023\/06\/DSC_0118-1024x683-1-878x683.jpg\" height=\"700\" width=\"900\" title=\"DSC_0118-1024x683\" alt=\"\" class=\"slider-30822 slide-30829\" \/><img loading=\"lazy\" decoding=\"async\" src=\"https:\/\/veloclubfaumont.fr\/wp-content\/uploads\/2016\/12\/faumont200108_123-578x450.jpg\" height=\"700\" width=\"900\" title=\"faumont200108_123\" alt=\"\" class=\"slider-30822 slide-30833\" \/><img loading=\"lazy\" decoding=\"async\" src=\"https:\/\/veloclubfaumont.fr\/wp-content\/uploads\/2016\/12\/faumont200108_113-578x450.jpg\" height=\"700\" width=\"900\" title=\"faumont200108_113\" alt=\"\" class=\"slider-30822 slide-30834\" \/><img loading=\"lazy\" decoding=\"async\" src=\"https:\/\/veloclubfaumont.fr\/wp-content\/uploads\/2016\/12\/IMG_1798-384x299.jpg\" height=\"700\" width=\"900\" title=\"IMG_1798\" alt=\"\" class=\"slider-30822 slide-30835\" \/><img loading=\"lazy\" decoding=\"async\" src=\"https:\/\/veloclubfaumont.fr\/wp-content\/uploads\/2016\/12\/IMG_1805-384x299.jpg\" height=\"700\" width=\"900\" title=\"IMG_1805\" alt=\"\" class=\"slider-30822 slide-30836\" \/><img loading=\"lazy\" decoding=\"async\" src=\"https:\/\/veloclubfaumont.fr\/wp-content\/uploads\/2016\/12\/11Faumont2-462x360.jpg\" height=\"700\" width=\"900\" title=\"11Faumont2\" alt=\"\" class=\"slider-30822 slide-30837\" \/><img loading=\"lazy\" decoding=\"async\" src=\"https:\/\/veloclubfaumont.fr\/wp-content\/uploads\/2016\/12\/IMGP1889-345x269.jpg\" height=\"700\" width=\"900\" title=\"IMGP1889\" alt=\"\" class=\"slider-30822 slide-30838\" \/><img loading=\"lazy\" decoding=\"async\" src=\"https:\/\/veloclubfaumont.fr\/wp-content\/uploads\/2016\/12\/IMGP3022-1-393x306.jpg\" height=\"700\" width=\"900\" data-caption=\" Quand trois diagonalistes se retrouvent...\" title=\"IMGP3022\" alt=\"\" class=\"slider-30822 slide-30839\" \/><img loading=\"lazy\" decoding=\"async\" src=\"https:\/\/veloclubfaumont.fr\/wp-content\/uploads\/2016\/12\/IMGP2441-393x306.jpg\" height=\"700\" width=\"900\" title=\"IMGP2441\" alt=\"\" class=\"slider-30822 slide-30840\" \/><img loading=\"lazy\" decoding=\"async\" src=\"https:\/\/veloclubfaumont.fr\/wp-content\/uploads\/2016\/12\/33Danicau-559x435.jpg\" height=\"700\" width=\"900\" title=\"33Danicau\" alt=\"\" class=\"slider-30822 slide-30841\" \/><img loading=\"lazy\" decoding=\"async\" src=\"https:\/\/veloclubfaumont.fr\/wp-content\/uploads\/2016\/12\/bers\u00e9e14fevrier2010-438x341.jpg\" height=\"700\" width=\"900\" title=\"bers\u00e9e14fevrier2010\" alt=\"\" class=\"slider-30822 slide-30842\" \/><img loading=\"lazy\" decoding=\"async\" src=\"https:\/\/veloclubfaumont.fr\/wp-content\/uploads\/2019\/06\/image051-393x306.jpg\" height=\"700\" width=\"900\" title=\"image051\" alt=\"\" class=\"slider-30822 slide-30843\" \/><img loading=\"lazy\" decoding=\"async\" src=\"https:\/\/veloclubfaumont.fr\/wp-content\/uploads\/2016\/12\/VTTFLINESLEZRACHES3TERRILLALLAING1295FaumontBarbieux-496x386.jpg\" height=\"700\" width=\"900\" data-caption=\"Flines lez R&acirc;ches\" title=\"VTTFLINESLEZRACHES3TERRILLALLAING1295FaumontBarbieux\" alt=\"\" class=\"slider-30822 slide-30844\" \/><img loading=\"lazy\" decoding=\"async\" src=\"https:\/\/veloclubfaumont.fr\/wp-content\/uploads\/2016\/12\/Resize-of-DSC_0930-900x700.jpg\" height=\"700\" width=\"900\" data-caption=\"Notre Pr&eacute;sident Gilles Barbieux (Cyclo)\" title=\"Resize of DSC_0930\" alt=\"Resize of DSC_0930\" class=\"slider-30822 slide-30845\" \/><img loading=\"lazy\" decoding=\"async\" src=\"https:\/\/veloclubfaumont.fr\/wp-content\/uploads\/2016\/12\/34BarbieuxBalai-453x353.jpg\" height=\"700\" width=\"900\" title=\"34BarbieuxBalai\" alt=\"\" class=\"slider-30822 slide-30846\" \/><img loading=\"lazy\" decoding=\"async\" src=\"https:\/\/veloclubfaumont.fr\/wp-content\/uploads\/2017\/01\/DSC_0031-707x549.jpg\" height=\"700\" width=\"900\" data-caption=\"Gilles Barbieux (Pdt)\" title=\"DSC_0031\" alt=\"DSC_0031\" class=\"slider-30822 slide-30847\" \/><img loading=\"lazy\" decoding=\"async\" src=\"https:\/\/veloclubfaumont.fr\/wp-content\/uploads\/2016\/12\/IGP5058-001-689x536.jpg\" height=\"700\" width=\"900\" title=\"_IGP5058-001\" alt=\"\" class=\"slider-30822 slide-30848\" \/><img loading=\"lazy\" decoding=\"async\" src=\"https:\/\/veloclubfaumont.fr\/wp-content\/uploads\/2023\/06\/19012014faumont0007-478x371.jpg\" height=\"700\" width=\"900\" title=\"19012014faumont0007\" alt=\"\" class=\"slider-30822 slide-30850\" \/><img loading=\"lazy\" decoding=\"async\" src=\"https:\/\/veloclubfaumont.fr\/wp-content\/uploads\/2023\/06\/37BarbieuxLambertPotager-559x435.jpg\" height=\"700\" width=\"900\" title=\"37BarbieuxLambertPotager\" alt=\"\" class=\"slider-30822 slide-30853\" \/><img loading=\"lazy\" decoding=\"async\" src=\"https:\/\/veloclubfaumont.fr\/wp-content\/uploads\/2023\/06\/yZODa5ccPlKlLZCuYpYetsPJiIM-617x480.jpg\" height=\"700\" width=\"900\" title=\"yZODa5ccPlKlLZCuYpYetsPJiIM\" alt=\"\" class=\"slider-30822 slide-30854\" \/><img loading=\"lazy\" decoding=\"async\" src=\"https:\/\/veloclubfaumont.fr\/wp-content\/uploads\/2023\/06\/DSC_0222-900x700.jpg\" height=\"700\" width=\"900\" title=\"DSC_0222\" alt=\"\" class=\"slider-30822 slide-30861\" \/><img loading=\"lazy\" decoding=\"async\" src=\"https:\/\/veloclubfaumont.fr\/wp-content\/uploads\/2023\/06\/DSC_0204-900x700.jpg\" height=\"700\" width=\"900\" title=\"DSC_0204\" alt=\"\" class=\"slider-30822 slide-30862\" \/><img loading=\"lazy\" decoding=\"async\" src=\"https:\/\/veloclubfaumont.fr\/wp-content\/uploads\/2023\/06\/DSC_0167-506x393.jpg\" height=\"700\" width=\"900\" title=\"DSC_0167\" alt=\"\" class=\"slider-30822 slide-30863\" \/><img loading=\"lazy\" decoding=\"async\" src=\"https:\/\/veloclubfaumont.fr\/wp-content\/uploads\/2023\/06\/DSC_0268-506x393.jpg\" height=\"700\" width=\"900\" title=\"DSC_0268\" alt=\"\" class=\"slider-30822 slide-30864\" \/><img loading=\"lazy\" decoding=\"async\" src=\"https:\/\/veloclubfaumont.fr\/wp-content\/uploads\/2018\/01\/DSC_0225-857x667.jpg\" height=\"700\" width=\"900\" title=\"DSC_0225\" alt=\"\" class=\"slider-30822 slide-30865\" \/><img loading=\"lazy\" decoding=\"async\" src=\"https:\/\/veloclubfaumont.fr\/wp-content\/uploads\/2023\/06\/DSC00430_resultat-900x700.jpg\" height=\"700\" width=\"900\" title=\"DSC00430_resultat\" alt=\"\" class=\"slider-30822 slide-30867\" \/><img loading=\"lazy\" decoding=\"async\" src=\"https:\/\/veloclubfaumont.fr\/wp-content\/uploads\/2016\/12\/Resize-of-DSC_0929-900x700.jpg\" height=\"700\" width=\"900\" title=\"Resize of DSC_0929\" alt=\"\" class=\"slider-30822 slide-30868\" \/><img loading=\"lazy\" decoding=\"async\" src=\"https:\/\/veloclubfaumont.fr\/wp-content\/uploads\/2016\/12\/DSC_0185-1-900x700.jpg\" height=\"700\" width=\"900\" title=\"DSC_0185\" alt=\"\" class=\"slider-30822 slide-30869\" \/><img loading=\"lazy\" decoding=\"async\" src=\"https:\/\/veloclubfaumont.fr\/wp-content\/uploads\/2016\/12\/DSC_0185-1-900x700.jpg\" height=\"700\" width=\"900\" title=\"DSC_0185\" alt=\"\" class=\"slider-30822 slide-30870\" \/><img loading=\"lazy\" decoding=\"async\" src=\"https:\/\/veloclubfaumont.fr\/wp-content\/uploads\/2023\/06\/22101-617x480.jpg\" height=\"700\" width=\"900\" title=\"22101\" alt=\"\" class=\"slider-30822 slide-30872\" \/><\/div><\/div>\n        \n    <\/div>\n<\/div><\/div>\n","protected":false},"excerpt":{"rendered":"<p>C\u2019est avec une infinie tristesse que les membres du club, la commission et moi m\u00eame font part, ce soir, du d\u00e9c\u00e8s de Gilles Barbieux, notre ancien pr\u00e9sident et fondateur du&#8230;<\/p>\n","protected":false},"author":1,"featured_media":30046,"comment_status":"open","ping_status":"open","sticky":false,"template":"","format":"standard","meta":{"ngg_post_thumbnail":0,"jetpack_post_was_ever_published":false,"_jetpack_newsletter_access":"","two_page_speed":[],"footnotes":"","jetpack_publicize_message":"","jetpack_is_tweetstorm":false,"jetpack_publicize_feature_enabled":true,"jetpack_social_post_already_shared":true,"jetpack_social_options":{"image_generator_settings":{"template":"highway","enabled":false}}},"categories":[10],"tags":[],"class_list":["post-30810","post","type-post","status-publish","format-standard","has-post-thumbnail","hentry","category-vie-du-club"],"jetpack_publicize_connections":[],"jetpack_featured_media_url":"https:\/\/veloclubfaumont.fr\/wp-content\/uploads\/2023\/03\/DSC_0953_.jpg","jetpack_sharing_enabled":true,"jetpack_shortlink":"https:\/\/wp.me\/p8bXJp-80W","_links":{"self":[{"href":"https:\/\/veloclubfaumont.fr\/index.php\/wp-json\/wp\/v2\/posts\/30810","targetHints":{"allow":["GET"]}}],"collection":[{"href":"https:\/\/veloclubfaumont.fr\/index.php\/wp-json\/wp\/v2\/posts"}],"about":[{"href":"https:\/\/veloclubfaumont.fr\/index.php\/wp-json\/wp\/v2\/types\/post"}],"author":[{"embeddable":true,"href":"https:\/\/veloclubfaumont.fr\/index.php\/wp-json\/wp\/v2\/users\/1"}],"replies":[{"embeddable":true,"href":"https:\/\/veloclubfaumont.fr\/index.php\/wp-json\/wp\/v2\/comments?post=30810"}],"version-history":[{"count":0,"href":"https:\/\/veloclubfaumont.fr\/index.php\/wp-json\/wp\/v2\/posts\/30810\/revisions"}],"wp:featuredmedia":[{"embeddable":true,"href":"https:\/\/veloclubfaumont.fr\/index.php\/wp-json\/wp\/v2\/media\/30046"}],"wp:attachment":[{"href":"https:\/\/veloclubfaumont.fr\/index.php\/wp-json\/wp\/v2\/media?parent=30810"}],"wp:term":[{"taxonomy":"category","embeddable":true,"href":"https:\/\/veloclubfaumont.fr\/index.php\/wp-json\/wp\/v2\/categories?post=30810"},{"taxonomy":"post_tag","embeddable":true,"href":"https:\/\/veloclubfaumont.fr\/index.php\/wp-json\/wp\/v2\/tags?post=30810"}],"curies":[{"name":"wp","href":"https:\/\/api.w.org\/{rel}","templated":true}]}}