{"id":31416,"date":"2023-08-26T14:45:07","date_gmt":"2023-08-26T12:45:07","guid":{"rendered":"http:\/\/veloclubfaumont.fr\/?p=31416"},"modified":"2023-09-16T21:52:04","modified_gmt":"2023-09-16T19:52:04","slug":"photos-et-videos-de-notre-nocturne-vtt-2023","status":"publish","type":"post","link":"https:\/\/veloclubfaumont.fr\/index.php\/2023\/08\/26\/photos-et-videos-de-notre-nocturne-vtt-2023\/","title":{"rendered":"Photos et Vid\u00e9os de notre Nocturne VTT 2023"},"content":{"rendered":"<p><em>Derni\u00e8re mise \u00e0 jour le 16 septembre 2023 : Vid\u00e9o de D Kubi<br \/>\n<\/em><\/p>\n<p><span class=\"embed-youtube\" style=\"text-align:center; display: block;\"><iframe loading=\"lazy\" class=\"youtube-player\" width=\"640\" height=\"360\" src=\"https:\/\/www.youtube.com\/embed\/NpxoaU8H98o?version=3&#038;rel=1&#038;showsearch=0&#038;showinfo=1&#038;iv_load_policy=1&#038;fs=1&#038;hl=fr-FR&#038;autohide=2&#038;wmode=transparent\" allowfullscreen=\"true\" style=\"border:0;\" sandbox=\"allow-scripts allow-same-origin allow-popups allow-presentation\"><\/iframe><\/span><\/p>\n<p><em>Vid\u00e9o de Ben<br \/>\n<\/em><\/p>\n<p><span class=\"embed-youtube\" style=\"text-align:center; display: block;\"><iframe loading=\"lazy\" class=\"youtube-player\" width=\"640\" height=\"360\" src=\"https:\/\/www.youtube.com\/embed\/KjyBIZXpJu4?version=3&#038;rel=1&#038;showsearch=0&#038;showinfo=1&#038;iv_load_policy=1&#038;fs=1&#038;hl=fr-FR&#038;autohide=2&#038;wmode=transparent\" allowfullscreen=\"true\" style=\"border:0;\" sandbox=\"allow-scripts allow-same-origin allow-popups allow-presentation\"><\/iframe><\/span><\/p>\n<p>&nbsp;<\/p>\n<p><span class=\"embed-youtube\" style=\"text-align:center; display: block;\"><iframe loading=\"lazy\" class=\"youtube-player\" width=\"640\" height=\"360\" src=\"https:\/\/www.youtube.com\/embed\/ALDR7KMnZNs?version=3&#038;rel=1&#038;showsearch=0&#038;showinfo=1&#038;iv_load_policy=1&#038;fs=1&#038;hl=fr-FR&#038;autohide=2&#038;wmode=transparent\" allowfullscreen=\"true\" style=\"border:0;\" sandbox=\"allow-scripts allow-same-origin allow-popups allow-presentation\"><\/iframe><\/span><\/p>\n<p><em>vid\u00e9o de Manu<br \/>\n<\/em><\/p>\n<p><span class=\"embed-youtube\" style=\"text-align:center; display: block;\"><iframe loading=\"lazy\" class=\"youtube-player\" width=\"640\" height=\"360\" src=\"https:\/\/www.youtube.com\/embed\/ZixCY0y8YVc?version=3&#038;rel=1&#038;showsearch=0&#038;showinfo=1&#038;iv_load_policy=1&#038;fs=1&#038;hl=fr-FR&#038;autohide=2&#038;wmode=transparent\" allowfullscreen=\"true\" style=\"border:0;\" sandbox=\"allow-scripts allow-same-origin allow-popups allow-presentation\"><\/iframe><\/span><\/p>\n<p><em>le 28 ao\u00fbt 2023 : Photos de <strong><a href=\"https:\/\/www.velodom-photo.com\/7eme-rando-vtt-nocturne-de-faumont.html\" target=\"_blank\" rel=\"noopener\">V\u00e9lodom<\/a> + Photos ravito (voir tableau plus bas)<\/strong><\/em><\/p>\n<p style=\"text-align: center;\"><img loading=\"lazy\" decoding=\"async\" class=\"alignnone size-full\" src=\"https:\/\/www.velodom-photo.com\/wp-content\/uploads\/2023\/08\/2183.jpg\" width=\"720\" height=\"480\"><\/p>\n<p style=\"text-align: center;\"><a href=\"https:\/\/veloclubfaumont.fr\/wp-content\/uploads\/2023\/08\/8.jpeg\"><img loading=\"lazy\" decoding=\"async\" class=\"aligncenter size-full wp-image-31437\" src=\"https:\/\/veloclubfaumont.fr\/wp-content\/uploads\/2023\/08\/8.jpeg\" alt=\"\" width=\"1024\" height=\"768\" srcset=\"https:\/\/veloclubfaumont.fr\/wp-content\/uploads\/2023\/08\/8.jpeg 1024w, https:\/\/veloclubfaumont.fr\/wp-content\/uploads\/2023\/08\/8-300x225.jpeg 300w, https:\/\/veloclubfaumont.fr\/wp-content\/uploads\/2023\/08\/8-768x576.jpeg 768w\" sizes=\"auto, (max-width: 1024px) 100vw, 1024px\" \/><\/a><\/p>\n<hr>\n<p><span class=\"x193iq5w xeuugli x13faqbe x1vvkbs x10flsy6 x1lliihq x1s928wv xhkezso x1gmr53x x1cpjm7i x1fgarty x1943h6x x4zkp8e x41vudc x6prxxf xvq8zen xo1l8bm xzsf02u\" dir=\"auto\"><span class=\"x3nfvp2 x1j61x8r x1fcty0u xdj266r xhhsvwb xat24cr xgzva0m xxymvpz xlup9mm x1kky2od\">Tout d&rsquo;abord, un \u00e9<\/span>norme merci \u00e0 tous les participants ce soir pour la 7\u00e8me \u00e9dition de la nocturne VTT!!<br \/>\nVous \u00e9tiez <strong>685 participants<\/strong> ce soir, malgr\u00e9 le froid de la nuit et les pluies d\u2019hier! <span class=\"x3nfvp2 x1j61x8r x1fcty0u xdj266r xhhsvwb xat24cr xgzva0m xxymvpz xlup9mm x1kky2od\"><img loading=\"lazy\" decoding=\"async\" src=\"https:\/\/static.xx.fbcdn.net\/images\/emoji.php\/v9\/t92\/1.5\/16\/1f44f_1f3fb.png\" alt=\"&#x1f44f;&#x1f3fb;\" width=\"16\" height=\"16\"><\/span><span class=\"x3nfvp2 x1j61x8r x1fcty0u xdj266r xhhsvwb xat24cr xgzva0m xxymvpz xlup9mm x1kky2od\"><img loading=\"lazy\" decoding=\"async\" src=\"https:\/\/static.xx.fbcdn.net\/images\/emoji.php\/v9\/t92\/1.5\/16\/1f44f_1f3fb.png\" alt=\"&#x1f44f;&#x1f3fb;\" width=\"16\" height=\"16\"><\/span><br \/>\non souhaite un prompt r\u00e9tablissement \u00e0 Laurent, bless\u00e9 au visage, courage \u00e0 lui!!<\/span><\/p>\n<p>Gilles, tu peux \u00eatre fier de ce que tu as b\u00e2ti au club<span class=\"x3nfvp2 x1j61x8r x1fcty0u xdj266r xhhsvwb xat24cr xgzva0m xxymvpz xlup9mm x1kky2od\"><img loading=\"lazy\" decoding=\"async\" src=\"https:\/\/static.xx.fbcdn.net\/images\/emoji.php\/v9\/t46\/1.5\/16\/1f4ab.png\" alt=\"&#x1f4ab;\" width=\"16\" height=\"16\"><\/span><\/p>\n<p>L\u2019\u00e9quipe des b\u00e9n\u00e9voles du VC Faumont vous souhaite un bon retour et une bonne rentr\u00e9e.<\/p>\n<p>Denis Raton (Pr\u00e9sident du V\u00e9loclub Faumontois)<\/p>\n<p style=\"text-align: center;\"><a href=\"https:\/\/veloclubfaumont.fr\/wp-content\/uploads\/2023\/08\/DSC_0053_.jpg\"><img loading=\"lazy\" decoding=\"async\" class=\"aligncenter size-full wp-image-31417\" src=\"https:\/\/veloclubfaumont.fr\/wp-content\/uploads\/2023\/08\/DSC_0053_.jpg\" alt=\"\" width=\"1382\" height=\"921\" srcset=\"https:\/\/veloclubfaumont.fr\/wp-content\/uploads\/2023\/08\/DSC_0053_.jpg 1382w, https:\/\/veloclubfaumont.fr\/wp-content\/uploads\/2023\/08\/DSC_0053_-300x200.jpg 300w, https:\/\/veloclubfaumont.fr\/wp-content\/uploads\/2023\/08\/DSC_0053_-1024x682.jpg 1024w, https:\/\/veloclubfaumont.fr\/wp-content\/uploads\/2023\/08\/DSC_0053_-768x512.jpg 768w\" sizes=\"auto, (max-width: 1382px) 100vw, 1382px\" \/><\/a><\/p>\n<p>C&rsquo;est ici que seront centralis\u00e9es toutes les photos et vid\u00e9os prises durant notre Nocturne VTT Faumont 2023. Toutes les photos prises par Louise et Jean-Louis sont d\u00e9j\u00e0 sur <a href=\"https:\/\/www.facebook.com\/veloclubfaumont\/photos_albums\" target=\"_blank\" rel=\"noopener\">les albums photos de notre page Facebook<\/a> et dans les albums Google (voir tous les liens ci-dessous). Les photos prises par Dominique de V\u00e9lodom sont disponibles ici. A venir : les vid\u00e9os effectu\u00e9es par les randonneurs :<\/p>\n<table style=\"height: 339px; width: 100%; border-collapse: collapse; border-color: #1a0303; background-color: #e8cfcf;\" border=\"2\">\n<tbody>\n<tr style=\"height: 69px;\">\n<td style=\"width: 50%; height: 69px;\">\n<h3><strong>FACEBOOK<\/strong><\/h3>\n<\/td>\n<td style=\"width: 50%; height: 69px;\">\n<h3><strong>GOOGLE<\/strong><\/h3>\n<\/td>\n<\/tr>\n<tr style=\"height: 270px;\">\n<td style=\"width: 50%; height: 270px;\">\n<h3><a href=\"https:\/\/www.facebook.com\/media\/set\/?set=a.763844885747107&amp;type=3\" target=\"_blank\" rel=\"noopener\">Accueil Salle<\/a><\/h3>\n<h3><a href=\"https:\/\/www.facebook.com\/media\/set\/?set=a.763921052406157&amp;type=3\" target=\"_blank\" rel=\"noopener\">D\u00e9part (1\/2)<\/a><\/h3>\n<h3><a href=\"https:\/\/www.facebook.com\/media\/set\/?set=a.763937249071204&amp;type=3\" target=\"_blank\" rel=\"noopener\">D\u00e9part (2\/2)<\/a><\/h3>\n<h3><a href=\"https:\/\/www.facebook.com\/media\/set?set=a.765116462286616&amp;type=3\" target=\"_blank\" rel=\"noopener\">Ravito<\/a> <span style=\"color: #ff0000;\">(nouveau)<\/span><\/h3>\n<h3><a href=\"https:\/\/www.facebook.com\/media\/set\/?set=a.763941032404159&amp;type=3\" target=\"_blank\" rel=\"noopener\">Arriv\u00e9e<\/a><\/h3>\n<h3><a href=\"https:\/\/www.facebook.com\/media\/set\/?set=a.763956199069309&amp;type=3\" target=\"_blank\" rel=\"noopener\">Retour Salle<\/a><\/h3>\n<\/td>\n<td style=\"width: 50%; height: 270px;\">\n<h3><a href=\"https:\/\/photos.app.goo.gl\/uZXJitTWGn7wxogV9\" target=\"_blank\" rel=\"noopener\">Accueil Salle<\/a><\/h3>\n<h3><a href=\"https:\/\/photos.app.goo.gl\/Cv3vun2RrKNFqiXm9\" target=\"_blank\" rel=\"noopener\">D\u00e9part (1\/2)<\/a><\/h3>\n<h3><a href=\"https:\/\/photos.app.goo.gl\/xx15z9HfAcSmGVtD7\" target=\"_blank\" rel=\"noopener\">D\u00e9part (2\/2)<\/a><\/h3>\n<h3><a href=\"https:\/\/photos.app.goo.gl\/of1nATq7y3D1RUv8A\" target=\"_blank\" rel=\"noopener\">Ravito<\/a> <span style=\"color: #ff0000;\">(nouveau)<\/span><\/h3>\n<h3><a href=\"https:\/\/photos.app.goo.gl\/RbM4UdMHmgiCf3r89\" target=\"_blank\" rel=\"noopener\">Arriv\u00e9e<\/a><\/h3>\n<h3><a href=\"https:\/\/photos.app.goo.gl\/K2viuUtqk29v5TKMA\" target=\"_blank\" rel=\"noopener\">Retour Salle<\/a><\/h3>\n<\/td>\n<\/tr>\n<\/tbody>\n<\/table>\n<p><a href=\"https:\/\/veloclubfaumont.fr\/wp-content\/uploads\/2023\/08\/DSC_0001_.jpg\"><img loading=\"lazy\" decoding=\"async\" class=\"aligncenter size-full wp-image-31420\" src=\"https:\/\/veloclubfaumont.fr\/wp-content\/uploads\/2023\/08\/DSC_0001_.jpg\" alt=\"\" width=\"1382\" height=\"921\" srcset=\"https:\/\/veloclubfaumont.fr\/wp-content\/uploads\/2023\/08\/DSC_0001_.jpg 1382w, https:\/\/veloclubfaumont.fr\/wp-content\/uploads\/2023\/08\/DSC_0001_-300x200.jpg 300w, https:\/\/veloclubfaumont.fr\/wp-content\/uploads\/2023\/08\/DSC_0001_-1024x682.jpg 1024w, https:\/\/veloclubfaumont.fr\/wp-content\/uploads\/2023\/08\/DSC_0001_-768x512.jpg 768w\" sizes=\"auto, (max-width: 1382px) 100vw, 1382px\" \/><\/a><\/p>\n<p><a href=\"https:\/\/www.velodom-photo.com\/7eme-rando-vtt-nocturne-de-faumont.html\" target=\"_blank\" rel=\"noopener\"><strong>Photos de V\u00e9lodom ici<\/strong><\/a> <span style=\"color: #ff0000;\">(NOUVEAU)<\/span><\/p>\n<p><strong>Vos Vid\u00e9os<\/strong> : \u00e0 venir&#8230;.<\/p>\n<p>En attendant, un petit extrait de l&rsquo;ambiance en fin de soir\u00e9e :<\/p>\n<div style=\"width: 480px;\" class=\"wp-video\"><video class=\"wp-video-shortcode\" id=\"video-31416-1\" width=\"480\" height=\"848\" preload=\"metadata\" controls=\"controls\"><source type=\"video\/mp4\" src=\"https:\/\/veloclubfaumont.fr\/wp-content\/uploads\/2023\/08\/VID-20230826-WA0001.mp4?_=1\" \/><a href=\"https:\/\/veloclubfaumont.fr\/wp-content\/uploads\/2023\/08\/VID-20230826-WA0001.mp4\">https:\/\/veloclubfaumont.fr\/wp-content\/uploads\/2023\/08\/VID-20230826-WA0001.mp4<\/a><\/video><\/div>\n<p>N&rsquo;h\u00e9sitez pas \u00e0 laisser un commentaire sur notre page Facebook ou sur le livre d&rsquo;or du site. Ca fait toujours plaisir \ud83d\ude09<\/p>\n<table style=\"width: 100%; border-collapse: collapse; border-color: #1a0404; background-color: #f0bdbd;\">\n<tbody>\n<tr>\n<td style=\"width: 836.167px;\">\n<h4><span class=\"x193iq5w xeuugli x13faqbe x1vvkbs x10flsy6 x1lliihq x1s928wv xhkezso x1gmr53x x1cpjm7i x1fgarty x1943h6x x4zkp8e x41vudc x6prxxf xvq8zen xo1l8bm xzsf02u\" dir=\"auto\"><span class=\"x3nfvp2 x1j61x8r x1fcty0u xdj266r xhhsvwb xat24cr xgzva0m xxymvpz xlup9mm x1kky2od\"><img loading=\"lazy\" decoding=\"async\" src=\"https:\/\/static.xx.fbcdn.net\/images\/emoji.php\/v9\/tdc\/1\/16\/26a0.png\" alt=\"&#x26a0;&#xfe0f;\" width=\"16\" height=\"16\"><\/span> <span class=\"x3nfvp2 x1j61x8r x1fcty0u xdj266r xhhsvwb xat24cr xgzva0m xxymvpz xlup9mm x1kky2od\"><img loading=\"lazy\" decoding=\"async\" src=\"https:\/\/static.xx.fbcdn.net\/images\/emoji.php\/v9\/tdc\/1\/16\/26a0.png\" alt=\"&#x26a0;&#xfe0f;\" width=\"16\" height=\"16\"><\/span> Objets trouv\u00e9s pendant et apr\u00e8s la nocturne VTT<br \/>\n<span class=\"x3nfvp2 x1j61x8r x1fcty0u xdj266r xhhsvwb xat24cr xgzva0m xxymvpz xlup9mm x1kky2od\"><img loading=\"lazy\" decoding=\"async\" src=\"https:\/\/static.xx.fbcdn.net\/images\/emoji.php\/v9\/t4c\/1\/16\/25aa.png\" alt=\"&#x25aa;&#xfe0f;\" width=\"16\" height=\"16\"><\/span>1 commande d\u00e9port\u00e9e d\u2019\u00e9clairage<br \/>\n<span class=\"x3nfvp2 x1j61x8r x1fcty0u xdj266r xhhsvwb xat24cr xgzva0m xxymvpz xlup9mm x1kky2od\"><img loading=\"lazy\" decoding=\"async\" src=\"https:\/\/static.xx.fbcdn.net\/images\/emoji.php\/v9\/t4c\/1\/16\/25aa.png\" alt=\"&#x25aa;&#xfe0f;\" width=\"16\" height=\"16\"><\/span>1 gourde 500ml jaune<br \/>\n<span class=\"x3nfvp2 x1j61x8r x1fcty0u xdj266r xhhsvwb xat24cr xgzva0m xxymvpz xlup9mm x1kky2od\"><img loading=\"lazy\" decoding=\"async\" src=\"https:\/\/static.xx.fbcdn.net\/images\/emoji.php\/v9\/t4c\/1\/16\/25aa.png\" alt=\"&#x25aa;&#xfe0f;\" width=\"16\" height=\"16\"><\/span>1 compteur mavic<br \/>\n<span class=\"x3nfvp2 x1j61x8r x1fcty0u xdj266r xhhsvwb xat24cr xgzva0m xxymvpz xlup9mm x1kky2od\"><img loading=\"lazy\" decoding=\"async\" src=\"https:\/\/static.xx.fbcdn.net\/images\/emoji.php\/v9\/t4c\/1\/16\/25aa.png\" alt=\"&#x25aa;&#xfe0f;\" width=\"16\" height=\"16\"><\/span>1 \u00e9tui \u00e0 lunettes noir<\/span><\/h4>\n<p><span class=\"x3nfvp2 x1j61x8r x1fcty0u xdj266r xhhsvwb xat24cr xgzva0m xxymvpz xlup9mm x1kky2od\"><img loading=\"lazy\" decoding=\"async\" src=\"https:\/\/static.xx.fbcdn.net\/images\/emoji.php\/v9\/tdc\/1\/16\/26a0.png\" alt=\"&#x26a0;&#xfe0f;\" width=\"16\" height=\"16\"><\/span><span class=\"x3nfvp2 x1j61x8r x1fcty0u xdj266r xhhsvwb xat24cr xgzva0m xxymvpz xlup9mm x1kky2od\"><img loading=\"lazy\" decoding=\"async\" src=\"https:\/\/static.xx.fbcdn.net\/images\/emoji.php\/v9\/tdc\/1\/16\/26a0.png\" alt=\"&#x26a0;&#xfe0f;\" width=\"16\" height=\"16\"><\/span> Nous sommes toujours \u00e0 la recherche d\u2019un IPhone rouge, perdu sur le parcours et d\u2019un trousseau de cl\u00e9s dans le parking p\u00e2ture.<\/p>\n<p><a href=\"https:\/\/veloclubfaumont.fr\/wp-content\/uploads\/2023\/08\/369736397_764815312316731_5147214574860206003_n.jpg\"><img loading=\"lazy\" decoding=\"async\" class=\"aligncenter size-full wp-image-31430\" src=\"https:\/\/veloclubfaumont.fr\/wp-content\/uploads\/2023\/08\/369736397_764815312316731_5147214574860206003_n.jpg\" alt=\"\" width=\"1536\" height=\"2048\" srcset=\"https:\/\/veloclubfaumont.fr\/wp-content\/uploads\/2023\/08\/369736397_764815312316731_5147214574860206003_n.jpg 1536w, https:\/\/veloclubfaumont.fr\/wp-content\/uploads\/2023\/08\/369736397_764815312316731_5147214574860206003_n-225x300.jpg 225w, https:\/\/veloclubfaumont.fr\/wp-content\/uploads\/2023\/08\/369736397_764815312316731_5147214574860206003_n-768x1024.jpg 768w, https:\/\/veloclubfaumont.fr\/wp-content\/uploads\/2023\/08\/369736397_764815312316731_5147214574860206003_n-1152x1536.jpg 1152w\" sizes=\"auto, (max-width: 1536px) 100vw, 1536px\" \/><\/a><\/td>\n<\/tr>\n<\/tbody>\n<\/table>\n","protected":false},"excerpt":{"rendered":"<p>Derni\u00e8re mise \u00e0 jour le 16 septembre 2023 : Vid\u00e9o de D Kubi Vid\u00e9o de Ben &nbsp; vid\u00e9o de Manu le 28 ao\u00fbt 2023 : Photos de V\u00e9lodom + Photos&#8230;<\/p>\n","protected":false},"author":1,"featured_media":31418,"comment_status":"open","ping_status":"open","sticky":false,"template":"","format":"standard","meta":{"ngg_post_thumbnail":0,"jetpack_post_was_ever_published":false,"_jetpack_newsletter_access":"","two_page_speed":{"previous_score":{"status":"inprogress"}},"footnotes":"","jetpack_publicize_message":"","jetpack_is_tweetstorm":false,"jetpack_publicize_feature_enabled":true,"jetpack_social_post_already_shared":true,"jetpack_social_options":{"image_generator_settings":{"template":"highway","enabled":false}}},"categories":[22],"tags":[],"class_list":["post-31416","post","type-post","status-publish","format-standard","has-post-thumbnail","hentry","category-notre-nocturne-vtt"],"jetpack_publicize_connections":[],"jetpack_featured_media_url":"https:\/\/veloclubfaumont.fr\/wp-content\/uploads\/2023\/08\/369600085_763610902437172_8589105476033953156_n.jpg","jetpack_sharing_enabled":true,"jetpack_shortlink":"https:\/\/wp.me\/p8bXJp-8aI","_links":{"self":[{"href":"https:\/\/veloclubfaumont.fr\/index.php\/wp-json\/wp\/v2\/posts\/31416","targetHints":{"allow":["GET"]}}],"collection":[{"href":"https:\/\/veloclubfaumont.fr\/index.php\/wp-json\/wp\/v2\/posts"}],"about":[{"href":"https:\/\/veloclubfaumont.fr\/index.php\/wp-json\/wp\/v2\/types\/post"}],"author":[{"embeddable":true,"href":"https:\/\/veloclubfaumont.fr\/index.php\/wp-json\/wp\/v2\/users\/1"}],"replies":[{"embeddable":true,"href":"https:\/\/veloclubfaumont.fr\/index.php\/wp-json\/wp\/v2\/comments?post=31416"}],"version-history":[{"count":0,"href":"https:\/\/veloclubfaumont.fr\/index.php\/wp-json\/wp\/v2\/posts\/31416\/revisions"}],"wp:featuredmedia":[{"embeddable":true,"href":"https:\/\/veloclubfaumont.fr\/index.php\/wp-json\/wp\/v2\/media\/31418"}],"wp:attachment":[{"href":"https:\/\/veloclubfaumont.fr\/index.php\/wp-json\/wp\/v2\/media?parent=31416"}],"wp:term":[{"taxonomy":"category","embeddable":true,"href":"https:\/\/veloclubfaumont.fr\/index.php\/wp-json\/wp\/v2\/categories?post=31416"},{"taxonomy":"post_tag","embeddable":true,"href":"https:\/\/veloclubfaumont.fr\/index.php\/wp-json\/wp\/v2\/tags?post=31416"}],"curies":[{"name":"wp","href":"https:\/\/api.w.org\/{rel}","templated":true}]}}