{"id":375,"date":"2016-08-27T15:27:18","date_gmt":"2016-08-27T13:27:18","guid":{"rendered":"http:\/\/veloclubfaumont.fr\/?p=375"},"modified":"2016-12-29T10:03:05","modified_gmt":"2016-12-29T09:03:05","slug":"brocantevide-grenier-2016-du-veloclub-faumontois","status":"publish","type":"post","link":"https:\/\/veloclubfaumont.fr\/index.php\/2016\/08\/27\/brocantevide-grenier-2016-du-veloclub-faumontois\/","title":{"rendered":"Brocante\/Vide-grenier 2016 du V\u00e9loclub Faumontois"},"content":{"rendered":"<div class=\"mep_standard1\">\n<div class=\"meps_bloc_tbl\">\n<div class=\"meps_bloc_tbl_rw\">\n<div class=\"meps_bloc_tbl_cll\">\n<p><a href=\"http:\/\/img11.hostingpics.net\/pics\/425902image1.jpg\" target=\"_blank\"><img decoding=\"async\" src=\"http:\/\/img11.hostingpics.net\/pics\/425902image1.jpg\"><\/a>2016 est l&rsquo;ann\u00e9e du renouveau pour le V\u00e9loclub faumontois, apr\u00e8s sa seconde \u00e9dition de sa rando cyclo \u00ab\u00a0La Ronde de la Fraise\u00a0\u00bb et la cr\u00e9ation de sa nouvelle randonn\u00e9e VTT nocturne, le club r\u00e9organise sa traditionnelle braderie de fin d&rsquo;\u00e9t\u00e9.<\/p>\n<p>Cette ann\u00e9e, elle aura lieu le samedi 27 ao\u00fbt 2016 de 8h00 \u00e0 15h00 (la rando nocturne commen\u00e7ant juste apr\u00e8s \u00e0 partir de 19h00).<\/p>\n<p>Elle se d\u00e9roulera sur la Route Nationale (entre le rond-point et la sortie du village) et sera r\u00e9serv\u00e9e aux particuliers.<\/p>\n<p><strong>L&rsquo;installation se fera \u00e0 partir de 7h00. <\/strong><\/p>\n<p><strong>Le prix de l&#8217;emplacement : 4\u20ac les 3 m\u00e8tres lin\u00e9aires<\/strong>. (inscriptions sur place)<\/p>\n<p>Pour plus d&rsquo;infos : t\u00e9l\u00e9phone : 06 79 76 31 55<\/p>\n<\/div>\n<\/div>\n<\/div>\n<\/div>\n<div class=\"mep_standard1\">&nbsp;<\/div>\n<div>\n<div class=\"mep_standard1\">\n<div class=\"meps_bloc_tbl\">\n<div class=\"meps_bloc_tbl_rw\">\n<div class=\"meps_bloc_tbl_cll\">Toutes les photos de la braderie sont disponibles sur :<br \/>\n&#8211; <a href=\"https:\/\/www.facebook.com\/1528374570756772\/photos\/?tab=album&amp;album_id=1727077670886460\" target=\"_blank\">Facebook<\/a><br \/>\n&#8211; <a href=\"https:\/\/goo.gl\/photos\/i2KUiwst2Z2skYP9A\" target=\"_blank\">Google+<\/a><\/div>\n<\/div>\n<\/div>\n<\/div>\n<div class=\"mep_standard1\">\n<div class=\"meps_bloc_tbl\">\n<div class=\"meps_bloc_tbl_rw\">\n<div class=\"meps_bloc_tbl_cll\">\n<div align=\"center\"><img decoding=\"async\" src=\"http:\/\/img4.hostingpics.net\/pics\/491650DSC0034.jpg\"><\/div>\n<\/div>\n<\/div>\n<\/div>\n<\/div>\n<div id=\"wctamre0\" class=\"wctamre\">&nbsp;<\/div>\n<div class=\"mep_standard1\">&nbsp;<\/div>\n<\/div>\n","protected":false},"excerpt":{"rendered":"<p>2016 est l&rsquo;ann\u00e9e du renouveau pour le V\u00e9loclub faumontois, apr\u00e8s sa seconde \u00e9dition de sa rando cyclo \u00ab\u00a0La Ronde de la Fraise\u00a0\u00bb et la cr\u00e9ation de sa nouvelle randonn\u00e9e VTT&#8230;<\/p>\n","protected":false},"author":1,"featured_media":444,"comment_status":"open","ping_status":"open","sticky":false,"template":"","format":"standard","meta":{"ngg_post_thumbnail":0,"jetpack_post_was_ever_published":false,"_jetpack_newsletter_access":"","two_page_speed":[],"footnotes":"","jetpack_publicize_message":"","jetpack_is_tweetstorm":false,"jetpack_publicize_feature_enabled":true,"jetpack_social_post_already_shared":true,"jetpack_social_options":{"image_generator_settings":{"template":"highway","enabled":false}}},"categories":[3,10],"tags":[],"class_list":["post-375","post","type-post","status-publish","format-standard","has-post-thumbnail","hentry","category-evenements","category-vie-du-club"],"jetpack_publicize_connections":[],"jetpack_featured_media_url":"https:\/\/veloclubfaumont.fr\/wp-content\/uploads\/2016\/08\/DSC_0003.jpg","jetpack_sharing_enabled":true,"jetpack_shortlink":"https:\/\/wp.me\/p8bXJp-63","_links":{"self":[{"href":"https:\/\/veloclubfaumont.fr\/index.php\/wp-json\/wp\/v2\/posts\/375","targetHints":{"allow":["GET"]}}],"collection":[{"href":"https:\/\/veloclubfaumont.fr\/index.php\/wp-json\/wp\/v2\/posts"}],"about":[{"href":"https:\/\/veloclubfaumont.fr\/index.php\/wp-json\/wp\/v2\/types\/post"}],"author":[{"embeddable":true,"href":"https:\/\/veloclubfaumont.fr\/index.php\/wp-json\/wp\/v2\/users\/1"}],"replies":[{"embeddable":true,"href":"https:\/\/veloclubfaumont.fr\/index.php\/wp-json\/wp\/v2\/comments?post=375"}],"version-history":[{"count":0,"href":"https:\/\/veloclubfaumont.fr\/index.php\/wp-json\/wp\/v2\/posts\/375\/revisions"}],"wp:featuredmedia":[{"embeddable":true,"href":"https:\/\/veloclubfaumont.fr\/index.php\/wp-json\/wp\/v2\/media\/444"}],"wp:attachment":[{"href":"https:\/\/veloclubfaumont.fr\/index.php\/wp-json\/wp\/v2\/media?parent=375"}],"wp:term":[{"taxonomy":"category","embeddable":true,"href":"https:\/\/veloclubfaumont.fr\/index.php\/wp-json\/wp\/v2\/categories?post=375"},{"taxonomy":"post_tag","embeddable":true,"href":"https:\/\/veloclubfaumont.fr\/index.php\/wp-json\/wp\/v2\/tags?post=375"}],"curies":[{"name":"wp","href":"https:\/\/api.w.org\/{rel}","templated":true}]}}