{"id":520,"date":"2016-11-30T15:04:53","date_gmt":"2016-11-30T14:04:53","guid":{"rendered":"http:\/\/veloclubfaumont.fr\/?p=520"},"modified":"2016-12-29T09:59:42","modified_gmt":"2016-12-29T08:59:42","slug":"raid-des-trois-vallees-vtt-saint-saulve-50-km","status":"publish","type":"post","link":"https:\/\/veloclubfaumont.fr\/index.php\/2016\/11\/30\/raid-des-trois-vallees-vtt-saint-saulve-50-km\/","title":{"rendered":"Raid des Trois Vall\u00e9es VTT Saint-Saulve (50 km)"},"content":{"rendered":"<p>Nous \u00e9tions 12 du VCF (Gilles, Vincent, Fred, Jean-Louis, Fil, Arno, Carol, S\u00e9bastien, Christophe, Denis, St\u00e9phane et Olivier) \u00e0 participer \u00e0 l\u2019immanquable rando des 3 vall\u00e9es de St Saulve. Nous n\u2019avons pas vu le soleil (sauf au retour \u00e0 la salle), mais la m\u00e9t\u00e9o automnale \u00e9tait correcte malgr\u00e9 une l\u00e9g\u00e8re bruine.<\/p>\n<p>Au d\u00e9part, on croise bien \u00e9videmment les Renards, puis les B\u00e9canes Sauvages. Sur le parcours, ce sera au tour de la Thierrache et des Crazy Frog de M\u00e9rignies, ainsi q<span class=\"text_exposed_show\">ue les belges mordus du v\u00e9lo. Cette ann\u00e9e, le parcours se fera un peu \u00e0 l\u2019envers et quelques nouveaut\u00e9s \u00e9taient au rendez-vous comme un beau passage en for\u00eat juste au-dessus du Caillou qui Bique. Tr\u00e8s sympa, mais dommage qu\u2019on n\u2019ait pas pu longer comme avant le fameux caillou\u2026 <\/span><\/p>\n<p><span class=\"text_exposed_show\">Pour le reste, \u00e7a ne faisait que monter et descendre, donc pas ennuyeux du tout. Ensuite, le fl\u00e9chage \u00e9tait nickel avec des fl\u00e8ches noires sur fond jaune fluo tr\u00e8s visibles et bien positionn\u00e9es. RAS. Idem pour le ravito et les nombreux b\u00e9n\u00e9voles post\u00e9s aux carrefours dangereux. De retour \u00e0 la salle, on passe au bike-wash pour laver les v\u00e9los qui en avaient bien besoin. <\/span><\/p>\n<p><span class=\"text_exposed_show\">Une rando au top (malgr\u00e9 une crevaison de Jean-Louis due \u00e0 des cailloux trop saillants ayant abim\u00e9 le flanc de son pneu arri\u00e8re\u2026 le latex de son tubeless fut h\u00e9las inefficace \u00e0 cet endroit\u2026) mais heureusement que les copains \u00e9taient l\u00e0 pour l\u2019aider \u00e0 remettre une chambre \u00e0 air !<\/span><\/p>\n<div class=\"text_exposed_show\">\n<p>PS : merci \u00e0 Erick Mizzi de \u00ab&nbsp;Courons du Nord&nbsp;\u00bb pour les photos<\/p>\n<p style=\"text-align: center;\"><div id=\"grid-gallery-2-14128\" data-gg-id=\"2\" data-title=\"St Saulve 2016\" data-grid-type=\"0\" data-offset=\"5.3\" data-area-position=\"center\" data-icons=\"false\" data-preloader=\"\" data-width=\"215\" data-height=\"215\" data-padding=\"\" data-quicksand=\"disabled\" data-quicksand-duration=\"none\" data-popup-theme=\"theme_6\" data-popup-type=\"pretty-photo\" data-popup-image-text=\"title\" data-popup-widthsize=\"auto\" data-popup-heightsize=\"auto\" data-popup-i18n-words=\"{&quot;close&quot;:&quot;fermer&quot;,&quot;next&quot;:&quot;suivant&quot;,&quot;previous&quot;:&quot;pr\\u00e9c\\u00e9dent&quot;,&quot;start_slideshow&quot;:&quot;d\\u00e9marrer le diaporama&quot;,&quot;stop_slideshow&quot;:&quot;arr\\u00e9ter le diaporama&quot;,&quot;image&quot;:&quot;image&quot;,&quot;of&quot;:&quot;de&quot;,&quot;prev&quot;:&quot;pr\\u00e9c.&quot;,&quot;cExpand&quot;:&quot;Agrandir&quot;,&quot;cPrevious&quot;:&quot;Pr\\u00e9c\\u00e9dent&quot;,&quot;cNext&quot;:&quot;Suivant&quot;,&quot;cExpandStr&quot;:&quot;Agrandir l&#039;image&quot;,&quot;cRotate&quot;:&quot;Pivoter&quot;,&quot;cDetails&quot;:&quot;Details&quot;}\" data-popup-slideshow=\"false\" data-popup-slideshow-speed=\"2500\" data-popup-hoverstop=\"true\" data-popup-slideshow-auto=\"false\" data-popup-background=\"\" data-popup-transparency=\"30\" data-popup-disable-history=\"\" data-popup-disable-changed-url=\"\" data-popup-border-type=\"\" data-popup-border-color=\"\" data-popup-border-width=\"\" data-popup-border-enable=\"\" data-fullscreen=\"false\" data-hide-tooltip=\"\" data-caption-font-family=\"\" data-caption-text-size=\"14px\" data-is-mobile=\"0\" data-caption-mobile=\"false\" data-hide-long-tltp-title=\"0\" data-caption-disabled-on-mobile=\"false\" data-popup-placement-type=\"0\" data-social-sharing=\"{&quot;enabled&quot;:null,&quot;gallerySharing&quot;:{&quot;enabled&quot;:null,&quot;position&quot;:null},&quot;imageSharing&quot;:{&quot;enabled&quot;:null,&quot;wrapperClass&quot;:&quot; vertical &quot;},&quot;popupSharing&quot;:{&quot;enabled&quot;:null,&quot;wrapperClass&quot;:&quot; vertical &quot;}}\" class=\"grid-gallery grid-gallery-fixed \" style=\" width:100%; height:auto; margin-left:auto; margin-right:auto;position:relative;\"> <div class=\"gallery-loading\"> <div class=\"blocks\"> <div class=\"block\"><\/div> <div class=\"block\"><\/div> <div class=\"block\"><\/div> <div class=\"block\"><\/div> <\/div> <\/div> <div class=\"gallery-sharing-top\"><\/div> <div id=\"photos-2\" class=\"grid-gallery-photos\"><a id=\"gg-2-42\" class=\"gg-link \" data-attachment-id=\"522\" href=\"https:\/\/veloclubfaumont.fr\/wp-content\/uploads\/2016\/12\/Rando-Raid-des-trois-vallees-Saint-Saulve-2016-151.jpg?gid=2\" target=\"_self\" title=\"Rando-Raid-des-trois-vallees-Saint-Saulve-2016-151\" data-rel=\"prettyPhoto[pp_gal]\" style=\"border-radius:0px;\" ><FIGURE class=\"grid-gallery-caption\" data-grid-gallery-type=\"quarter-slide-up\" data-index=\"0\" style=\"display:none;border-radius:0px;; margin:5.3px; width:215px;\" ><div class=\"crop\" style=\" width:215px; height:215px; overflow:hidden;\"><img decoding=\"async\" src=\"http:\/\/veloclubfaumont.fr\/wp-content\/uploads\/2016\/12\/Rando-Raid-des-trois-vallees-Saint-Saulve-2016-151-215x215.jpg\" class=\"ggImg\" alt=\"Rando-Raid-des-trois-vallees-Saint-Saulve-2016-151\" title=\"Rando-Raid-des-trois-vallees-Saint-Saulve-2016-151\" data-description=\"Rando-Raid-des-trois-vallees-Saint-Saulve-2016-151\" data-caption=\"Rando-Raid-des-trois-vallees-Saint-Saulve-2016-151\" data-title=\"Rando-Raid-des-trois-vallees-Saint-Saulve-2016-151\" style=\" width:215px; height:215px;\" \/><\/div><FIGCAPTION class=\"\" data-alpha=\"5\" style=\"color:#ffffff; background-color:#6f0000; font-size:14px; text-align:2; font-family:;\" ><div class=\"grid-gallery-figcaption-wrap\" style=\" vertical-align:;\"><\/div><\/FIGCAPTION><\/FIGURE><\/a><a id=\"gg-2-43\" class=\"gg-link \" data-attachment-id=\"523\" href=\"https:\/\/veloclubfaumont.fr\/wp-content\/uploads\/2016\/12\/Rando-Raid-des-trois-vallees-Saint-Saulve-2016-152.jpg?gid=2\" target=\"_self\" title=\"Rando-Raid-des-trois-vallees-Saint-Saulve-2016-152\" data-rel=\"prettyPhoto[pp_gal]\" style=\"border-radius:0px;\" ><FIGURE class=\"grid-gallery-caption\" data-grid-gallery-type=\"quarter-slide-up\" data-index=\"1\" style=\"display:none;border-radius:0px;; margin:5.3px; width:215px;\" ><div class=\"crop\" style=\" width:215px; height:215px; overflow:hidden;\"><img decoding=\"async\" src=\"http:\/\/veloclubfaumont.fr\/wp-content\/uploads\/2016\/12\/Rando-Raid-des-trois-vallees-Saint-Saulve-2016-152-215x215.jpg\" class=\"ggImg\" alt=\"Rando-Raid-des-trois-vallees-Saint-Saulve-2016-152\" title=\"Rando-Raid-des-trois-vallees-Saint-Saulve-2016-152\" data-description=\"Rando-Raid-des-trois-vallees-Saint-Saulve-2016-152\" data-caption=\"Rando-Raid-des-trois-vallees-Saint-Saulve-2016-152\" data-title=\"Rando-Raid-des-trois-vallees-Saint-Saulve-2016-152\" style=\" width:215px; height:215px;\" \/><\/div><FIGCAPTION class=\"\" data-alpha=\"5\" style=\"color:#ffffff; background-color:#6f0000; font-size:14px; text-align:2; font-family:;\" ><div class=\"grid-gallery-figcaption-wrap\" style=\" vertical-align:;\"><\/div><\/FIGCAPTION><\/FIGURE><\/a><a id=\"gg-2-44\" class=\"gg-link \" data-attachment-id=\"524\" href=\"https:\/\/veloclubfaumont.fr\/wp-content\/uploads\/2016\/12\/Rando-Raid-des-trois-vallees-Saint-Saulve-2016-153.jpg?gid=2\" target=\"_self\" title=\"Rando-Raid-des-trois-vallees-Saint-Saulve-2016-153\" data-rel=\"prettyPhoto[pp_gal]\" style=\"border-radius:0px;\" ><FIGURE class=\"grid-gallery-caption\" data-grid-gallery-type=\"quarter-slide-up\" data-index=\"2\" style=\"display:none;border-radius:0px;; margin:5.3px; width:215px;\" ><div class=\"crop\" style=\" width:215px; height:215px; overflow:hidden;\"><img decoding=\"async\" src=\"http:\/\/veloclubfaumont.fr\/wp-content\/uploads\/2016\/12\/Rando-Raid-des-trois-vallees-Saint-Saulve-2016-153-215x215.jpg\" class=\"ggImg\" alt=\"Rando-Raid-des-trois-vallees-Saint-Saulve-2016-153\" title=\"Rando-Raid-des-trois-vallees-Saint-Saulve-2016-153\" data-description=\"Rando-Raid-des-trois-vallees-Saint-Saulve-2016-153\" data-caption=\"Rando-Raid-des-trois-vallees-Saint-Saulve-2016-153\" data-title=\"Rando-Raid-des-trois-vallees-Saint-Saulve-2016-153\" style=\" width:215px; height:215px;\" \/><\/div><FIGCAPTION class=\"\" data-alpha=\"5\" style=\"color:#ffffff; background-color:#6f0000; font-size:14px; text-align:2; font-family:;\" ><div class=\"grid-gallery-figcaption-wrap\" style=\" vertical-align:;\"><\/div><\/FIGCAPTION><\/FIGURE><\/a><a id=\"gg-2-45\" class=\"gg-link \" data-attachment-id=\"525\" href=\"https:\/\/veloclubfaumont.fr\/wp-content\/uploads\/2016\/12\/Rando-Raid-des-trois-vallees-Saint-Saulve-2016-156.jpg?gid=2\" target=\"_self\" title=\"Rando-Raid-des-trois-vallees-Saint-Saulve-2016-156\" data-rel=\"prettyPhoto[pp_gal]\" style=\"border-radius:0px;\" ><FIGURE class=\"grid-gallery-caption\" data-grid-gallery-type=\"quarter-slide-up\" data-index=\"3\" style=\"display:none;border-radius:0px;; margin:5.3px; width:215px;\" ><div class=\"crop\" style=\" width:215px; height:215px; overflow:hidden;\"><img decoding=\"async\" src=\"http:\/\/veloclubfaumont.fr\/wp-content\/uploads\/2016\/12\/Rando-Raid-des-trois-vallees-Saint-Saulve-2016-156-215x215.jpg\" class=\"ggImg\" alt=\"Rando-Raid-des-trois-vallees-Saint-Saulve-2016-156\" title=\"Rando-Raid-des-trois-vallees-Saint-Saulve-2016-156\" data-description=\"Rando-Raid-des-trois-vallees-Saint-Saulve-2016-156\" data-caption=\"Rando-Raid-des-trois-vallees-Saint-Saulve-2016-156\" data-title=\"Rando-Raid-des-trois-vallees-Saint-Saulve-2016-156\" style=\" width:215px; height:215px;\" \/><\/div><FIGCAPTION class=\"\" data-alpha=\"5\" style=\"color:#ffffff; background-color:#6f0000; font-size:14px; text-align:2; font-family:;\" ><div class=\"grid-gallery-figcaption-wrap\" style=\" vertical-align:;\"><\/div><\/FIGCAPTION><\/FIGURE><\/a><a id=\"gg-2-46\" class=\"gg-link \" data-attachment-id=\"526\" href=\"https:\/\/veloclubfaumont.fr\/wp-content\/uploads\/2016\/12\/Rando-Raid-des-trois-vallees-Saint-Saulve-2016-157.jpg?gid=2\" target=\"_self\" title=\"Rando-Raid-des-trois-vallees-Saint-Saulve-2016-157\" data-rel=\"prettyPhoto[pp_gal]\" style=\"border-radius:0px;\" ><FIGURE class=\"grid-gallery-caption\" data-grid-gallery-type=\"quarter-slide-up\" data-index=\"4\" style=\"display:none;border-radius:0px;; margin:5.3px; width:215px;\" ><div class=\"crop\" style=\" width:215px; height:215px; overflow:hidden;\"><img decoding=\"async\" src=\"http:\/\/veloclubfaumont.fr\/wp-content\/uploads\/2016\/12\/Rando-Raid-des-trois-vallees-Saint-Saulve-2016-157-215x215.jpg\" class=\"ggImg\" alt=\"Rando-Raid-des-trois-vallees-Saint-Saulve-2016-157\" title=\"Rando-Raid-des-trois-vallees-Saint-Saulve-2016-157\" data-description=\"Rando-Raid-des-trois-vallees-Saint-Saulve-2016-157\" data-caption=\"Rando-Raid-des-trois-vallees-Saint-Saulve-2016-157\" data-title=\"Rando-Raid-des-trois-vallees-Saint-Saulve-2016-157\" style=\" width:215px; height:215px;\" \/><\/div><FIGCAPTION class=\"\" data-alpha=\"5\" style=\"color:#ffffff; background-color:#6f0000; font-size:14px; text-align:2; font-family:;\" ><div class=\"grid-gallery-figcaption-wrap\" style=\" vertical-align:;\"><\/div><\/FIGCAPTION><\/FIGURE><\/a><a id=\"gg-2-47\" class=\"gg-link \" data-attachment-id=\"527\" href=\"https:\/\/veloclubfaumont.fr\/wp-content\/uploads\/2016\/12\/Rando-Raid-des-trois-vallees-Saint-Saulve-2016-192.jpg?gid=2\" target=\"_self\" title=\"Rando-Raid-des-trois-vallees-Saint-Saulve-2016-192\" data-rel=\"prettyPhoto[pp_gal]\" style=\"border-radius:0px;\" ><FIGURE class=\"grid-gallery-caption\" data-grid-gallery-type=\"quarter-slide-up\" data-index=\"5\" style=\"display:none;border-radius:0px;; margin:5.3px; width:215px;\" ><div class=\"crop\" style=\" width:215px; height:215px; overflow:hidden;\"><img decoding=\"async\" src=\"http:\/\/veloclubfaumont.fr\/wp-content\/uploads\/2016\/12\/Rando-Raid-des-trois-vallees-Saint-Saulve-2016-192-215x215.jpg\" class=\"ggImg\" alt=\"Rando-Raid-des-trois-vallees-Saint-Saulve-2016-192\" title=\"Rando-Raid-des-trois-vallees-Saint-Saulve-2016-192\" data-description=\"Rando-Raid-des-trois-vallees-Saint-Saulve-2016-192\" data-caption=\"Rando-Raid-des-trois-vallees-Saint-Saulve-2016-192\" data-title=\"Rando-Raid-des-trois-vallees-Saint-Saulve-2016-192\" style=\" width:215px; height:215px;\" \/><\/div><FIGCAPTION class=\"\" data-alpha=\"5\" style=\"color:#ffffff; background-color:#6f0000; font-size:14px; text-align:2; font-family:;\" ><div class=\"grid-gallery-figcaption-wrap\" style=\" vertical-align:;\"><\/div><\/FIGCAPTION><\/FIGURE><\/a><a id=\"gg-2-48\" class=\"gg-link \" data-attachment-id=\"528\" href=\"https:\/\/veloclubfaumont.fr\/wp-content\/uploads\/2016\/12\/Rando-Raid-des-trois-vallees-Saint-Saulve-2016-193.jpg?gid=2\" target=\"_self\" title=\"Rando-Raid-des-trois-vallees-Saint-Saulve-2016-193\" data-rel=\"prettyPhoto[pp_gal]\" style=\"border-radius:0px;\" ><FIGURE class=\"grid-gallery-caption\" data-grid-gallery-type=\"quarter-slide-up\" data-index=\"6\" style=\"display:none;border-radius:0px;; margin:5.3px; width:215px;\" ><div class=\"crop\" style=\" width:215px; height:215px; overflow:hidden;\"><img decoding=\"async\" src=\"http:\/\/veloclubfaumont.fr\/wp-content\/uploads\/2016\/12\/Rando-Raid-des-trois-vallees-Saint-Saulve-2016-193-215x215.jpg\" class=\"ggImg\" alt=\"Rando-Raid-des-trois-vallees-Saint-Saulve-2016-193\" title=\"Rando-Raid-des-trois-vallees-Saint-Saulve-2016-193\" data-description=\"Rando-Raid-des-trois-vallees-Saint-Saulve-2016-193\" data-caption=\"Rando-Raid-des-trois-vallees-Saint-Saulve-2016-193\" data-title=\"Rando-Raid-des-trois-vallees-Saint-Saulve-2016-193\" style=\" width:215px; height:215px;\" \/><\/div><FIGCAPTION class=\"\" data-alpha=\"5\" style=\"color:#ffffff; background-color:#6f0000; font-size:14px; text-align:2; font-family:;\" ><div class=\"grid-gallery-figcaption-wrap\" style=\" vertical-align:;\"><\/div><\/FIGCAPTION><\/FIGURE><\/a><a id=\"gg-2-49\" class=\"gg-link \" data-attachment-id=\"529\" href=\"https:\/\/veloclubfaumont.fr\/wp-content\/uploads\/2016\/12\/Rando-Raid-des-trois-vallees-Saint-Saulve-2016-194.jpg?gid=2\" target=\"_self\" title=\"Rando-Raid-des-trois-vallees-Saint-Saulve-2016-194\" data-rel=\"prettyPhoto[pp_gal]\" style=\"border-radius:0px;\" ><FIGURE class=\"grid-gallery-caption\" data-grid-gallery-type=\"quarter-slide-up\" data-index=\"7\" style=\"display:none;border-radius:0px;; margin:5.3px; width:215px;\" ><div class=\"crop\" style=\" width:215px; height:215px; overflow:hidden;\"><img decoding=\"async\" src=\"http:\/\/veloclubfaumont.fr\/wp-content\/uploads\/2016\/12\/Rando-Raid-des-trois-vallees-Saint-Saulve-2016-194-215x215.jpg\" class=\"ggImg\" alt=\"Rando-Raid-des-trois-vallees-Saint-Saulve-2016-194\" title=\"Rando-Raid-des-trois-vallees-Saint-Saulve-2016-194\" data-description=\"Rando-Raid-des-trois-vallees-Saint-Saulve-2016-194\" data-caption=\"Rando-Raid-des-trois-vallees-Saint-Saulve-2016-194\" data-title=\"Rando-Raid-des-trois-vallees-Saint-Saulve-2016-194\" style=\" width:215px; height:215px;\" \/><\/div><FIGCAPTION class=\"\" data-alpha=\"5\" style=\"color:#ffffff; background-color:#6f0000; font-size:14px; text-align:2; font-family:;\" ><div class=\"grid-gallery-figcaption-wrap\" style=\" vertical-align:;\"><\/div><\/FIGCAPTION><\/FIGURE><\/a><a id=\"gg-2-50\" class=\"gg-link \" data-attachment-id=\"530\" href=\"https:\/\/veloclubfaumont.fr\/wp-content\/uploads\/2016\/12\/Rando-Raid-des-trois-vallees-Saint-Saulve-2016-195.jpg?gid=2\" target=\"_self\" title=\"Rando-Raid-des-trois-vallees-Saint-Saulve-2016-195\" data-rel=\"prettyPhoto[pp_gal]\" style=\"border-radius:0px;\" ><FIGURE class=\"grid-gallery-caption\" data-grid-gallery-type=\"quarter-slide-up\" data-index=\"8\" style=\"display:none;border-radius:0px;; margin:5.3px; width:215px;\" ><div class=\"crop\" style=\" width:215px; height:215px; overflow:hidden;\"><img decoding=\"async\" src=\"http:\/\/veloclubfaumont.fr\/wp-content\/uploads\/2016\/12\/Rando-Raid-des-trois-vallees-Saint-Saulve-2016-195-215x215.jpg\" class=\"ggImg\" alt=\"Rando-Raid-des-trois-vallees-Saint-Saulve-2016-195\" title=\"Rando-Raid-des-trois-vallees-Saint-Saulve-2016-195\" data-description=\"Rando-Raid-des-trois-vallees-Saint-Saulve-2016-195\" data-caption=\"Rando-Raid-des-trois-vallees-Saint-Saulve-2016-195\" data-title=\"Rando-Raid-des-trois-vallees-Saint-Saulve-2016-195\" style=\" width:215px; height:215px;\" \/><\/div><FIGCAPTION class=\"\" data-alpha=\"5\" style=\"color:#ffffff; background-color:#6f0000; font-size:14px; text-align:2; font-family:;\" ><div class=\"grid-gallery-figcaption-wrap\" style=\" vertical-align:;\"><\/div><\/FIGCAPTION><\/FIGURE><\/a> <div class=\"grid-gallery-clearfix\"><\/div> <\/div> <div class=\"gallery-sharing-bottom\"><\/div> <div class=\"grid-gallery-clearfix\"><\/div> <\/div> <!-- Gallery by Supsystic plugin1.15.12 --><\/p>\n<\/div>\n","protected":false},"excerpt":{"rendered":"<p>Nous \u00e9tions 12 du VCF (Gilles, Vincent, Fred, Jean-Louis, Fil, Arno, Carol, S\u00e9bastien, Christophe, Denis, St\u00e9phane et Olivier) \u00e0 participer \u00e0 l\u2019immanquable rando des 3 vall\u00e9es de St Saulve. Nous&#8230;<\/p>\n","protected":false},"author":1,"featured_media":527,"comment_status":"open","ping_status":"open","sticky":false,"template":"","format":"standard","meta":{"ngg_post_thumbnail":0,"jetpack_post_was_ever_published":false,"_jetpack_newsletter_access":"","two_page_speed":[],"footnotes":"","jetpack_publicize_message":"","jetpack_is_tweetstorm":false,"jetpack_publicize_feature_enabled":true,"jetpack_social_post_already_shared":true,"jetpack_social_options":{"image_generator_settings":{"template":"highway","enabled":false}}},"categories":[2,18],"tags":[],"class_list":["post-520","post","type-post","status-publish","format-standard","has-post-thumbnail","hentry","category-randonnees-exterieures","category-sorties-2016"],"jetpack_publicize_connections":[],"jetpack_featured_media_url":"https:\/\/veloclubfaumont.fr\/wp-content\/uploads\/2016\/12\/Rando-Raid-des-trois-vallees-Saint-Saulve-2016-192.jpg","jetpack_sharing_enabled":true,"jetpack_shortlink":"https:\/\/wp.me\/p8bXJp-8o","_links":{"self":[{"href":"https:\/\/veloclubfaumont.fr\/index.php\/wp-json\/wp\/v2\/posts\/520","targetHints":{"allow":["GET"]}}],"collection":[{"href":"https:\/\/veloclubfaumont.fr\/index.php\/wp-json\/wp\/v2\/posts"}],"about":[{"href":"https:\/\/veloclubfaumont.fr\/index.php\/wp-json\/wp\/v2\/types\/post"}],"author":[{"embeddable":true,"href":"https:\/\/veloclubfaumont.fr\/index.php\/wp-json\/wp\/v2\/users\/1"}],"replies":[{"embeddable":true,"href":"https:\/\/veloclubfaumont.fr\/index.php\/wp-json\/wp\/v2\/comments?post=520"}],"version-history":[{"count":0,"href":"https:\/\/veloclubfaumont.fr\/index.php\/wp-json\/wp\/v2\/posts\/520\/revisions"}],"wp:featuredmedia":[{"embeddable":true,"href":"https:\/\/veloclubfaumont.fr\/index.php\/wp-json\/wp\/v2\/media\/527"}],"wp:attachment":[{"href":"https:\/\/veloclubfaumont.fr\/index.php\/wp-json\/wp\/v2\/media?parent=520"}],"wp:term":[{"taxonomy":"category","embeddable":true,"href":"https:\/\/veloclubfaumont.fr\/index.php\/wp-json\/wp\/v2\/categories?post=520"},{"taxonomy":"post_tag","embeddable":true,"href":"https:\/\/veloclubfaumont.fr\/index.php\/wp-json\/wp\/v2\/tags?post=520"}],"curies":[{"name":"wp","href":"https:\/\/api.w.org\/{rel}","templated":true}]}}