{"id":64862,"date":"2025-08-17T14:22:40","date_gmt":"2025-08-17T12:22:40","guid":{"rendered":"https:\/\/veloclubfaumont.fr\/?p=64862"},"modified":"2025-08-17T14:22:40","modified_gmt":"2025-08-17T12:22:40","slug":"flechage-nocturne-faumont-2025","status":"publish","type":"post","link":"https:\/\/veloclubfaumont.fr\/index.php\/2025\/08\/17\/flechage-nocturne-faumont-2025\/","title":{"rendered":"Fl\u00e9chage Nocturne Faumont 2025"},"content":{"rendered":"\n<div dir=\"auto\">Ce dimanche, toute la team VTT du VCF \u00e9taient pr\u00e9sente pour la premi\u00e8re partie du balisage de notre nocturne.<\/div>\n<div dir=\"auto\">&nbsp;<\/div>\n<div dir=\"auto\" style=\"text-align: center;\"><a href=\"https:\/\/veloclubfaumont.fr\/wp-content\/uploads\/2025\/08\/WhatsApp-Image-2025-08-17-a-12.39.58_7c8d9b0b.jpg\"><img loading=\"lazy\" decoding=\"async\" class=\"aligncenter size-full wp-image-64850\" src=\"https:\/\/veloclubfaumont.fr\/wp-content\/uploads\/2025\/08\/WhatsApp-Image-2025-08-17-a-12.39.58_7c8d9b0b.jpg\" alt=\"\" width=\"2048\" height=\"1536\" srcset=\"https:\/\/veloclubfaumont.fr\/wp-content\/uploads\/2025\/08\/WhatsApp-Image-2025-08-17-a-12.39.58_7c8d9b0b.jpg 2048w, https:\/\/veloclubfaumont.fr\/wp-content\/uploads\/2025\/08\/WhatsApp-Image-2025-08-17-a-12.39.58_7c8d9b0b-300x225.jpg 300w, https:\/\/veloclubfaumont.fr\/wp-content\/uploads\/2025\/08\/WhatsApp-Image-2025-08-17-a-12.39.58_7c8d9b0b-1024x768.jpg 1024w, https:\/\/veloclubfaumont.fr\/wp-content\/uploads\/2025\/08\/WhatsApp-Image-2025-08-17-a-12.39.58_7c8d9b0b-768x576.jpg 768w, https:\/\/veloclubfaumont.fr\/wp-content\/uploads\/2025\/08\/WhatsApp-Image-2025-08-17-a-12.39.58_7c8d9b0b-1536x1152.jpg 1536w, https:\/\/veloclubfaumont.fr\/wp-content\/uploads\/2025\/08\/WhatsApp-Image-2025-08-17-a-12.39.58_7c8d9b0b-600x450.jpg 600w\" sizes=\"auto, (max-width: 2048px) 100vw, 2048px\" \/><\/a><\/div>\n<div dir=\"auto\" style=\"text-align: center;\"><em>briefing avant de partir<\/em><\/div>\n<div dir=\"auto\">&nbsp;<\/div>\n<div dir=\"auto\">Comme les ann\u00e9es pr\u00e9c\u00e9dentes, double fl\u00e9chage avec des chevrons orange \u00e0 la bombe sur le bitume et des fl\u00e8ches jaunes r\u00e9fl\u00e9chissantes en a\u00e9rien pour compl\u00e9ter.<\/div>\n<div dir=\"auto\">&nbsp;<\/div>\n<div dir=\"auto\" style=\"text-align: center;\">\n<table style=\"border-collapse: collapse; width: 100%;\">\n<tbody>\n<tr>\n<td style=\"width: 50%;\"><a href=\"https:\/\/veloclubfaumont.fr\/wp-content\/uploads\/2025\/08\/IMG_20250817_104800.jpg\"><br><img loading=\"lazy\" decoding=\"async\" class=\"aligncenter size-full wp-image-64858\" src=\"https:\/\/veloclubfaumont.fr\/wp-content\/uploads\/2025\/08\/IMG_20250817_104800.jpg\" alt=\"\" width=\"1920\" height=\"864\" srcset=\"https:\/\/veloclubfaumont.fr\/wp-content\/uploads\/2025\/08\/IMG_20250817_104800.jpg 1920w, https:\/\/veloclubfaumont.fr\/wp-content\/uploads\/2025\/08\/IMG_20250817_104800-300x135.jpg 300w, https:\/\/veloclubfaumont.fr\/wp-content\/uploads\/2025\/08\/IMG_20250817_104800-1024x461.jpg 1024w, https:\/\/veloclubfaumont.fr\/wp-content\/uploads\/2025\/08\/IMG_20250817_104800-768x346.jpg 768w, https:\/\/veloclubfaumont.fr\/wp-content\/uploads\/2025\/08\/IMG_20250817_104800-1536x691.jpg 1536w, https:\/\/veloclubfaumont.fr\/wp-content\/uploads\/2025\/08\/IMG_20250817_104800-600x270.jpg 600w\" sizes=\"auto, (max-width: 1920px) 100vw, 1920px\" \/><\/a><\/td>\n<td style=\"width: 50%;\"><a href=\"https:\/\/veloclubfaumont.fr\/wp-content\/uploads\/2025\/08\/58-YxzzNV2Xy8zZE6HCkJqjKiZpjE2nrVwO7ag0wLR0-945x2048-1.jpg\"><img loading=\"lazy\" decoding=\"async\" class=\"aligncenter size-full wp-image-64857\" src=\"https:\/\/veloclubfaumont.fr\/wp-content\/uploads\/2025\/08\/58-YxzzNV2Xy8zZE6HCkJqjKiZpjE2nrVwO7ag0wLR0-945x2048-1.jpg\" alt=\"\" width=\"945\" height=\"1488\" srcset=\"https:\/\/veloclubfaumont.fr\/wp-content\/uploads\/2025\/08\/58-YxzzNV2Xy8zZE6HCkJqjKiZpjE2nrVwO7ag0wLR0-945x2048-1.jpg 945w, https:\/\/veloclubfaumont.fr\/wp-content\/uploads\/2025\/08\/58-YxzzNV2Xy8zZE6HCkJqjKiZpjE2nrVwO7ag0wLR0-945x2048-1-191x300.jpg 191w, https:\/\/veloclubfaumont.fr\/wp-content\/uploads\/2025\/08\/58-YxzzNV2Xy8zZE6HCkJqjKiZpjE2nrVwO7ag0wLR0-945x2048-1-650x1024.jpg 650w, https:\/\/veloclubfaumont.fr\/wp-content\/uploads\/2025\/08\/58-YxzzNV2Xy8zZE6HCkJqjKiZpjE2nrVwO7ag0wLR0-945x2048-1-768x1209.jpg 768w, https:\/\/veloclubfaumont.fr\/wp-content\/uploads\/2025\/08\/58-YxzzNV2Xy8zZE6HCkJqjKiZpjE2nrVwO7ag0wLR0-945x2048-1-381x600.jpg 381w\" sizes=\"auto, (max-width: 945px) 100vw, 945px\" \/><\/a><\/td>\n<\/tr>\n<\/tbody>\n<\/table>\n<\/div>\n<div dir=\"auto\">&nbsp;<\/div>\n<div dir=\"auto\" style=\"text-align: center;\"><em>chevrons \u00e0 la bombe orange + fl\u00e8che a\u00e9rienne r\u00e9fl\u00e9chissante<\/em><\/div>\n<div dir=\"auto\">\n<div dir=\"auto\">&nbsp;<\/div>\n<div dir=\"auto\">&nbsp;<\/div>\n<div dir=\"auto\" style=\"text-align: center;\"><a href=\"https:\/\/veloclubfaumont.fr\/wp-content\/uploads\/2025\/08\/Rando-2025-08-17-13h17m38s860-scaled.jpg\"><img loading=\"lazy\" decoding=\"async\" class=\"aligncenter size-full wp-image-64852\" src=\"https:\/\/veloclubfaumont.fr\/wp-content\/uploads\/2025\/08\/Rando-2025-08-17-13h17m38s860-scaled.jpg\" alt=\"\" width=\"2560\" height=\"1440\" srcset=\"https:\/\/veloclubfaumont.fr\/wp-content\/uploads\/2025\/08\/Rando-2025-08-17-13h17m38s860-scaled.jpg 2560w, https:\/\/veloclubfaumont.fr\/wp-content\/uploads\/2025\/08\/Rando-2025-08-17-13h17m38s860-300x169.jpg 300w, https:\/\/veloclubfaumont.fr\/wp-content\/uploads\/2025\/08\/Rando-2025-08-17-13h17m38s860-1024x576.jpg 1024w, https:\/\/veloclubfaumont.fr\/wp-content\/uploads\/2025\/08\/Rando-2025-08-17-13h17m38s860-768x432.jpg 768w, https:\/\/veloclubfaumont.fr\/wp-content\/uploads\/2025\/08\/Rando-2025-08-17-13h17m38s860-1536x864.jpg 1536w, https:\/\/veloclubfaumont.fr\/wp-content\/uploads\/2025\/08\/Rando-2025-08-17-13h17m38s860-2048x1152.jpg 2048w, https:\/\/veloclubfaumont.fr\/wp-content\/uploads\/2025\/08\/Rando-2025-08-17-13h17m38s860-777x437.jpg 777w, https:\/\/veloclubfaumont.fr\/wp-content\/uploads\/2025\/08\/Rando-2025-08-17-13h17m38s860-260x146.jpg 260w, https:\/\/veloclubfaumont.fr\/wp-content\/uploads\/2025\/08\/Rando-2025-08-17-13h17m38s860-120x67.jpg 120w, https:\/\/veloclubfaumont.fr\/wp-content\/uploads\/2025\/08\/Rando-2025-08-17-13h17m38s860-600x338.jpg 600w\" sizes=\"auto, (max-width: 2560px) 100vw, 2560px\" \/><\/a><\/div>\n<div dir=\"auto\">&nbsp;<\/div>\n<div dir=\"auto\" style=\"text-align: center;\"><em>bifurcation \u00e0 la bombe et sur panneaux a\u00e9riens<\/em><\/div>\n<\/div>\n<div dir=\"auto\">&nbsp;<\/div>\n<div dir=\"auto\">Le fl\u00e9chage dans les bois se fera \u00e0 la chaux le vendredi matin. Personne ne se perd \u00e0 Faumont, qu&rsquo;on se le dise !<\/div>\n<div dir=\"auto\">&nbsp;<\/div>\n<div dir=\"auto\" style=\"text-align: center;\"><a href=\"https:\/\/veloclubfaumont.fr\/wp-content\/uploads\/2025\/08\/Rando-2025-08-17-13h19m32s257-scaled.jpg\"><img loading=\"lazy\" decoding=\"async\" class=\"aligncenter size-full wp-image-64855\" src=\"https:\/\/veloclubfaumont.fr\/wp-content\/uploads\/2025\/08\/Rando-2025-08-17-13h19m32s257-scaled.jpg\" alt=\"\" width=\"2560\" height=\"1440\" srcset=\"https:\/\/veloclubfaumont.fr\/wp-content\/uploads\/2025\/08\/Rando-2025-08-17-13h19m32s257-scaled.jpg 2560w, https:\/\/veloclubfaumont.fr\/wp-content\/uploads\/2025\/08\/Rando-2025-08-17-13h19m32s257-300x169.jpg 300w, https:\/\/veloclubfaumont.fr\/wp-content\/uploads\/2025\/08\/Rando-2025-08-17-13h19m32s257-1024x576.jpg 1024w, https:\/\/veloclubfaumont.fr\/wp-content\/uploads\/2025\/08\/Rando-2025-08-17-13h19m32s257-768x432.jpg 768w, https:\/\/veloclubfaumont.fr\/wp-content\/uploads\/2025\/08\/Rando-2025-08-17-13h19m32s257-1536x864.jpg 1536w, https:\/\/veloclubfaumont.fr\/wp-content\/uploads\/2025\/08\/Rando-2025-08-17-13h19m32s257-2048x1152.jpg 2048w, https:\/\/veloclubfaumont.fr\/wp-content\/uploads\/2025\/08\/Rando-2025-08-17-13h19m32s257-777x437.jpg 777w, https:\/\/veloclubfaumont.fr\/wp-content\/uploads\/2025\/08\/Rando-2025-08-17-13h19m32s257-260x146.jpg 260w, https:\/\/veloclubfaumont.fr\/wp-content\/uploads\/2025\/08\/Rando-2025-08-17-13h19m32s257-120x67.jpg 120w, https:\/\/veloclubfaumont.fr\/wp-content\/uploads\/2025\/08\/Rando-2025-08-17-13h19m32s257-600x338.jpg 600w\" sizes=\"auto, (max-width: 2560px) 100vw, 2560px\" \/><\/a><\/div>\n<div dir=\"auto\">&nbsp;<\/div>\n<div dir=\"auto\" style=\"text-align: center;\"><em>de retour au QG<\/em><\/div>\n<div dir=\"auto\">&nbsp;<\/div>\n<div dir=\"auto\">A suivre&#8230;.<\/div>\n","protected":false},"excerpt":{"rendered":"<p>Ce dimanche, toute la team VTT du VCF \u00e9taient pr\u00e9sente pour la premi\u00e8re partie du balisage de notre nocturne. &nbsp; briefing avant de partir &nbsp; Comme les ann\u00e9es pr\u00e9c\u00e9dentes, double&#8230;<\/p>\n","protected":false},"author":1,"featured_media":64856,"comment_status":"open","ping_status":"open","sticky":false,"template":"","format":"standard","meta":{"ngg_post_thumbnail":0,"jetpack_post_was_ever_published":false,"_jetpack_newsletter_access":"","two_page_speed":[],"footnotes":"","jetpack_publicize_message":"","jetpack_is_tweetstorm":false,"jetpack_publicize_feature_enabled":true,"jetpack_social_post_already_shared":true,"jetpack_social_options":{"image_generator_settings":{"template":"highway","enabled":false}}},"categories":[22,49],"tags":[],"class_list":["post-64862","post","type-post","status-publish","format-standard","has-post-thumbnail","hentry","category-notre-nocturne-vtt","category-sorties-2025"],"jetpack_publicize_connections":[],"jetpack_featured_media_url":"https:\/\/veloclubfaumont.fr\/wp-content\/uploads\/2025\/08\/Rando-2025-08-17-13h30m31s831-scaled.jpg","jetpack_sharing_enabled":true,"jetpack_shortlink":"https:\/\/wp.me\/p8bXJp-gSa","_links":{"self":[{"href":"https:\/\/veloclubfaumont.fr\/index.php\/wp-json\/wp\/v2\/posts\/64862","targetHints":{"allow":["GET"]}}],"collection":[{"href":"https:\/\/veloclubfaumont.fr\/index.php\/wp-json\/wp\/v2\/posts"}],"about":[{"href":"https:\/\/veloclubfaumont.fr\/index.php\/wp-json\/wp\/v2\/types\/post"}],"author":[{"embeddable":true,"href":"https:\/\/veloclubfaumont.fr\/index.php\/wp-json\/wp\/v2\/users\/1"}],"replies":[{"embeddable":true,"href":"https:\/\/veloclubfaumont.fr\/index.php\/wp-json\/wp\/v2\/comments?post=64862"}],"version-history":[{"count":1,"href":"https:\/\/veloclubfaumont.fr\/index.php\/wp-json\/wp\/v2\/posts\/64862\/revisions"}],"predecessor-version":[{"id":64863,"href":"https:\/\/veloclubfaumont.fr\/index.php\/wp-json\/wp\/v2\/posts\/64862\/revisions\/64863"}],"wp:featuredmedia":[{"embeddable":true,"href":"https:\/\/veloclubfaumont.fr\/index.php\/wp-json\/wp\/v2\/media\/64856"}],"wp:attachment":[{"href":"https:\/\/veloclubfaumont.fr\/index.php\/wp-json\/wp\/v2\/media?parent=64862"}],"wp:term":[{"taxonomy":"category","embeddable":true,"href":"https:\/\/veloclubfaumont.fr\/index.php\/wp-json\/wp\/v2\/categories?post=64862"},{"taxonomy":"post_tag","embeddable":true,"href":"https:\/\/veloclubfaumont.fr\/index.php\/wp-json\/wp\/v2\/tags?post=64862"}],"curies":[{"name":"wp","href":"https:\/\/api.w.org\/{rel}","templated":true}]}}