{"id":64897,"date":"2025-10-22T09:44:38","date_gmt":"2025-10-22T07:44:38","guid":{"rendered":"https:\/\/veloclubfaumont.fr\/?p=64897"},"modified":"2025-10-22T10:09:24","modified_gmt":"2025-10-22T08:09:24","slug":"mes-vacances-vtt-dans-le-perche","status":"publish","type":"post","link":"https:\/\/veloclubfaumont.fr\/index.php\/2025\/10\/22\/mes-vacances-vtt-dans-le-perche\/","title":{"rendered":"Mes vacances VTT dans le Perche"},"content":{"rendered":"\n<p>Depuis quelques ann\u00e9es, je profite de mes vacances estivales pour d\u00e9couvrir les bases VTT fran\u00e7aises. J&rsquo;avais d\u00e9j\u00e0 \u00e9cum\u00e9 quelques secteurs dans <a href=\"https:\/\/veloclubfaumont.fr\/index.php\/2020\/07\/28\/mes-vacances-vtt-dans-le-centre-de-la-france-1-3\/\" target=\"_blank\" rel=\"noopener\">le centre de la France en 2020<\/a>. Cette ann\u00e9e, j&rsquo;ai r\u00e9cidiv\u00e9 en allant passer une semaine dans le Perche et une autre dans le Berry. A chaque fois, je choisis un camping ayant quelques circuits VTT autour de lui.<\/p>\n<p>Pour d\u00e9buter, je me retrouve dans le Perche, dans le d\u00e9partement de la Sarthe pr\u00e8s du Mans. Le camping de Mamers (<a href=\"https:\/\/campingdesportesduperche.com\/\" target=\"_blank\" rel=\"noopener\">les Portes du Perche<\/a>) remplit ces conditions. Peu de monde et donc tr\u00e8s tranquille, avec de nombreux magasins et m\u00eame un cin\u00e9ma (pas cher) \u00e0 proximit\u00e9. Impeccable donc !<\/p>\n<p>Autour de lui, plusieurs circuits VTT allant du vert au noir sont accessibles. Par contre, pas de carte r\u00e9pertoriant les diff\u00e9rents trac\u00e9s n&rsquo;est disponible sur place. Je choisirai donc mes sorties sans le Saosnois uniquement <a href=\"https:\/\/www.tourisme-maine-saosnois.com\/a-voir-a-faire\/balades-et-randonnees\/en-vtt\/\" target=\"_blank\" rel=\"noopener\">via Internet<\/a>.<\/p>\n<p style=\"text-align: center;\"><a href=\"https:\/\/veloclubfaumont.fr\/wp-content\/uploads\/2025\/08\/carte-mamers.jpg\"><img loading=\"lazy\" decoding=\"async\" class=\"aligncenter size-full wp-image-64914\" src=\"https:\/\/veloclubfaumont.fr\/wp-content\/uploads\/2025\/08\/carte-mamers.jpg\" alt=\"\" width=\"1586\" height=\"1123\" srcset=\"https:\/\/veloclubfaumont.fr\/wp-content\/uploads\/2025\/08\/carte-mamers.jpg 1586w, https:\/\/veloclubfaumont.fr\/wp-content\/uploads\/2025\/08\/carte-mamers-300x212.jpg 300w, https:\/\/veloclubfaumont.fr\/wp-content\/uploads\/2025\/08\/carte-mamers-1024x725.jpg 1024w, https:\/\/veloclubfaumont.fr\/wp-content\/uploads\/2025\/08\/carte-mamers-768x544.jpg 768w, https:\/\/veloclubfaumont.fr\/wp-content\/uploads\/2025\/08\/carte-mamers-1536x1088.jpg 1536w, https:\/\/veloclubfaumont.fr\/wp-content\/uploads\/2025\/08\/carte-mamers-600x425.jpg 600w\" sizes=\"auto, (max-width: 1586px) 100vw, 1586px\" \/><\/a><\/p>\n<p style=\"text-align: center;\"><a href=\"https:\/\/cdt72.media.tourinsoft.eu\/upload\/Carte-VTT-Saosnois-Recto-Verso-4.pdf\" target=\"_blank\" rel=\"noopener\">carte avec descriptifs en PDF ici<\/a><\/p>\n<p>En plus, apr\u00e8s mes diverses exp\u00e9riences, le balisage sur le terrain restera tr\u00e8s m\u00e9diocre (une fl\u00e8che sur 2 est absente ou celles qui sont pr\u00e9sentes sont endommag\u00e9es ou illisibles !). Mes sorties se feront donc \u00e0 chaque fois au GPS.<\/p>\n<p style=\"text-align: center;\"><a href=\"https:\/\/veloclubfaumont.fr\/wp-content\/uploads\/2025\/08\/mamers1.jpg\"><img loading=\"lazy\" decoding=\"async\" class=\"aligncenter size-full wp-image-64899\" src=\"https:\/\/veloclubfaumont.fr\/wp-content\/uploads\/2025\/08\/mamers1.jpg\" alt=\"\" width=\"2000\" height=\"900\" srcset=\"https:\/\/veloclubfaumont.fr\/wp-content\/uploads\/2025\/08\/mamers1.jpg 2000w, https:\/\/veloclubfaumont.fr\/wp-content\/uploads\/2025\/08\/mamers1-300x135.jpg 300w, https:\/\/veloclubfaumont.fr\/wp-content\/uploads\/2025\/08\/mamers1-1024x461.jpg 1024w, https:\/\/veloclubfaumont.fr\/wp-content\/uploads\/2025\/08\/mamers1-768x346.jpg 768w, https:\/\/veloclubfaumont.fr\/wp-content\/uploads\/2025\/08\/mamers1-1536x691.jpg 1536w, https:\/\/veloclubfaumont.fr\/wp-content\/uploads\/2025\/08\/mamers1-600x270.jpg 600w\" sizes=\"auto, (max-width: 2000px) 100vw, 2000px\" \/><\/a><\/p>\n<p>Avec ma fille Louise, je commence doucement avec <a href=\"https:\/\/www.tourisme-maine-saosnois.com\/a-voir-a-faire\/balades-et-randonnees\/en-vtt\/\" target=\"_blank\" rel=\"noopener\">le circuit 1 vert de 10 km<\/a>. Ma ch\u00e9rie Nathalie s&rsquo;\u00e9tant p\u00e9t\u00e9 un ligament crois\u00e9 au genou un mois auparavant me laissera seul sur mes sorties VTT cette ann\u00e9e. D\u00e9part tranquille, mais juste apr\u00e8s 1 km, une belle grimpette nous attend pour monter dans les champs.<\/p>\n<p style=\"text-align: center;\"><a href=\"https:\/\/veloclubfaumont.fr\/wp-content\/uploads\/2025\/08\/mamers2.jpg\"><img loading=\"lazy\" decoding=\"async\" class=\"aligncenter size-full wp-image-64900\" src=\"https:\/\/veloclubfaumont.fr\/wp-content\/uploads\/2025\/08\/mamers2.jpg\" alt=\"\" width=\"2000\" height=\"900\" srcset=\"https:\/\/veloclubfaumont.fr\/wp-content\/uploads\/2025\/08\/mamers2.jpg 2000w, https:\/\/veloclubfaumont.fr\/wp-content\/uploads\/2025\/08\/mamers2-300x135.jpg 300w, https:\/\/veloclubfaumont.fr\/wp-content\/uploads\/2025\/08\/mamers2-1024x461.jpg 1024w, https:\/\/veloclubfaumont.fr\/wp-content\/uploads\/2025\/08\/mamers2-768x346.jpg 768w, https:\/\/veloclubfaumont.fr\/wp-content\/uploads\/2025\/08\/mamers2-1536x691.jpg 1536w, https:\/\/veloclubfaumont.fr\/wp-content\/uploads\/2025\/08\/mamers2-600x270.jpg 600w\" sizes=\"auto, (max-width: 2000px) 100vw, 2000px\" \/><\/a><\/p>\n\n\n\n<p>Les paysages l\u00e9g\u00e8rement vallonn\u00e9s sont ma foi assez agr\u00e9ables. Les sentiers sont accessibles avec cependant quelques passages moins faciles mais rien d&rsquo;insurmontable.<\/p>\n<table style=\"border-collapse: collapse; width: 100%;\">\n<tbody>\n<tr>\n<td style=\"width: 50%;\"><a href=\"https:\/\/veloclubfaumont.fr\/wp-content\/uploads\/2025\/08\/mamers3.jpg\"><img loading=\"lazy\" decoding=\"async\" class=\"aligncenter size-full wp-image-64901\" src=\"https:\/\/veloclubfaumont.fr\/wp-content\/uploads\/2025\/08\/mamers3.jpg\" alt=\"\" width=\"900\" height=\"2000\" srcset=\"https:\/\/veloclubfaumont.fr\/wp-content\/uploads\/2025\/08\/mamers3.jpg 900w, https:\/\/veloclubfaumont.fr\/wp-content\/uploads\/2025\/08\/mamers3-135x300.jpg 135w, https:\/\/veloclubfaumont.fr\/wp-content\/uploads\/2025\/08\/mamers3-461x1024.jpg 461w, https:\/\/veloclubfaumont.fr\/wp-content\/uploads\/2025\/08\/mamers3-768x1707.jpg 768w, https:\/\/veloclubfaumont.fr\/wp-content\/uploads\/2025\/08\/mamers3-691x1536.jpg 691w, https:\/\/veloclubfaumont.fr\/wp-content\/uploads\/2025\/08\/mamers3-270x600.jpg 270w\" sizes=\"auto, (max-width: 900px) 100vw, 900px\" \/><\/a><\/td>\n<td style=\"width: 50%;\"><a href=\"https:\/\/veloclubfaumont.fr\/wp-content\/uploads\/2025\/08\/mamers5.jpg\"><img loading=\"lazy\" decoding=\"async\" class=\"aligncenter size-full wp-image-64903\" src=\"https:\/\/veloclubfaumont.fr\/wp-content\/uploads\/2025\/08\/mamers5.jpg\" alt=\"\" width=\"900\" height=\"2000\" srcset=\"https:\/\/veloclubfaumont.fr\/wp-content\/uploads\/2025\/08\/mamers5.jpg 900w, https:\/\/veloclubfaumont.fr\/wp-content\/uploads\/2025\/08\/mamers5-135x300.jpg 135w, https:\/\/veloclubfaumont.fr\/wp-content\/uploads\/2025\/08\/mamers5-461x1024.jpg 461w, https:\/\/veloclubfaumont.fr\/wp-content\/uploads\/2025\/08\/mamers5-768x1707.jpg 768w, https:\/\/veloclubfaumont.fr\/wp-content\/uploads\/2025\/08\/mamers5-691x1536.jpg 691w, https:\/\/veloclubfaumont.fr\/wp-content\/uploads\/2025\/08\/mamers5-270x600.jpg 270w\" sizes=\"auto, (max-width: 900px) 100vw, 900px\" \/><\/a><\/td>\n<\/tr>\n<\/tbody>\n<\/table>\n<p style=\"text-align: center;\"><a href=\"https:\/\/veloclubfaumont.fr\/wp-content\/uploads\/2025\/08\/mamers4.jpg\"><img loading=\"lazy\" decoding=\"async\" class=\"aligncenter size-full wp-image-64902\" src=\"https:\/\/veloclubfaumont.fr\/wp-content\/uploads\/2025\/08\/mamers4.jpg\" alt=\"\" width=\"2000\" height=\"900\" srcset=\"https:\/\/veloclubfaumont.fr\/wp-content\/uploads\/2025\/08\/mamers4.jpg 2000w, https:\/\/veloclubfaumont.fr\/wp-content\/uploads\/2025\/08\/mamers4-300x135.jpg 300w, https:\/\/veloclubfaumont.fr\/wp-content\/uploads\/2025\/08\/mamers4-1024x461.jpg 1024w, https:\/\/veloclubfaumont.fr\/wp-content\/uploads\/2025\/08\/mamers4-768x346.jpg 768w, https:\/\/veloclubfaumont.fr\/wp-content\/uploads\/2025\/08\/mamers4-1536x691.jpg 1536w, https:\/\/veloclubfaumont.fr\/wp-content\/uploads\/2025\/08\/mamers4-600x270.jpg 600w\" sizes=\"auto, (max-width: 2000px) 100vw, 2000px\" \/><\/a><\/p>\n<p style=\"text-align: center;\"><em>il y a fort heureusement une petite passerelle sur la droite pour passer au sec !<\/em><\/p>\n<p>Pour finir, une forte et belle descente nous attend pour arriver \u00e0 notre point de d\u00e9part.<\/p>\n<hr>\n<p>Pour ma seconde sortie, je serai sans ma fille, donc j&rsquo;opte pour <a href=\"https:\/\/www.tourisme-maine-saosnois.com\/offres\/circuit-vtt-n3-rouge-depart-de-mamers-mamers-fr-2704611\/\" target=\"_blank\" rel=\"noopener\">le circuit 3 rouge de 18 km<\/a>.<\/p>\n<p>Un peu plus sportif que le bleu, ce beau petit parcours bien vallonn\u00e9 sera comme le pr\u00e9c\u00e9dent tr\u00e8s mal balis\u00e9. On voyait bien le num\u00e9ro du circuit mais plus du tout le chevron pour donner la bonne direction. Heureusement que tous les GPX sont disponibles assez facilement.<\/p>\n<table style=\"border-collapse: collapse; width: 100%;\">\n<tbody>\n<tr>\n<td style=\"width: 50%; text-align: center;\"><a href=\"https:\/\/veloclubfaumont.fr\/wp-content\/uploads\/2025\/08\/m1.jpg\"><img loading=\"lazy\" decoding=\"async\" class=\"aligncenter size-full wp-image-64905\" src=\"https:\/\/veloclubfaumont.fr\/wp-content\/uploads\/2025\/08\/m1.jpg\" alt=\"\" width=\"445\" height=\"989\" srcset=\"https:\/\/veloclubfaumont.fr\/wp-content\/uploads\/2025\/08\/m1.jpg 445w, https:\/\/veloclubfaumont.fr\/wp-content\/uploads\/2025\/08\/m1-135x300.jpg 135w, https:\/\/veloclubfaumont.fr\/wp-content\/uploads\/2025\/08\/m1-270x600.jpg 270w\" sizes=\"auto, (max-width: 445px) 100vw, 445px\" \/><\/a><\/td>\n<td style=\"width: 50%; text-align: center;\"><a href=\"https:\/\/veloclubfaumont.fr\/wp-content\/uploads\/2025\/08\/m4.jpg\"><img loading=\"lazy\" decoding=\"async\" class=\"aligncenter size-full wp-image-64908\" src=\"https:\/\/veloclubfaumont.fr\/wp-content\/uploads\/2025\/08\/m4.jpg\" alt=\"\" width=\"445\" height=\"989\" srcset=\"https:\/\/veloclubfaumont.fr\/wp-content\/uploads\/2025\/08\/m4.jpg 445w, https:\/\/veloclubfaumont.fr\/wp-content\/uploads\/2025\/08\/m4-135x300.jpg 135w, https:\/\/veloclubfaumont.fr\/wp-content\/uploads\/2025\/08\/m4-270x600.jpg 270w\" sizes=\"auto, (max-width: 445px) 100vw, 445px\" \/><\/a><\/td>\n<\/tr>\n<\/tbody>\n<\/table>\n<p style=\"text-align: center;\"><a href=\"https:\/\/veloclubfaumont.fr\/wp-content\/uploads\/2025\/08\/m2.jpg\"><img loading=\"lazy\" decoding=\"async\" class=\"aligncenter size-full wp-image-64906\" src=\"https:\/\/veloclubfaumont.fr\/wp-content\/uploads\/2025\/08\/m2.jpg\" alt=\"\" width=\"1920\" height=\"864\" srcset=\"https:\/\/veloclubfaumont.fr\/wp-content\/uploads\/2025\/08\/m2.jpg 1920w, https:\/\/veloclubfaumont.fr\/wp-content\/uploads\/2025\/08\/m2-300x135.jpg 300w, https:\/\/veloclubfaumont.fr\/wp-content\/uploads\/2025\/08\/m2-1024x461.jpg 1024w, https:\/\/veloclubfaumont.fr\/wp-content\/uploads\/2025\/08\/m2-768x346.jpg 768w, https:\/\/veloclubfaumont.fr\/wp-content\/uploads\/2025\/08\/m2-1536x691.jpg 1536w, https:\/\/veloclubfaumont.fr\/wp-content\/uploads\/2025\/08\/m2-600x270.jpg 600w\" sizes=\"auto, (max-width: 1920px) 100vw, 1920px\" \/><\/a> <a href=\"https:\/\/veloclubfaumont.fr\/wp-content\/uploads\/2025\/08\/m3.jpg\"><img loading=\"lazy\" decoding=\"async\" class=\"aligncenter size-full wp-image-64907\" src=\"https:\/\/veloclubfaumont.fr\/wp-content\/uploads\/2025\/08\/m3.jpg\" alt=\"\" width=\"1920\" height=\"864\" srcset=\"https:\/\/veloclubfaumont.fr\/wp-content\/uploads\/2025\/08\/m3.jpg 1920w, https:\/\/veloclubfaumont.fr\/wp-content\/uploads\/2025\/08\/m3-300x135.jpg 300w, https:\/\/veloclubfaumont.fr\/wp-content\/uploads\/2025\/08\/m3-1024x461.jpg 1024w, https:\/\/veloclubfaumont.fr\/wp-content\/uploads\/2025\/08\/m3-768x346.jpg 768w, https:\/\/veloclubfaumont.fr\/wp-content\/uploads\/2025\/08\/m3-1536x691.jpg 1536w, https:\/\/veloclubfaumont.fr\/wp-content\/uploads\/2025\/08\/m3-600x270.jpg 600w\" sizes=\"auto, (max-width: 1920px) 100vw, 1920px\" \/><\/a><\/p>\n<p>Les paysages sont toujours aussi vallonn\u00e9s, m\u00eame si le D+ de 250 m est encore assez faible. Cependant, les panoramas sont toujours aussi agr\u00e9ables \u00e0 l&rsquo;oeil.<\/p>\n<p><a href=\"https:\/\/veloclubfaumont.fr\/wp-content\/uploads\/2025\/08\/m7.jpg\"><img loading=\"lazy\" decoding=\"async\" class=\"aligncenter size-full wp-image-64911\" src=\"https:\/\/veloclubfaumont.fr\/wp-content\/uploads\/2025\/08\/m7.jpg\" alt=\"\" width=\"1920\" height=\"864\" srcset=\"https:\/\/veloclubfaumont.fr\/wp-content\/uploads\/2025\/08\/m7.jpg 1920w, https:\/\/veloclubfaumont.fr\/wp-content\/uploads\/2025\/08\/m7-300x135.jpg 300w, https:\/\/veloclubfaumont.fr\/wp-content\/uploads\/2025\/08\/m7-1024x461.jpg 1024w, https:\/\/veloclubfaumont.fr\/wp-content\/uploads\/2025\/08\/m7-768x346.jpg 768w, https:\/\/veloclubfaumont.fr\/wp-content\/uploads\/2025\/08\/m7-1536x691.jpg 1536w, https:\/\/veloclubfaumont.fr\/wp-content\/uploads\/2025\/08\/m7-600x270.jpg 600w\" sizes=\"auto, (max-width: 1920px) 100vw, 1920px\" \/><\/a> <a href=\"https:\/\/veloclubfaumont.fr\/wp-content\/uploads\/2025\/08\/m8.jpg\"><img loading=\"lazy\" decoding=\"async\" class=\"aligncenter size-full wp-image-64912\" src=\"https:\/\/veloclubfaumont.fr\/wp-content\/uploads\/2025\/08\/m8.jpg\" alt=\"\" width=\"1920\" height=\"864\" srcset=\"https:\/\/veloclubfaumont.fr\/wp-content\/uploads\/2025\/08\/m8.jpg 1920w, https:\/\/veloclubfaumont.fr\/wp-content\/uploads\/2025\/08\/m8-300x135.jpg 300w, https:\/\/veloclubfaumont.fr\/wp-content\/uploads\/2025\/08\/m8-1024x461.jpg 1024w, https:\/\/veloclubfaumont.fr\/wp-content\/uploads\/2025\/08\/m8-768x346.jpg 768w, https:\/\/veloclubfaumont.fr\/wp-content\/uploads\/2025\/08\/m8-1536x691.jpg 1536w, https:\/\/veloclubfaumont.fr\/wp-content\/uploads\/2025\/08\/m8-600x270.jpg 600w\" sizes=\"auto, (max-width: 1920px) 100vw, 1920px\" \/><\/a><\/p>\n\n\n\n<hr>\n<p>Pour finir mon s\u00e9jour en beaut\u00e9, je choisis le dernier jour de rejoindre la for\u00eat de Perseigne voisine en choisissant <a href=\"https:\/\/www.cirkwi.com\/fr\/circuit\/225646-circuit-vtt-n-4-rouge-depart-de-mamers\" target=\"_blank\" rel=\"noopener\">le circuit 4 rouge<\/a> de 34 km (que je qualifierai plus tard de noir).<\/p>\n<table style=\"border-collapse: collapse; width: 100%;\">\n<tbody>\n<tr>\n<td style=\"width: 50%; text-align: center;\"><a href=\"https:\/\/veloclubfaumont.fr\/wp-content\/uploads\/2025\/08\/6.jpg\"><img loading=\"lazy\" decoding=\"async\" class=\"aligncenter size-full wp-image-64921\" src=\"https:\/\/veloclubfaumont.fr\/wp-content\/uploads\/2025\/08\/6.jpg\" alt=\"\" width=\"445\" height=\"989\" srcset=\"https:\/\/veloclubfaumont.fr\/wp-content\/uploads\/2025\/08\/6.jpg 445w, https:\/\/veloclubfaumont.fr\/wp-content\/uploads\/2025\/08\/6-135x300.jpg 135w, https:\/\/veloclubfaumont.fr\/wp-content\/uploads\/2025\/08\/6-270x600.jpg 270w\" sizes=\"auto, (max-width: 445px) 100vw, 445px\" \/><\/a><\/td>\n<td style=\"width: 50%; text-align: center;\"><a href=\"https:\/\/veloclubfaumont.fr\/wp-content\/uploads\/2025\/08\/9.jpg\"><img loading=\"lazy\" decoding=\"async\" class=\"aligncenter size-full wp-image-64924\" src=\"https:\/\/veloclubfaumont.fr\/wp-content\/uploads\/2025\/08\/9.jpg\" alt=\"\" width=\"445\" height=\"989\" srcset=\"https:\/\/veloclubfaumont.fr\/wp-content\/uploads\/2025\/08\/9.jpg 445w, https:\/\/veloclubfaumont.fr\/wp-content\/uploads\/2025\/08\/9-135x300.jpg 135w, https:\/\/veloclubfaumont.fr\/wp-content\/uploads\/2025\/08\/9-270x600.jpg 270w\" sizes=\"auto, (max-width: 445px) 100vw, 445px\" \/><\/a><\/td>\n<\/tr>\n<\/tbody>\n<\/table>\n<p style=\"text-align: center;\"><a href=\"https:\/\/veloclubfaumont.fr\/wp-content\/uploads\/2025\/08\/3.jpg\"><img loading=\"lazy\" decoding=\"async\" class=\"aligncenter size-full wp-image-64918\" src=\"https:\/\/veloclubfaumont.fr\/wp-content\/uploads\/2025\/08\/3.jpg\" alt=\"\" width=\"1920\" height=\"864\" srcset=\"https:\/\/veloclubfaumont.fr\/wp-content\/uploads\/2025\/08\/3.jpg 1920w, https:\/\/veloclubfaumont.fr\/wp-content\/uploads\/2025\/08\/3-300x135.jpg 300w, https:\/\/veloclubfaumont.fr\/wp-content\/uploads\/2025\/08\/3-1024x461.jpg 1024w, https:\/\/veloclubfaumont.fr\/wp-content\/uploads\/2025\/08\/3-768x346.jpg 768w, https:\/\/veloclubfaumont.fr\/wp-content\/uploads\/2025\/08\/3-1536x691.jpg 1536w, https:\/\/veloclubfaumont.fr\/wp-content\/uploads\/2025\/08\/3-600x270.jpg 600w\" sizes=\"auto, (max-width: 1920px) 100vw, 1920px\" \/><\/a><\/p>\n<p>De loin le circuit le plus exigeant avec des raidars bien raides dans la for\u00eat de Perseigne !!!&nbsp; Des descentes toujours aussi raides devant \u00eatre descendues \u00e0 pieds. Bref, une moyenne bien basse mais toujours de beaux paysages. Balisage toujours quasi inexistant&#8230; Merci mon GPS&#8230; qui m&rsquo;a permis aussi d&rsquo;\u00e9viter des portions impossibles !!!<\/p>\n\n\n<div id=\"metaslider-id-64930\" style=\"width: 100%;\" class=\"ml-slider-3-31-0 metaslider metaslider-nivo metaslider-64930 ml-slider ms-theme-default\">\n    <div id=\"metaslider_container_64930\">\n        <div class='slider-wrapper theme-default'><div class='ribbon'><\/div><div id='metaslider_64930' class='nivoSlider'><img loading=\"lazy\" decoding=\"async\" src=\"https:\/\/veloclubfaumont.fr\/wp-content\/uploads\/2025\/08\/1-445x222.jpg\" height=\"400\" width=\"800\" title=\"1\" alt=\"\" class=\"slider-64930 slide-64931\" \/><img loading=\"lazy\" decoding=\"async\" src=\"https:\/\/veloclubfaumont.fr\/wp-content\/uploads\/2025\/08\/12-741x370.jpg\" height=\"400\" width=\"800\" title=\"12\" alt=\"\" class=\"slider-64930 slide-64932\" \/><img loading=\"lazy\" decoding=\"async\" src=\"https:\/\/veloclubfaumont.fr\/wp-content\/uploads\/2025\/08\/11-800x400.jpg\" height=\"400\" width=\"800\" title=\"11\" alt=\"\" class=\"slider-64930 slide-64933\" \/><img loading=\"lazy\" decoding=\"async\" src=\"https:\/\/veloclubfaumont.fr\/wp-content\/uploads\/2025\/08\/10-800x400.jpg\" height=\"400\" width=\"800\" title=\"10\" alt=\"\" class=\"slider-64930 slide-64934\" \/><img loading=\"lazy\" decoding=\"async\" src=\"https:\/\/veloclubfaumont.fr\/wp-content\/uploads\/2025\/08\/9-445x222.jpg\" height=\"400\" width=\"800\" title=\"9\" alt=\"\" class=\"slider-64930 slide-64935\" \/><img loading=\"lazy\" decoding=\"async\" src=\"https:\/\/veloclubfaumont.fr\/wp-content\/uploads\/2025\/08\/8-445x222.jpg\" height=\"400\" width=\"800\" title=\"8\" alt=\"\" class=\"slider-64930 slide-64936\" \/><img loading=\"lazy\" decoding=\"async\" src=\"https:\/\/veloclubfaumont.fr\/wp-content\/uploads\/2025\/08\/7-800x400.jpg\" height=\"400\" width=\"800\" title=\"7\" alt=\"\" class=\"slider-64930 slide-64937\" \/><img loading=\"lazy\" decoding=\"async\" src=\"https:\/\/veloclubfaumont.fr\/wp-content\/uploads\/2025\/08\/6-445x222.jpg\" height=\"400\" width=\"800\" title=\"6\" alt=\"\" class=\"slider-64930 slide-64938\" \/><img loading=\"lazy\" decoding=\"async\" src=\"https:\/\/veloclubfaumont.fr\/wp-content\/uploads\/2025\/08\/5-445x222.jpg\" height=\"400\" width=\"800\" title=\"5\" alt=\"\" class=\"slider-64930 slide-64939\" \/><img loading=\"lazy\" decoding=\"async\" src=\"https:\/\/veloclubfaumont.fr\/wp-content\/uploads\/2025\/08\/4-445x222.jpg\" height=\"400\" width=\"800\" title=\"4\" alt=\"\" class=\"slider-64930 slide-64940\" \/><img loading=\"lazy\" decoding=\"async\" src=\"https:\/\/veloclubfaumont.fr\/wp-content\/uploads\/2025\/08\/3-800x400.jpg\" height=\"400\" width=\"800\" title=\"3\" alt=\"\" class=\"slider-64930 slide-64941\" \/><img loading=\"lazy\" decoding=\"async\" src=\"https:\/\/veloclubfaumont.fr\/wp-content\/uploads\/2025\/08\/2-445x222.jpg\" height=\"400\" width=\"800\" title=\"2\" alt=\"\" class=\"slider-64930 slide-64942\" \/><\/div><\/div>\n        \n    <\/div>\n<\/div>\n\n\n\n<p>Je n&rsquo;ai pas emmen\u00e9 ma GOPRO avec moi, mais j&rsquo;ai trouv\u00e9 des vid\u00e9os qui vous montrent un peu \u00e0 quoi ressemble la for\u00eat de Perseigne :<\/p>\n<p><span class=\"embed-youtube\" style=\"text-align:center; display: block;\"><iframe loading=\"lazy\" class=\"youtube-player\" width=\"640\" height=\"360\" src=\"https:\/\/www.youtube.com\/embed\/8Sa1TOkDCNw?version=3&#038;rel=1&#038;showsearch=0&#038;showinfo=1&#038;iv_load_policy=1&#038;fs=1&#038;hl=fr-FR&#038;autohide=2&#038;wmode=transparent\" allowfullscreen=\"true\" style=\"border:0;\" sandbox=\"allow-scripts allow-same-origin allow-popups allow-presentation\"><\/iframe><\/span><\/p>\n<p><span class=\"embed-youtube\" style=\"text-align:center; display: block;\"><iframe loading=\"lazy\" class=\"youtube-player\" width=\"640\" height=\"360\" src=\"https:\/\/www.youtube.com\/embed\/WA0B11i09vI?version=3&#038;rel=1&#038;showsearch=0&#038;showinfo=1&#038;iv_load_policy=1&#038;fs=1&#038;hl=fr-FR&#038;autohide=2&#038;wmode=transparent\" allowfullscreen=\"true\" style=\"border:0;\" sandbox=\"allow-scripts allow-same-origin allow-popups allow-presentation\"><\/iframe><\/span><\/p>\n<p>Jean-Louis<\/p>\n<hr>\n<p><em><strong>A suivre : mes vacances VTT dans le Berry<\/strong><\/em><\/p>\n\n\n","protected":false},"excerpt":{"rendered":"<p>Depuis quelques ann\u00e9es, je profite de mes vacances estivales pour d\u00e9couvrir les bases VTT fran\u00e7aises. J&rsquo;avais d\u00e9j\u00e0 \u00e9cum\u00e9 quelques secteurs dans le centre de la France en 2020. Cette ann\u00e9e,&#8230;<\/p>\n","protected":false},"author":1,"featured_media":64907,"comment_status":"open","ping_status":"open","sticky":false,"template":"","format":"standard","meta":{"ngg_post_thumbnail":0,"jetpack_post_was_ever_published":false,"_jetpack_newsletter_access":"","two_page_speed":[],"footnotes":"","jetpack_publicize_message":"","jetpack_is_tweetstorm":false,"jetpack_publicize_feature_enabled":true,"jetpack_social_post_already_shared":true,"jetpack_social_options":{"image_generator_settings":{"template":"highway","enabled":false}}},"categories":[32],"tags":[],"class_list":["post-64897","post","type-post","status-publish","format-standard","has-post-thumbnail","hentry","category-bases-et-circuits-vtt-en-france"],"jetpack_publicize_connections":[],"jetpack_featured_media_url":"https:\/\/veloclubfaumont.fr\/wp-content\/uploads\/2025\/08\/m3.jpg","jetpack_sharing_enabled":true,"jetpack_shortlink":"https:\/\/wp.me\/p8bXJp-gSJ","_links":{"self":[{"href":"https:\/\/veloclubfaumont.fr\/index.php\/wp-json\/wp\/v2\/posts\/64897","targetHints":{"allow":["GET"]}}],"collection":[{"href":"https:\/\/veloclubfaumont.fr\/index.php\/wp-json\/wp\/v2\/posts"}],"about":[{"href":"https:\/\/veloclubfaumont.fr\/index.php\/wp-json\/wp\/v2\/types\/post"}],"author":[{"embeddable":true,"href":"https:\/\/veloclubfaumont.fr\/index.php\/wp-json\/wp\/v2\/users\/1"}],"replies":[{"embeddable":true,"href":"https:\/\/veloclubfaumont.fr\/index.php\/wp-json\/wp\/v2\/comments?post=64897"}],"version-history":[{"count":11,"href":"https:\/\/veloclubfaumont.fr\/index.php\/wp-json\/wp\/v2\/posts\/64897\/revisions"}],"predecessor-version":[{"id":66249,"href":"https:\/\/veloclubfaumont.fr\/index.php\/wp-json\/wp\/v2\/posts\/64897\/revisions\/66249"}],"wp:featuredmedia":[{"embeddable":true,"href":"https:\/\/veloclubfaumont.fr\/index.php\/wp-json\/wp\/v2\/media\/64907"}],"wp:attachment":[{"href":"https:\/\/veloclubfaumont.fr\/index.php\/wp-json\/wp\/v2\/media?parent=64897"}],"wp:term":[{"taxonomy":"category","embeddable":true,"href":"https:\/\/veloclubfaumont.fr\/index.php\/wp-json\/wp\/v2\/categories?post=64897"},{"taxonomy":"post_tag","embeddable":true,"href":"https:\/\/veloclubfaumont.fr\/index.php\/wp-json\/wp\/v2\/tags?post=64897"}],"curies":[{"name":"wp","href":"https:\/\/api.w.org\/{rel}","templated":true}]}}