{"id":7169,"date":"2017-07-24T09:58:53","date_gmt":"2017-07-24T07:58:53","guid":{"rendered":"http:\/\/veloclubfaumont.fr\/?p=7169"},"modified":"2017-08-23T19:53:14","modified_gmt":"2017-08-23T17:53:14","slug":"le-vcf-en-balade","status":"publish","type":"post","link":"https:\/\/veloclubfaumont.fr\/index.php\/2017\/07\/24\/le-vcf-en-balade\/","title":{"rendered":"Le VCF en balade&#8230;"},"content":{"rendered":"<p>Mise \u00e0 jour du 23\/08 :<\/p>\n<p style=\"text-align: center;\"><a href=\"https:\/\/veloclubfaumont.fr\/index.php\/2017\/07\/24\/le-vcf-en-balade\/20170812_095716\/\" rel=\"attachment wp-att-7653\"><img loading=\"lazy\" decoding=\"async\" class=\"aligncenter wp-image-7653 size-large\" src=\"https:\/\/veloclubfaumont.fr\/wp-content\/uploads\/2017\/07\/20170812_095716-e1503510361576-1024x768.jpg\" alt=\"\" width=\"1024\" height=\"768\" srcset=\"https:\/\/veloclubfaumont.fr\/wp-content\/uploads\/2017\/07\/20170812_095716-e1503510361576-1024x768.jpg 1024w, https:\/\/veloclubfaumont.fr\/wp-content\/uploads\/2017\/07\/20170812_095716-e1503510361576-300x225.jpg 300w, https:\/\/veloclubfaumont.fr\/wp-content\/uploads\/2017\/07\/20170812_095716-e1503510361576-768x576.jpg 768w\" sizes=\"auto, (max-width: 1024px) 100vw, 1024px\" \/><\/a><em>Laurent en haut de Ramatuelle<\/em><\/p>\n<hr>\n<p style=\"text-align: justify;\">M\u00eame si la pause estivale r\u00e9duit consid\u00e9rablement les randonn\u00e9es dominicales ext\u00e9rieures et que nombre de membres du v\u00e9loclub de Faumont sont partis en vacances, certains n&rsquo;ont pas oubli\u00e9 de prendre leur v\u00e9lo et nous envoient quelques nouvelles de leurs balades.<\/p>\n<p style=\"text-align: justify;\">Le 24 et 25 juin dernier, Pascal \u00e9tait \u00e0 Limoux pour la cyclo montagnarde des Pyr\u00e9n\u00e9es qui passe par les plus grands cols du TDF comme celui du Tourmalet ou d&rsquo;Aspin.<\/p>\n<table style=\"height: 5px;\" width=\"741\">\n<tbody>\n<tr style=\"height: 397.667px;\">\n<td style=\"width: 363.5px; height: 397.667px; text-align: center;\"><a href=\"https:\/\/veloclubfaumont.fr\/19894279_1532259340139292_1129574107_n-2\/\"><img loading=\"lazy\" decoding=\"async\" class=\"wp-image-7175 aligncenter\" src=\"https:\/\/veloclubfaumont.fr\/wp-content\/uploads\/2017\/07\/19894279_1532259340139292_1129574107_n-1.jpg\" alt=\"\" width=\"306\" height=\"373\" srcset=\"https:\/\/veloclubfaumont.fr\/wp-content\/uploads\/2017\/07\/19894279_1532259340139292_1129574107_n-1.jpg 280w, https:\/\/veloclubfaumont.fr\/wp-content\/uploads\/2017\/07\/19894279_1532259340139292_1129574107_n-1-246x300.jpg 246w\" sizes=\"auto, (max-width: 306px) 100vw, 306px\" \/><\/a><em><span id=\"fbPhotoSnowliftCaption\" class=\"fbPhotosPhotoCaption\" tabindex=\"0\" aria-live=\"polite\" data-ft=\"{&quot;tn&quot;:&quot;K&quot;}\"><span class=\"hasCaption\">Arriv\u00e9e sur l&rsquo;\u00e9tape du jour&#8230;..<\/span><\/span><\/em><\/td>\n<td style=\"width: 363.5px; text-align: center; height: 397.667px;\"><a href=\"https:\/\/veloclubfaumont.fr\/19894264_1532259116805981_1614208451_n-2\/\"><img loading=\"lazy\" decoding=\"async\" class=\"size-full wp-image-7174 aligncenter\" src=\"https:\/\/veloclubfaumont.fr\/wp-content\/uploads\/2017\/07\/19894264_1532259116805981_1614208451_n-1.jpg\" alt=\"\" width=\"280\" height=\"373\" srcset=\"https:\/\/veloclubfaumont.fr\/wp-content\/uploads\/2017\/07\/19894264_1532259116805981_1614208451_n-1.jpg 280w, https:\/\/veloclubfaumont.fr\/wp-content\/uploads\/2017\/07\/19894264_1532259116805981_1614208451_n-1-225x300.jpg 225w\" sizes=\"auto, (max-width: 280px) 100vw, 280px\" \/><\/a><em><span id=\"fbPhotoSnowliftCaption\" class=\"fbPhotosPhotoCaption\" tabindex=\"0\" aria-live=\"polite\" data-ft=\"{&quot;tn&quot;:&quot;K&quot;}\"><span class=\"hasCaption\">Ravito-controle de Esperaza<\/span><\/span><\/em><\/td>\n<\/tr>\n<\/tbody>\n<\/table>\n<p style=\"text-align: justify;\">Pour le week-end du 14 juillet, Sabrina et son mari \u00e9taient du c\u00f4t\u00e9 du Mont Ventoux, qu&rsquo;ils ont mont\u00e9 par les 3 faces en y hissant fi\u00e8rement les couleurs du VC Faumont au sommet !<\/p>\n<p style=\"text-align: center;\"><a href=\"https:\/\/veloclubfaumont.fr\/img_20170716_191044\/\"><img loading=\"lazy\" decoding=\"async\" class=\"aligncenter wp-image-7177 size-full\" src=\"https:\/\/veloclubfaumont.fr\/wp-content\/uploads\/2017\/07\/IMG_20170716_191044.jpg\" alt=\"\" width=\"800\" height=\"600\" srcset=\"https:\/\/veloclubfaumont.fr\/wp-content\/uploads\/2017\/07\/IMG_20170716_191044.jpg 800w, https:\/\/veloclubfaumont.fr\/wp-content\/uploads\/2017\/07\/IMG_20170716_191044-300x225.jpg 300w, https:\/\/veloclubfaumont.fr\/wp-content\/uploads\/2017\/07\/IMG_20170716_191044-768x576.jpg 768w\" sizes=\"auto, (max-width: 800px) 100vw, 800px\" \/><\/a><em>Partis vers 3h00 du mat, les multiples ascensions doivent se faire \u00e0 la fra\u00eeche&#8230;<\/em><\/p>\n<p style=\"text-align: center;\"><a href=\"https:\/\/veloclubfaumont.fr\/index.php\/2017\/07\/24\/le-vcf-en-balade\/img_20170716_190752-1\/\" rel=\"attachment wp-att-7176\"><img loading=\"lazy\" decoding=\"async\" class=\"aligncenter size-full wp-image-7176\" src=\"https:\/\/veloclubfaumont.fr\/wp-content\/uploads\/2017\/07\/IMG_20170716_190752-1.jpg\" alt=\"\" width=\"600\" height=\"800\" srcset=\"https:\/\/veloclubfaumont.fr\/wp-content\/uploads\/2017\/07\/IMG_20170716_190752-1.jpg 600w, https:\/\/veloclubfaumont.fr\/wp-content\/uploads\/2017\/07\/IMG_20170716_190752-1-225x300.jpg 225w\" sizes=\"auto, (max-width: 600px) 100vw, 600px\" \/><\/a><em>&#8230; mais la joie est au rendez-vous au sommet !<\/em><\/p>\n<p style=\"text-align: justify;\">Il n&rsquo;y a pas que les cyclos qui sont en vacances, S\u00e9bastien, lui roule en VTT du c\u00f4t\u00e9 des Gorges de l&rsquo;Ard\u00e8che&#8230; Autour de son camping, les nombreux chemins lui offrent de multiples occasions de d\u00e9couvrir cette magnifique r\u00e9gion, d&rsquo;autant qu&rsquo;il s&rsquo;est fait rapidement un compagnon de route pour l&rsquo;aider dans cette t\u00e2che&#8230;<\/p>\n<p style=\"text-align: center;\"><a href=\"https:\/\/veloclubfaumont.fr\/20046404_486753131672178_7940603855646730681_n\/\">&nbsp;&nbsp;&nbsp;<\/a><a href=\"https:\/\/veloclubfaumont.fr\/20046404_486753131672178_7940603855646730681_n\/\"><img loading=\"lazy\" decoding=\"async\" class=\"alignnone wp-image-7195 \" src=\"https:\/\/veloclubfaumont.fr\/wp-content\/uploads\/2017\/07\/20046404_486753131672178_7940603855646730681_n.jpg\" alt=\"\" width=\"284\" height=\"505\" srcset=\"https:\/\/veloclubfaumont.fr\/wp-content\/uploads\/2017\/07\/20046404_486753131672178_7940603855646730681_n.jpg 540w, https:\/\/veloclubfaumont.fr\/wp-content\/uploads\/2017\/07\/20046404_486753131672178_7940603855646730681_n-169x300.jpg 169w\" sizes=\"auto, (max-width: 284px) 100vw, 284px\" \/>&nbsp;&nbsp;&nbsp;<\/a><a href=\"https:\/\/veloclubfaumont.fr\/20374691_491631151184376_8467855037768810506_n\/\"><img loading=\"lazy\" decoding=\"async\" class=\"alignnone wp-image-7376 \" src=\"https:\/\/veloclubfaumont.fr\/wp-content\/uploads\/2017\/07\/20374691_491631151184376_8467855037768810506_n.jpg\" alt=\"\" width=\"378\" height=\"504\" srcset=\"https:\/\/veloclubfaumont.fr\/wp-content\/uploads\/2017\/07\/20374691_491631151184376_8467855037768810506_n.jpg 720w, https:\/\/veloclubfaumont.fr\/wp-content\/uploads\/2017\/07\/20374691_491631151184376_8467855037768810506_n-225x300.jpg 225w\" sizes=\"auto, (max-width: 378px) 100vw, 378px\" \/><\/a><\/p>\n<p>Quant \u00e0 Denis, notre secr\u00e9taire, il se trouve dans les Pyr\u00e9n\u00e9es o\u00f9 il d\u00e9couvre les joies du VAE :<\/p>\n<p style=\"text-align: center;\"><a href=\"https:\/\/veloclubfaumont.fr\/index.php\/2017\/07\/24\/le-vcf-en-balade\/denis-pyrenees\/\" rel=\"attachment wp-att-7439\"><img loading=\"lazy\" decoding=\"async\" class=\"aligncenter size-full wp-image-7439\" src=\"https:\/\/veloclubfaumont.fr\/wp-content\/uploads\/2017\/07\/denis-pyrenees.jpg\" alt=\"\" width=\"720\" height=\"960\" srcset=\"https:\/\/veloclubfaumont.fr\/wp-content\/uploads\/2017\/07\/denis-pyrenees.jpg 720w, https:\/\/veloclubfaumont.fr\/wp-content\/uploads\/2017\/07\/denis-pyrenees-225x300.jpg 225w\" sizes=\"auto, (max-width: 720px) 100vw, 720px\" \/><\/a><\/p>\n<p>&nbsp;<\/p>\n<p>A suivre&#8230;<\/p>\n<p style=\"text-align: center;\"><div id=\"grid-gallery-178-42554\" data-gg-id=\"178\" data-title=\"Balades du VCF 2017\" data-grid-type=\"0\" data-offset=\"5.3\" data-area-position=\"center\" data-icons=\"false\" data-preloader=\"\" data-width=\"215\" data-height=\"215\" data-padding=\"\" data-quicksand=\"disabled\" data-quicksand-duration=\"none\" data-popup-theme=\"theme_6\" data-popup-type=\"pretty-photo\" data-popup-image-text=\"title\" data-popup-widthsize=\"auto\" data-popup-heightsize=\"auto\" data-popup-i18n-words=\"{&quot;close&quot;:&quot;fermer&quot;,&quot;next&quot;:&quot;suivant&quot;,&quot;previous&quot;:&quot;pr\\u00e9c\\u00e9dent&quot;,&quot;start_slideshow&quot;:&quot;d\\u00e9marrer le diaporama&quot;,&quot;stop_slideshow&quot;:&quot;arr\\u00e9ter le diaporama&quot;,&quot;image&quot;:&quot;image&quot;,&quot;of&quot;:&quot;de&quot;,&quot;prev&quot;:&quot;pr\\u00e9c.&quot;,&quot;cExpand&quot;:&quot;Agrandir&quot;,&quot;cPrevious&quot;:&quot;Pr\\u00e9c\\u00e9dent&quot;,&quot;cNext&quot;:&quot;Suivant&quot;,&quot;cExpandStr&quot;:&quot;Agrandir l&#039;image&quot;,&quot;cRotate&quot;:&quot;Pivoter&quot;,&quot;cDetails&quot;:&quot;Details&quot;}\" data-popup-slideshow=\"false\" data-popup-slideshow-speed=\"2500\" data-popup-hoverstop=\"true\" data-popup-slideshow-auto=\"false\" data-popup-background=\"\" data-popup-transparency=\"30\" data-popup-disable-history=\"\" data-popup-disable-changed-url=\"\" data-popup-border-type=\"\" data-popup-border-color=\"\" data-popup-border-width=\"\" data-popup-border-enable=\"\" data-fullscreen=\"false\" data-hide-tooltip=\"\" data-caption-font-family=\"\" data-caption-text-size=\"14px\" data-is-mobile=\"0\" data-caption-mobile=\"false\" data-hide-long-tltp-title=\"0\" data-caption-disabled-on-mobile=\"false\" data-popup-placement-type=\"0\" data-social-sharing=\"{&quot;enabled&quot;:null,&quot;gallerySharing&quot;:{&quot;enabled&quot;:null,&quot;position&quot;:null},&quot;imageSharing&quot;:{&quot;enabled&quot;:null,&quot;wrapperClass&quot;:&quot; vertical &quot;},&quot;popupSharing&quot;:{&quot;enabled&quot;:null,&quot;wrapperClass&quot;:&quot; vertical &quot;}}\" class=\"grid-gallery grid-gallery-fixed \" style=\" width:100%; height:auto; margin-left:auto; margin-right:auto;position:relative;\"> <div class=\"gallery-loading\"> <div class=\"blocks\"> <div class=\"block\"><\/div> <div class=\"block\"><\/div> <div class=\"block\"><\/div> <div class=\"block\"><\/div> <\/div> <\/div> <div class=\"gallery-sharing-top\"><\/div> <div id=\"photos-178\" class=\"grid-gallery-photos\"><a id=\"gg-178-5015\" class=\"gg-link \" data-attachment-id=\"7177\" href=\"https:\/\/veloclubfaumont.fr\/wp-content\/uploads\/2017\/07\/IMG_20170716_191044.jpg?gid=178\" target=\"_self\" title=\"IMG_20170716_191044\" data-rel=\"prettyPhoto[pp_gal]\" style=\"border-radius:0px;\" ><FIGURE class=\"grid-gallery-caption\" data-grid-gallery-type=\"quarter-slide-up\" data-index=\"0\" style=\"display:none;border-radius:0px;; margin:5.3px; width:215px;\" ><div class=\"crop\" style=\" width:215px; height:215px; overflow:hidden;\"><img decoding=\"async\" src=\"http:\/\/veloclubfaumont.fr\/wp-content\/uploads\/2017\/07\/IMG_20170716_191044-215x215.jpg\" class=\"ggImg\" alt=\"IMG_20170716_191044\" title=\"IMG_20170716_191044\" data-description=\"IMG_20170716_191044\" data-caption=\"IMG_20170716_191044\" data-title=\"IMG_20170716_191044\" style=\" width:215px; height:215px;\" \/><\/div><FIGCAPTION class=\"\" data-alpha=\"5\" style=\"color:#ffffff; background-color:#6f0000; font-size:14px; text-align:2; font-family:;\" ><div class=\"grid-gallery-figcaption-wrap\" style=\" vertical-align:;\"><\/div><\/FIGCAPTION><\/FIGURE><\/a><a id=\"gg-178-5016\" class=\"gg-link \" data-attachment-id=\"7176\" href=\"https:\/\/veloclubfaumont.fr\/wp-content\/uploads\/2017\/07\/IMG_20170716_190752-1.jpg?gid=178\" target=\"_self\" title=\"IMG_20170716_190752-1\" data-rel=\"prettyPhoto[pp_gal]\" style=\"border-radius:0px;\" ><FIGURE class=\"grid-gallery-caption\" data-grid-gallery-type=\"quarter-slide-up\" data-index=\"1\" style=\"display:none;border-radius:0px;; margin:5.3px; width:215px;\" ><div class=\"crop\" style=\" width:215px; height:215px; overflow:hidden;\"><img decoding=\"async\" src=\"http:\/\/veloclubfaumont.fr\/wp-content\/uploads\/2017\/07\/IMG_20170716_190752-1-215x215.jpg\" class=\"ggImg\" alt=\"IMG_20170716_190752-1\" title=\"IMG_20170716_190752-1\" data-description=\"IMG_20170716_190752-1\" data-caption=\"IMG_20170716_190752-1\" data-title=\"IMG_20170716_190752-1\" style=\" width:215px; height:215px;\" \/><\/div><FIGCAPTION class=\"\" data-alpha=\"5\" style=\"color:#ffffff; background-color:#6f0000; font-size:14px; text-align:2; font-family:;\" ><div class=\"grid-gallery-figcaption-wrap\" style=\" vertical-align:;\"><\/div><\/FIGCAPTION><\/FIGURE><\/a><a id=\"gg-178-5017\" class=\"gg-link \" data-attachment-id=\"7175\" href=\"https:\/\/veloclubfaumont.fr\/wp-content\/uploads\/2017\/07\/19894279_1532259340139292_1129574107_n-1.jpg?gid=178\" target=\"_self\" title=\"19894279_1532259340139292_1129574107_n\" data-rel=\"prettyPhoto[pp_gal]\" style=\"border-radius:0px;\" ><FIGURE class=\"grid-gallery-caption\" data-grid-gallery-type=\"quarter-slide-up\" data-index=\"2\" style=\"display:none;border-radius:0px;; margin:5.3px; width:215px;\" ><div class=\"crop\" style=\" width:215px; height:215px; overflow:hidden;\"><img decoding=\"async\" src=\"http:\/\/veloclubfaumont.fr\/wp-content\/uploads\/2017\/07\/19894279_1532259340139292_1129574107_n-1-215x215.jpg\" class=\"ggImg\" alt=\"19894279_1532259340139292_1129574107_n\" title=\"19894279_1532259340139292_1129574107_n\" data-description=\"19894279_1532259340139292_1129574107_n\" data-caption=\"19894279_1532259340139292_1129574107_n\" data-title=\"19894279_1532259340139292_1129574107_n\" style=\" width:215px; height:215px;\" \/><\/div><FIGCAPTION class=\"\" data-alpha=\"5\" style=\"color:#ffffff; background-color:#6f0000; font-size:14px; text-align:2; font-family:;\" ><div class=\"grid-gallery-figcaption-wrap\" style=\" vertical-align:;\"><\/div><\/FIGCAPTION><\/FIGURE><\/a><a id=\"gg-178-5018\" class=\"gg-link \" data-attachment-id=\"7174\" href=\"https:\/\/veloclubfaumont.fr\/wp-content\/uploads\/2017\/07\/19894264_1532259116805981_1614208451_n-1.jpg?gid=178\" target=\"_self\" title=\"19894264_1532259116805981_1614208451_n\" data-rel=\"prettyPhoto[pp_gal]\" style=\"border-radius:0px;\" ><FIGURE class=\"grid-gallery-caption\" data-grid-gallery-type=\"quarter-slide-up\" data-index=\"3\" style=\"display:none;border-radius:0px;; margin:5.3px; width:215px;\" ><div class=\"crop\" style=\" width:215px; height:215px; overflow:hidden;\"><img decoding=\"async\" src=\"http:\/\/veloclubfaumont.fr\/wp-content\/uploads\/2017\/07\/19894264_1532259116805981_1614208451_n-1-215x215.jpg\" class=\"ggImg\" alt=\"19894264_1532259116805981_1614208451_n\" title=\"19894264_1532259116805981_1614208451_n\" data-description=\"19894264_1532259116805981_1614208451_n\" data-caption=\"19894264_1532259116805981_1614208451_n\" data-title=\"19894264_1532259116805981_1614208451_n\" style=\" width:215px; height:215px;\" \/><\/div><FIGCAPTION class=\"\" data-alpha=\"5\" style=\"color:#ffffff; background-color:#6f0000; font-size:14px; text-align:2; font-family:;\" ><div class=\"grid-gallery-figcaption-wrap\" style=\" vertical-align:;\"><\/div><\/FIGCAPTION><\/FIGURE><\/a><a id=\"gg-178-5019\" class=\"gg-link \" data-attachment-id=\"7173\" href=\"https:\/\/veloclubfaumont.fr\/wp-content\/uploads\/2017\/07\/19894224_1531294733569086_1223980284_n-1.jpg?gid=178\" target=\"_self\" title=\"19894224_1531294733569086_1223980284_n\" data-rel=\"prettyPhoto[pp_gal]\" style=\"border-radius:0px;\" ><FIGURE class=\"grid-gallery-caption\" data-grid-gallery-type=\"quarter-slide-up\" data-index=\"4\" style=\"display:none;border-radius:0px;; margin:5.3px; width:215px;\" ><div class=\"crop\" style=\" width:215px; height:215px; overflow:hidden;\"><img decoding=\"async\" src=\"http:\/\/veloclubfaumont.fr\/wp-content\/uploads\/2017\/07\/19894224_1531294733569086_1223980284_n-1-215x215.jpg\" class=\"ggImg\" alt=\"19894224_1531294733569086_1223980284_n\" title=\"19894224_1531294733569086_1223980284_n\" data-description=\"19894224_1531294733569086_1223980284_n\" data-caption=\"19894224_1531294733569086_1223980284_n\" data-title=\"19894224_1531294733569086_1223980284_n\" style=\" width:215px; height:215px;\" \/><\/div><FIGCAPTION class=\"\" data-alpha=\"5\" style=\"color:#ffffff; background-color:#6f0000; font-size:14px; text-align:2; font-family:;\" ><div class=\"grid-gallery-figcaption-wrap\" style=\" vertical-align:;\"><\/div><\/FIGCAPTION><\/FIGURE><\/a><a id=\"gg-178-5031\" class=\"gg-link \" data-attachment-id=\"7195\" href=\"https:\/\/veloclubfaumont.fr\/wp-content\/uploads\/2017\/07\/20046404_486753131672178_7940603855646730681_n.jpg?gid=178\" target=\"_self\" title=\"20046404_486753131672178_7940603855646730681_n\" data-rel=\"prettyPhoto[pp_gal]\" style=\"border-radius:0px;\" ><FIGURE class=\"grid-gallery-caption\" data-grid-gallery-type=\"quarter-slide-up\" data-index=\"5\" style=\"display:none;border-radius:0px;; margin:5.3px; width:215px;\" ><div class=\"crop\" style=\" width:215px; height:215px; overflow:hidden;\"><img decoding=\"async\" src=\"http:\/\/veloclubfaumont.fr\/wp-content\/uploads\/2017\/07\/20046404_486753131672178_7940603855646730681_n-215x215.jpg\" class=\"ggImg\" alt=\"20046404_486753131672178_7940603855646730681_n\" title=\"20046404_486753131672178_7940603855646730681_n\" data-description=\"20046404_486753131672178_7940603855646730681_n\" data-caption=\"20046404_486753131672178_7940603855646730681_n\" data-title=\"20046404_486753131672178_7940603855646730681_n\" style=\" width:215px; height:215px;\" \/><\/div><FIGCAPTION class=\"\" data-alpha=\"5\" style=\"color:#ffffff; background-color:#6f0000; font-size:14px; text-align:2; font-family:;\" ><div class=\"grid-gallery-figcaption-wrap\" style=\" vertical-align:;\"><\/div><\/FIGCAPTION><\/FIGURE><\/a><a id=\"gg-178-5189\" class=\"gg-link \" data-attachment-id=\"7376\" href=\"https:\/\/veloclubfaumont.fr\/wp-content\/uploads\/2017\/07\/20374691_491631151184376_8467855037768810506_n.jpg?gid=178\" target=\"_self\" title=\"20374691_491631151184376_8467855037768810506_n\" data-rel=\"prettyPhoto[pp_gal]\" style=\"border-radius:0px;\" ><FIGURE class=\"grid-gallery-caption\" data-grid-gallery-type=\"quarter-slide-up\" data-index=\"6\" style=\"display:none;border-radius:0px;; margin:5.3px; width:215px;\" ><div class=\"crop\" style=\" width:215px; height:215px; overflow:hidden;\"><img decoding=\"async\" src=\"http:\/\/veloclubfaumont.fr\/wp-content\/uploads\/2017\/07\/20374691_491631151184376_8467855037768810506_n-215x215.jpg\" class=\"ggImg\" alt=\"20374691_491631151184376_8467855037768810506_n\" title=\"20374691_491631151184376_8467855037768810506_n\" data-description=\"20374691_491631151184376_8467855037768810506_n\" data-caption=\"20374691_491631151184376_8467855037768810506_n\" data-title=\"20374691_491631151184376_8467855037768810506_n\" style=\" width:215px; height:215px;\" \/><\/div><FIGCAPTION class=\"\" data-alpha=\"5\" style=\"color:#ffffff; background-color:#6f0000; font-size:14px; text-align:2; font-family:;\" ><div class=\"grid-gallery-figcaption-wrap\" style=\" vertical-align:;\"><\/div><\/FIGCAPTION><\/FIGURE><\/a><a id=\"gg-178-5233\" class=\"gg-link \" data-attachment-id=\"7439\" href=\"https:\/\/veloclubfaumont.fr\/wp-content\/uploads\/2017\/07\/denis-pyrenees.jpg?gid=178\" target=\"_self\" title=\"denis-pyrenees\" data-rel=\"prettyPhoto[pp_gal]\" style=\"border-radius:0px;\" ><FIGURE class=\"grid-gallery-caption\" data-grid-gallery-type=\"quarter-slide-up\" data-index=\"7\" style=\"display:none;border-radius:0px;; margin:5.3px; width:215px;\" ><div class=\"crop\" style=\" width:215px; height:215px; overflow:hidden;\"><img decoding=\"async\" src=\"http:\/\/veloclubfaumont.fr\/wp-content\/uploads\/2017\/07\/denis-pyrenees-215x215.jpg\" class=\"ggImg\" alt=\"denis-pyrenees\" title=\"denis-pyrenees\" data-description=\"denis-pyrenees\" data-caption=\"denis-pyrenees\" data-title=\"denis-pyrenees\" style=\" width:215px; height:215px;\" \/><\/div><FIGCAPTION class=\"\" data-alpha=\"5\" style=\"color:#ffffff; background-color:#6f0000; font-size:14px; text-align:2; font-family:;\" ><div class=\"grid-gallery-figcaption-wrap\" style=\" vertical-align:;\"><\/div><\/FIGCAPTION><\/FIGURE><\/a> <div class=\"grid-gallery-clearfix\"><\/div> <\/div> <div class=\"gallery-sharing-bottom\"><\/div> <div class=\"grid-gallery-clearfix\"><\/div> <\/div> <!-- Gallery by Supsystic plugin1.15.12 --><\/p>\n","protected":false},"excerpt":{"rendered":"<p>Mise \u00e0 jour du 23\/08 : Laurent en haut de Ramatuelle M\u00eame si la pause estivale r\u00e9duit consid\u00e9rablement les randonn\u00e9es dominicales ext\u00e9rieures et que nombre de membres du v\u00e9loclub de&#8230;<\/p>\n","protected":false},"author":1,"featured_media":7177,"comment_status":"open","ping_status":"open","sticky":false,"template":"","format":"standard","meta":{"ngg_post_thumbnail":0,"jetpack_post_was_ever_published":false,"_jetpack_newsletter_access":"","two_page_speed":[],"footnotes":"","jetpack_publicize_message":"","jetpack_is_tweetstorm":false,"jetpack_publicize_feature_enabled":true,"jetpack_social_post_already_shared":true,"jetpack_social_options":{"image_generator_settings":{"template":"highway","enabled":false}}},"categories":[10],"tags":[],"class_list":["post-7169","post","type-post","status-publish","format-standard","has-post-thumbnail","hentry","category-vie-du-club"],"jetpack_publicize_connections":[],"jetpack_featured_media_url":"https:\/\/veloclubfaumont.fr\/wp-content\/uploads\/2017\/07\/IMG_20170716_191044.jpg","jetpack_sharing_enabled":true,"jetpack_shortlink":"https:\/\/wp.me\/p8bXJp-1RD","_links":{"self":[{"href":"https:\/\/veloclubfaumont.fr\/index.php\/wp-json\/wp\/v2\/posts\/7169","targetHints":{"allow":["GET"]}}],"collection":[{"href":"https:\/\/veloclubfaumont.fr\/index.php\/wp-json\/wp\/v2\/posts"}],"about":[{"href":"https:\/\/veloclubfaumont.fr\/index.php\/wp-json\/wp\/v2\/types\/post"}],"author":[{"embeddable":true,"href":"https:\/\/veloclubfaumont.fr\/index.php\/wp-json\/wp\/v2\/users\/1"}],"replies":[{"embeddable":true,"href":"https:\/\/veloclubfaumont.fr\/index.php\/wp-json\/wp\/v2\/comments?post=7169"}],"version-history":[{"count":0,"href":"https:\/\/veloclubfaumont.fr\/index.php\/wp-json\/wp\/v2\/posts\/7169\/revisions"}],"wp:featuredmedia":[{"embeddable":true,"href":"https:\/\/veloclubfaumont.fr\/index.php\/wp-json\/wp\/v2\/media\/7177"}],"wp:attachment":[{"href":"https:\/\/veloclubfaumont.fr\/index.php\/wp-json\/wp\/v2\/media?parent=7169"}],"wp:term":[{"taxonomy":"category","embeddable":true,"href":"https:\/\/veloclubfaumont.fr\/index.php\/wp-json\/wp\/v2\/categories?post=7169"},{"taxonomy":"post_tag","embeddable":true,"href":"https:\/\/veloclubfaumont.fr\/index.php\/wp-json\/wp\/v2\/tags?post=7169"}],"curies":[{"name":"wp","href":"https:\/\/api.w.org\/{rel}","templated":true}]}}