{"id":9540,"date":"2018-01-21T19:15:56","date_gmt":"2018-01-21T18:15:56","guid":{"rendered":"http:\/\/veloclubfaumont.fr\/?p=9540"},"modified":"2018-01-28T14:48:41","modified_gmt":"2018-01-28T13:48:41","slug":"chicon-bike-tour-2018-photos-et-reportages","status":"publish","type":"post","link":"https:\/\/veloclubfaumont.fr\/index.php\/2018\/01\/21\/chicon-bike-tour-2018-photos-et-reportages\/","title":{"rendered":"Chicon Bike Tour 2018 : photos et reportages"},"content":{"rendered":"<p style=\"text-align: justify;\">Sur cette page seront r\u00e9pertori\u00e9s tous les liens des photos et reportages concernant le <strong><em>Chicon Bike Tour 2018<\/em><\/strong>.<\/p>\n<p style=\"text-align: justify;\">En attendant, notre Pr\u00e9sident Gilles Barbieux et notre secr\u00e9taire Denis Raton tiennent au nom de tous les b\u00e9n\u00e9voles du VC Faumont \u00e0 remercier les plus de 1700 randonneurs qui ont une fois de plus fait confiance \u00e0 notre club pour venir dans notre humble village passer une bonne matin\u00e9e dans la convivialit\u00e9 et la bonne humeur.<\/p>\n<p style=\"text-align: justify;\">Nous vous donnons d&rsquo;ores et d\u00e9j\u00e0 rendez-vous \u00e0 l&rsquo;ann\u00e9e prochaine et au 24 ao\u00fbt prochain pour la 3\u00e8me \u00e9dition de notre <strong><em>Nocturne VTT<\/em><\/strong>, qui s&rsquo;annonce encore meilleure que la derni\u00e8re fois&#8230;.<\/p>\n<p><a href=\"https:\/\/veloclubfaumont.fr\/index.php\/2018\/01\/21\/chicon-bike-tour-2018-photos-et-reportages\/dsc_0225-2\/\" rel=\"attachment wp-att-9542\"><img loading=\"lazy\" decoding=\"async\" class=\"aligncenter size-full wp-image-9542\" src=\"https:\/\/veloclubfaumont.fr\/wp-content\/uploads\/2018\/01\/DSC_0225.jpg\" alt=\"\" width=\"1000\" height=\"667\" srcset=\"https:\/\/veloclubfaumont.fr\/wp-content\/uploads\/2018\/01\/DSC_0225.jpg 1000w, https:\/\/veloclubfaumont.fr\/wp-content\/uploads\/2018\/01\/DSC_0225-300x200.jpg 300w, https:\/\/veloclubfaumont.fr\/wp-content\/uploads\/2018\/01\/DSC_0225-768x512.jpg 768w\" sizes=\"auto, (max-width: 1000px) 100vw, 1000px\" \/><\/a><\/p>\n<p><span class=\"embed-youtube\" style=\"text-align:center; display: block;\"><iframe loading=\"lazy\" class=\"youtube-player\" width=\"640\" height=\"360\" src=\"https:\/\/www.youtube.com\/embed\/rmzBxtrQX3I?version=3&#038;rel=1&#038;showsearch=0&#038;showinfo=1&#038;iv_load_policy=1&#038;fs=1&#038;hl=fr-FR&#038;autohide=2&#038;wmode=transparent\" allowfullscreen=\"true\" style=\"border:0;\" sandbox=\"allow-scripts allow-same-origin allow-popups allow-presentation\"><\/iframe><\/span><\/p>\n<p style=\"text-align: center;\"><em>Il y avait foule de retour \u00e0 la salle !<\/em><\/p>\n<p>&nbsp;<\/p>\n<p style=\"text-align: justify;\">Toutes les 2 000 photos prises par le VCF sont visibles sur 2 plateformes d&rsquo;h\u00e9bergement : <strong>Facebook<\/strong> et <strong>PhotosGoogle<\/strong> (pour ceux qui n&rsquo;auraient pas de compte Facebook). N&rsquo;h\u00e9sitez pas \u00e0 vous identifier et \u00e0 laisser des commentaires. Pour avoir des photos en HD, il suffit de nous contacter. Si vous avez fait un reportage, un articles, un album photos \u00e0 partager, des vid\u00e9os, vous pouvez \u00e9galement nous transmettre les liens afin de les faire partager au plus grand nombre.<\/p>\n<hr>\n<p><strong>Albums photos maison FACEBOOK :<\/strong><\/p>\n<p>&#8211; <a href=\"https:\/\/www.facebook.com\/pg\/veloclubfaumont\/photos\/?tab=album&amp;album_id=1960923154168576\" target=\"_blank\" rel=\"noopener\">Accueil \u00e0 la Salle (par Jean-Louis, l&rsquo;homme \u00e0 la casquette)<\/a><br \/>\n&#8211; L<a href=\"https:\/\/www.facebook.com\/1528374570756772\/photos\/?tab=album&amp;album_id=1960953220832236\" target=\"_blank\" rel=\"noopener\">es chemins gadoueux de Moncheaux<\/a> (par JL)<br \/>\n&#8211;&nbsp;<a href=\"https:\/\/www.facebook.com\/pg\/veloclubfaumont\/photos\/?tab=album&amp;album_id=1961010617493163\" target=\"_blank\" rel=\"noopener\">Ravito<\/a> (par JL et Carol)<br \/>\n&#8211; <a href=\"https:\/\/www.facebook.com\/1528374570756772\/photos\/?tab=album&amp;album_id=1961025537491671\" target=\"_blank\" rel=\"noopener\">Terril de Leforest<\/a> (juste apr\u00e8s le ravito) (par JL)<br \/>\n&#8211; <a href=\"https:\/\/www.facebook.com\/pg\/veloclubfaumont\/photos\/?tab=album&amp;album_id=1961950510732507\" target=\"_blank\" rel=\"noopener\">Terril de Leforest<\/a> (par Carol) <strong><span style=\"color: #ff0000;\">(nouveau)<\/span><br \/>\n<\/strong>&#8211; <a href=\"https:\/\/www.facebook.com\/pg\/veloclubfaumont\/photos\/?tab=album&amp;album_id=1961974174063474\" target=\"_blank\" rel=\"noopener\">E<\/a><span class=\"_3xgd\"><a href=\"https:\/\/www.facebook.com\/pg\/veloclubfaumont\/photos\/?tab=album&amp;album_id=1961974174063474\" target=\"_blank\" rel=\"noopener\">ntr\u00e9e du dernier chemin (dit de la Messe)<\/a> des VTT par Julien <span style=\"color: #ff0000;\"><strong>(nouveau)<\/strong><\/span><br \/>\n&#8211; <a href=\"https:\/\/www.facebook.com\/pg\/veloclubfaumont\/photos\/?tab=albums\" target=\"_blank\" rel=\"noopener\">Sortie du dernier chemin des VTT par Richard<\/a> <span style=\"color: #ff0000;\"><strong>(nouveau)<\/strong><\/span><\/span><br \/>\n&#8211; <a href=\"https:\/\/www.facebook.com\/pg\/veloclubfaumont\/photos\/?tab=album&amp;album_id=1961034934157398\" target=\"_blank\" rel=\"noopener\">Bike Wash<\/a> (par JL)<br \/>\n&#8211; <a href=\"https:\/\/www.facebook.com\/pg\/veloclubfaumont\/photos\/?tab=album&amp;album_id=1961047700822788\" target=\"_blank\" rel=\"noopener\">Retour \u00e0 la salle<\/a> (par JL)<\/p>\n<p>&#8211; <a href=\"https:\/\/www.facebook.com\/pg\/veloclubfaumont\/photos\/?tab=album&amp;album_id=1961512664109625\" target=\"_blank\" rel=\"noopener\">Les marcheurs<\/a> (par Julien, Carol et Richard)<\/p>\n<p>&#8211; <a href=\"https:\/\/www.facebook.com\/pg\/veloclubfaumont\/photos\/?tab=album&amp;album_id=1962040820723476\" target=\"_blank\" rel=\"noopener\">Les Cyclos<\/a><\/p>\n<p>&#8211; <a href=\"https:\/\/www.facebook.com\/pg\/veloclubfaumont\/photos\/?tab=album&amp;album_id=1962541540673404\" target=\"_blank\" rel=\"noopener\">Le Nettoyage de la salle<\/a> <span style=\"color: #ff00ff;\"><strong>Nouveau<\/strong><\/span><\/p>\n<hr>\n<p><strong>Albums photos maison PHOTOS-GOOGLE :<\/strong><\/p>\n<p>&#8211; <a href=\"https:\/\/photos.app.goo.gl\/XiXimXDHyJJ5yA3x2\" target=\"_blank\" rel=\"noopener\">Accueil \u00e0 la salle<\/a> (par Jean-Louis)<br \/>\n&#8211; <a href=\"https:\/\/photos.app.goo.gl\/Z84TUyvaQv9a2ZeM2\" target=\"_blank\" rel=\"noopener\">Chemins gadoueux en VTT vers Moncheaux<\/a> (par JL)<br \/>\n&#8211; <a href=\"https:\/\/photos.app.goo.gl\/suc6DoJpHEAdwU4u2\" target=\"_blank\" rel=\"noopener\">Ravito<\/a> (JL et Carol) <span style=\"color: #ff0000;\"><strong>Nouveau<\/strong><\/span><br \/>\n&#8211; <a href=\"https:\/\/photos.app.goo.gl\/npdX3gRcTHrutiDk1\" target=\"_blank\" rel=\"noopener\">Terril de Leforest<\/a> (JL et Carol) <span style=\"color: #ff0000;\"><strong>Nouveau<br \/>\n<\/strong><\/span>&#8211; <a href=\"https:\/\/photos.app.goo.gl\/zCOuzoMV5ShXcKOf2\" target=\"_blank\" rel=\"noopener\">Entr\u00e9e du dernier chemin<\/a> (par Julien)<span style=\"color: #ff0000;\"><strong> Nouveau<br \/>\n<\/strong><\/span>&#8211; <a href=\"https:\/\/photos.app.goo.gl\/pmaOtAJzpksaONyx1\" target=\"_blank\" rel=\"noopener\">Sortie du dernier chemin<\/a><span style=\"color: #ff0000;\"><strong>&nbsp; Nouveau<br \/>\n<\/strong><\/span>&#8211; <a href=\"https:\/\/photos.app.goo.gl\/ULkmxzyIPqFhaxB62\" target=\"_blank\" rel=\"noopener\">Lavage VTT<\/a><span style=\"color: #ff0000;\"><strong> Nouveau<br \/>\n<\/strong><\/span>&#8211; <a href=\"https:\/\/photos.app.goo.gl\/KTOXIhKhh5jKVOrv1\" target=\"_blank\" rel=\"noopener\">Retour Salle<\/a><span style=\"color: #ff0000;\"><strong> Nouveau<br \/>\n<\/strong><\/span><\/p>\n<p><span style=\"color: #000000;\">&#8211; <\/span><a href=\"https:\/\/photos.app.goo.gl\/7ZzAkGuyeMXF5Dhi1\" target=\"_blank\" rel=\"noopener\">Les Cyclos<\/a><span style=\"color: #ff0000;\"><strong> Nouveau<\/strong><\/span><\/p>\n<p>&#8211; <a href=\"https:\/\/photos.app.goo.gl\/3tYjL00KUeObDB0u2\" target=\"_blank\" rel=\"noopener\">Les Marcheurs<\/a><span style=\"color: #ff0000;\"><strong> Nouveau<\/strong><\/span><\/p>\n<p>&#8211; <a href=\"https:\/\/photos.app.goo.gl\/UBT4AJway3Zc0dFU2\" target=\"_blank\" rel=\"noopener\">Nettoyage Salle + Remerciements<\/a> <span style=\"color: #ff0000;\"><strong> Nouveau<\/strong><\/span><\/p>\n<hr>\n<p><strong>Albums photos ext\u00e9rieurs :<\/strong><\/p>\n<p>&#8211; <a href=\"http:\/\/gcolin.jalbum.net\/Cyclos\/2018\/Janvier\/21.01.2018Vtt-Faumont\/index.html\" target=\"_blank\" rel=\"noopener\">G\u00e9rard Colin<\/a><br \/>\n&#8211; <a href=\"https:\/\/www.facebook.com\/jeanmichel.heems\/media_set?set=a.1734312880014449.1073743138.100003072615418&amp;type=3\" target=\"_blank\" rel=\"noopener\">JM Heems<\/a>&nbsp; (album Facebook)<br \/>\n&#8211; <a href=\"http:\/\/www.velodom-photo.com\/chicon-bike-tour-2018.html\" target=\"_blank\" rel=\"noopener\">V\u00e9lodom<\/a> de Domique Bertout<br \/>\n&#8211; Erick Mizzi \u00ab\u00a0<a href=\"http:\/\/couronsdunord.blog.lemonde.fr\/2018\/01\/21\/chicon-bike-tour-faumont-2018-1-6\/\" target=\"_blank\" rel=\"noopener\">les Courons du Nord 1<\/a> (Accueil + pav\u00e9s du PR)\u00a0\u00bb &#8211; <a href=\"http:\/\/couronsdunord.blog.lemonde.fr\/2018\/01\/22\/chicon-bike-tour-faumont-2018-2-6\/\" target=\"_blank\" rel=\"noopener\">Les courons du Nord 2<\/a> (entre Mons en P\u00e9v\u00e8le et Moncheaux) &#8211; <a href=\"http:\/\/couronsdunord.blog.lemonde.fr\/2018\/01\/23\/chicon-bike-tour-faumont-2018-3-6\/\" target=\"_blank\" rel=\"noopener\">Les Courons du Nord 3<\/a> (Terril de Leforest) &#8211; <a href=\"http:\/\/couronsdunord.blog.lemonde.fr\/2018\/01\/25\/chicon-bike-tour-faumont-2018-4-6\/\" target=\"_blank\" rel=\"noopener\">Les Courons du Nord 4<\/a> (Suite du Terril de Leforest) &#8211; <a href=\"http:\/\/couronsdunord.blog.lemonde.fr\/2018\/01\/26\/chicon-bike-tour-faumont-2018-5-6\/\" target=\"_blank\" rel=\"noopener\">Les Courons du Nord 5<\/a> (Suite du Terril de Leforest bis) &#8211; <a href=\"http:\/\/couronsdunord.blog.lemonde.fr\/2018\/01\/26\/chicon-bike-tour-faumont-2018-6-6\/\" target=\"_blank\" rel=\"noopener\">Les Courons du Nord 6<\/a> (Suite et fin du Terril de Leforest + retour salle)&nbsp;<span style=\"color: #ff00ff;\"><strong>Nouveau<\/strong><\/span><br \/>\n<strong>Reportages clubs ext\u00e9rieurs :<br \/>\n<\/strong><\/p>\n<p>&#8211; <a href=\"http:\/\/lesbecanessauvages.skyrock.com\/3307506840-La-Chicon-Bike-2018-a-Faumont.html\" target=\"_blank\" rel=\"noopener\">Les B\u00e9canes Sauvages<\/a><br \/>\n&#8211; <a href=\"https:\/\/www.vttbugnicourt.com\/sortie-2018\/faumont\/\" target=\"_blank\" rel=\"noopener\">Bugnicourt VTT<\/a>&nbsp;<span style=\"color: #ff0000;\"> <strong>Nouveau<\/strong><\/span><\/p>\n<p><strong>Liens Vid\u00e9os :<\/strong><\/p>\n<p><span class=\"embed-youtube\" style=\"text-align:center; display: block;\"><iframe loading=\"lazy\" class=\"youtube-player\" width=\"640\" height=\"360\" src=\"https:\/\/www.youtube.com\/embed\/aGOCtipie04?version=3&#038;rel=1&#038;showsearch=0&#038;showinfo=1&#038;iv_load_policy=1&#038;fs=1&#038;hl=fr-FR&#038;autohide=2&#038;wmode=transparent\" allowfullscreen=\"true\" style=\"border:0;\" sandbox=\"allow-scripts allow-same-origin allow-popups allow-presentation\"><\/iframe><\/span><\/p>\n<p style=\"text-align: center;\"><em>1\u00e8re vid\u00e9o (sur 4) du chemin gadoueux entre Mons en P\u00e9v\u00e8le et Moncheaux<\/em><\/p>\n<p style=\"text-align: center;\">&nbsp;<\/p>\n<p><span class=\"embed-youtube\" style=\"text-align:center; display: block;\"><iframe loading=\"lazy\" class=\"youtube-player\" width=\"640\" height=\"360\" src=\"https:\/\/www.youtube.com\/embed\/NSbg2Y0wNPo?version=3&#038;rel=1&#038;showsearch=0&#038;showinfo=1&#038;iv_load_policy=1&#038;fs=1&#038;hl=fr-FR&#038;autohide=2&#038;wmode=transparent\" allowfullscreen=\"true\" style=\"border:0;\" sandbox=\"allow-scripts allow-same-origin allow-popups allow-presentation\"><\/iframe><\/span><\/p>\n<p style=\"text-align: center;\"><em>2\u00e8me vid\u00e9o (sur 4) du chemin gadoueux entre Mons en P\u00e9v\u00e8le et Moncheaux <strong><span style=\"color: #0000ff;\">(nouveau)<\/span><\/strong><br \/>\n<\/em><\/p>\n<p>&nbsp;<\/p>\n<p><span class=\"embed-youtube\" style=\"text-align:center; display: block;\"><iframe loading=\"lazy\" class=\"youtube-player\" width=\"640\" height=\"360\" src=\"https:\/\/www.youtube.com\/embed\/Ye2xv1umz58?version=3&#038;rel=1&#038;showsearch=0&#038;showinfo=1&#038;iv_load_policy=1&#038;fs=1&#038;hl=fr-FR&#038;autohide=2&#038;wmode=transparent\" allowfullscreen=\"true\" style=\"border:0;\" sandbox=\"allow-scripts allow-same-origin allow-popups allow-presentation\"><\/iframe><\/span><\/p>\n<p style=\"text-align: center;\"><em>3\u00e8me vid\u00e9o (sur 4) du chemin gadoueux entre Mons en P\u00e9v\u00e8le et Moncheaux <span style=\"color: #800080;\"><strong>(nouveau)<\/strong><\/span><\/em><\/p>\n<p><span class=\"embed-youtube\" style=\"text-align:center; display: block;\"><iframe loading=\"lazy\" class=\"youtube-player\" width=\"640\" height=\"360\" src=\"https:\/\/www.youtube.com\/embed\/Z-hTZ3spgaI?version=3&#038;rel=1&#038;showsearch=0&#038;showinfo=1&#038;iv_load_policy=1&#038;fs=1&#038;hl=fr-FR&#038;autohide=2&#038;wmode=transparent\" allowfullscreen=\"true\" style=\"border:0;\" sandbox=\"allow-scripts allow-same-origin allow-popups allow-presentation\"><\/iframe><\/span><\/p>\n<p style=\"text-align: center;\"><em>derni\u00e8re vid\u00e9o de la portion VTT MEP\/Moncheaux<\/em><\/p>\n<p>&nbsp;<\/p>\n<p><span class=\"embed-youtube\" style=\"text-align:center; display: block;\"><iframe loading=\"lazy\" class=\"youtube-player\" width=\"640\" height=\"360\" src=\"https:\/\/www.youtube.com\/embed\/M2MxS1fp38g?version=3&#038;rel=1&#038;showsearch=0&#038;showinfo=1&#038;iv_load_policy=1&#038;fs=1&#038;hl=fr-FR&#038;autohide=2&#038;wmode=transparent\" allowfullscreen=\"true\" style=\"border:0;\" sandbox=\"allow-scripts allow-same-origin allow-popups allow-presentation\"><\/iframe><\/span><\/p>\n<p><em>NOTE : si vous avez des liens de photos ou de reportages \u00e0 ajouter sur cette page, n&rsquo;h\u00e9sitez pas \u00e0 nous contacter ! \ud83d\ude09&nbsp; Ne pas oubliez le livre d&rsquo;or pour laisser un message sympa \ud83d\ude42<br \/>\n<\/em><\/p>\n<p><strong>Derni\u00e8re mise \u00e0 jour : dimanche 28 janvier 2018 \u00e0 14h50&nbsp;<br \/>\n<\/strong><\/p>\n","protected":false},"excerpt":{"rendered":"<p>Sur cette page seront r\u00e9pertori\u00e9s tous les liens des photos et reportages concernant le Chicon Bike Tour 2018. En attendant, notre Pr\u00e9sident Gilles Barbieux et notre secr\u00e9taire Denis Raton tiennent&#8230;<\/p>\n","protected":false},"author":1,"featured_media":9541,"comment_status":"open","ping_status":"open","sticky":false,"template":"","format":"standard","meta":{"ngg_post_thumbnail":0,"jetpack_post_was_ever_published":false,"_jetpack_newsletter_access":"","two_page_speed":[],"footnotes":"","jetpack_publicize_message":"","jetpack_is_tweetstorm":false,"jetpack_publicize_feature_enabled":true,"jetpack_social_post_already_shared":true,"jetpack_social_options":{"image_generator_settings":{"template":"highway","enabled":false}}},"categories":[4],"tags":[],"class_list":["post-9540","post","type-post","status-publish","format-standard","has-post-thumbnail","hentry","category-chicon-bike-tour"],"jetpack_publicize_connections":[],"jetpack_featured_media_url":"https:\/\/veloclubfaumont.fr\/wp-content\/uploads\/2018\/01\/club.jpg","jetpack_sharing_enabled":true,"jetpack_shortlink":"https:\/\/wp.me\/p8bXJp-2tS","_links":{"self":[{"href":"https:\/\/veloclubfaumont.fr\/index.php\/wp-json\/wp\/v2\/posts\/9540","targetHints":{"allow":["GET"]}}],"collection":[{"href":"https:\/\/veloclubfaumont.fr\/index.php\/wp-json\/wp\/v2\/posts"}],"about":[{"href":"https:\/\/veloclubfaumont.fr\/index.php\/wp-json\/wp\/v2\/types\/post"}],"author":[{"embeddable":true,"href":"https:\/\/veloclubfaumont.fr\/index.php\/wp-json\/wp\/v2\/users\/1"}],"replies":[{"embeddable":true,"href":"https:\/\/veloclubfaumont.fr\/index.php\/wp-json\/wp\/v2\/comments?post=9540"}],"version-history":[{"count":0,"href":"https:\/\/veloclubfaumont.fr\/index.php\/wp-json\/wp\/v2\/posts\/9540\/revisions"}],"wp:featuredmedia":[{"embeddable":true,"href":"https:\/\/veloclubfaumont.fr\/index.php\/wp-json\/wp\/v2\/media\/9541"}],"wp:attachment":[{"href":"https:\/\/veloclubfaumont.fr\/index.php\/wp-json\/wp\/v2\/media?parent=9540"}],"wp:term":[{"taxonomy":"category","embeddable":true,"href":"https:\/\/veloclubfaumont.fr\/index.php\/wp-json\/wp\/v2\/categories?post=9540"},{"taxonomy":"post_tag","embeddable":true,"href":"https:\/\/veloclubfaumont.fr\/index.php\/wp-json\/wp\/v2\/tags?post=9540"}],"curies":[{"name":"wp","href":"https:\/\/api.w.org\/{rel}","templated":true}]}}