{"id":9992,"date":"2018-02-14T10:00:10","date_gmt":"2018-02-14T09:00:10","guid":{"rendered":"http:\/\/veloclubfaumont.fr\/?p=9992"},"modified":"2018-03-09T11:16:49","modified_gmt":"2018-03-09T10:16:49","slug":"denis-le-nouveau-president-du-vc-faumont","status":"publish","type":"post","link":"https:\/\/veloclubfaumont.fr\/index.php\/2018\/02\/14\/denis-le-nouveau-president-du-vc-faumont\/","title":{"rendered":"Denis, le nouveau Pr\u00e9sident du VC Faumont"},"content":{"rendered":"<p style=\"text-align: justify;\">Ca y est, c&rsquo;est officiel : pendant notre derni\u00e8re <a href=\"https:\/\/veloclubfaumont.fr\/index.php\/2018\/02\/11\/assemblee-generale-2017-le-reportage\/\">Assembl\u00e9e G\u00e9n\u00e9rale<\/a>, une nouvelle page s&rsquo;est tourn\u00e9e dans l&rsquo;histoire du V\u00e9loclub Faumontois : <strong>Gilles Barbieux<\/strong>, apr\u00e8s quelques 35 ann\u00e9es \u00e0 la t\u00eate du club, laisse la main. A l&rsquo;origine de la petite \u00e9quipe sportive de village en 1983, qui deviendra rapidement un club renomm\u00e9 dans la r\u00e9gion, Gilles prend donc sa retraite professionnelle, mais aussi sportive bien m\u00e9rit\u00e9e.<\/p>\n<p style=\"text-align: center;\"><a href=\"https:\/\/veloclubfaumont.fr\/louison-bobet-aout-1985-4-195km\/\"><img loading=\"lazy\" decoding=\"async\" class=\"aligncenter size-full wp-image-1513\" src=\"https:\/\/veloclubfaumont.fr\/wp-content\/uploads\/2016\/12\/louison-bobet-aout-1985-4-195km.jpg\" alt=\"\" width=\"800\" height=\"550\" srcset=\"https:\/\/veloclubfaumont.fr\/wp-content\/uploads\/2016\/12\/louison-bobet-aout-1985-4-195km.jpg 800w, https:\/\/veloclubfaumont.fr\/wp-content\/uploads\/2016\/12\/louison-bobet-aout-1985-4-195km-300x206.jpg 300w, https:\/\/veloclubfaumont.fr\/wp-content\/uploads\/2016\/12\/louison-bobet-aout-1985-4-195km-768x528.jpg 768w\" sizes=\"auto, (max-width: 800px) 100vw, 800px\" \/><\/a><em>Gilles sur les traces de Louison Bobet en 1985&#8230;<\/em><\/p>\n<p style=\"text-align: center;\"><a href=\"https:\/\/veloclubfaumont.fr\/index.php\/2018\/02\/14\/denis-le-nouveau-president-du-vc-faumont\/vcfaumont-2018-02-05-17h13m23s966\/\" rel=\"attachment wp-att-9993\"><img loading=\"lazy\" decoding=\"async\" class=\"aligncenter size-full wp-image-9993\" src=\"https:\/\/veloclubfaumont.fr\/wp-content\/uploads\/2018\/02\/vcfaumont-2018-02-05-17h13m23s966.jpg\" alt=\"\" width=\"384\" height=\"288\" srcset=\"https:\/\/veloclubfaumont.fr\/wp-content\/uploads\/2018\/02\/vcfaumont-2018-02-05-17h13m23s966.jpg 384w, https:\/\/veloclubfaumont.fr\/wp-content\/uploads\/2018\/02\/vcfaumont-2018-02-05-17h13m23s966-300x225.jpg 300w\" sizes=\"auto, (max-width: 384px) 100vw, 384px\" \/><\/a><em>Gilles pr\u00e9sentant la rando du P\u00e9v\u00e8le au Hainaut en 1994<\/em><\/p>\n<p style=\"text-align: center;\"><a href=\"https:\/\/veloclubfaumont.fr\/dsc_0175-2\/\"><img loading=\"lazy\" decoding=\"async\" class=\"aligncenter size-large wp-image-9905\" src=\"https:\/\/veloclubfaumont.fr\/wp-content\/uploads\/2018\/02\/DSC_0175-1024x683.jpg\" alt=\"\" width=\"1024\" height=\"683\" srcset=\"https:\/\/veloclubfaumont.fr\/wp-content\/uploads\/2018\/02\/DSC_0175-1024x683.jpg 1024w, https:\/\/veloclubfaumont.fr\/wp-content\/uploads\/2018\/02\/DSC_0175-300x200.jpg 300w, https:\/\/veloclubfaumont.fr\/wp-content\/uploads\/2018\/02\/DSC_0175-768x512.jpg 768w, https:\/\/veloclubfaumont.fr\/wp-content\/uploads\/2018\/02\/DSC_0175.jpg 1382w\" sizes=\"auto, (max-width: 1024px) 100vw, 1024px\" \/><\/a><em>Gilles et sa femme Maryline qui l&rsquo;a support\u00e9 durant toutes ces ann\u00e9es !<\/em><\/p>\n<p style=\"text-align: justify;\">C&rsquo;est en effet sans compter qu&rsquo;il s&rsquo;est investi (avec sa femme Maryline) dans son \u00ab\u00a0petit b\u00e9b\u00e9\u00a0\u00bb. Ne vous inqui\u00e9tez pas, il restera toujours parmi nous et si\u00e9gera encore \u00e0 la commission pour \u00e9pauler son successeur. C&rsquo;est <strong>Denis Raton<\/strong>, jeune v\u00e9t\u00e9tiste de 30 ans (ancien secr\u00e9taire depuis 3 ans \u00e0 l&rsquo;origine de notre nouvelle Nocturne VTT) qui s&rsquo;est port\u00e9 volontaire et qui a \u00e9t\u00e9 \u00e9lu ce samedi \u00e0 la majorit\u00e9 g\u00e9n\u00e9rale pour lui succ\u00e9der.<\/p>\n<p style=\"text-align: center;\"><a href=\"https:\/\/veloclubfaumont.fr\/index.php\/2018\/02\/11\/assemblee-generale-2017-le-reportage\/dsc_0118-2\/\" rel=\"attachment wp-att-9859\"><img loading=\"lazy\" decoding=\"async\" class=\"aligncenter size-large wp-image-9859\" src=\"https:\/\/veloclubfaumont.fr\/wp-content\/uploads\/2018\/02\/DSC_0118-1024x683.jpg\" alt=\"\" width=\"1024\" height=\"683\" srcset=\"https:\/\/veloclubfaumont.fr\/wp-content\/uploads\/2018\/02\/DSC_0118-1024x683.jpg 1024w, https:\/\/veloclubfaumont.fr\/wp-content\/uploads\/2018\/02\/DSC_0118-300x200.jpg 300w, https:\/\/veloclubfaumont.fr\/wp-content\/uploads\/2018\/02\/DSC_0118-768x512.jpg 768w, https:\/\/veloclubfaumont.fr\/wp-content\/uploads\/2018\/02\/DSC_0118.jpg 1382w\" sizes=\"auto, (max-width: 1024px) 100vw, 1024px\" \/><\/a><em>Denis recevant les cl\u00e9s de la boutique<\/em><\/p>\n<p style=\"text-align: justify;\">Le poste de secr\u00e9taire d\u00e9sormais vacant a \u00e9t\u00e9 attribu\u00e9 \u00e0 <strong>Gilles Courtois<\/strong> qui reprendra son poste qu&rsquo;il avait quitt\u00e9 apr\u00e8s l&rsquo;arriv\u00e9e de Denis. Gilles Barbieux laisse \u00e0 Denis <strong><a href=\"https:\/\/veloclubfaumont.fr\/index.php\/a-propos\/\">un club<\/a><\/strong> sain au niveau finance et notori\u00e9t\u00e9. Les r\u00e9cents succ\u00e8s du \u00ab\u00a0Chicon Bike Tour\u00a0\u00bb et de notre \u00ab\u00a0Nocturne VTT\u00a0\u00bb l&rsquo;attestent. Bon vent \u00e0 notre nouveau chef, qui ne manquera pas d&rsquo;insuffler un nouveau dynamisme \u00e0 notre club. La bienvenue Pr\u00e9sident !!!<\/p>\n<div style=\"width: 854px;\" class=\"wp-video\"><video class=\"wp-video-shortcode\" id=\"video-9992-1\" width=\"854\" height=\"480\" preload=\"metadata\" controls=\"controls\"><source type=\"video\/mp4\" src=\"https:\/\/veloclubfaumont.fr\/wp-content\/uploads\/2018\/02\/cadeaux-gillesB.mp4?_=1\" \/><a href=\"https:\/\/veloclubfaumont.fr\/wp-content\/uploads\/2018\/02\/cadeaux-gillesB.mp4\">https:\/\/veloclubfaumont.fr\/wp-content\/uploads\/2018\/02\/cadeaux-gillesB.mp4<\/a><\/video><\/div>\n<p>A suivre&#8230;<\/p>\n<p>JL<\/p>\n<p><em>Mise \u00e0 jour du 09 mars 2018 :<\/em><\/p>\n<p style=\"text-align: justify;\"><a href=\"https:\/\/veloclubfaumont.fr\/index.php\/2018\/02\/14\/denis-le-nouveau-president-du-vc-faumont\/img_20180305_183703\/\" rel=\"attachment wp-att-10284\"><img loading=\"lazy\" decoding=\"async\" class=\"aligncenter size-large wp-image-10284\" src=\"https:\/\/veloclubfaumont.fr\/wp-content\/uploads\/2018\/02\/IMG_20180305_183703-1024x768.jpg\" alt=\"\" width=\"1024\" height=\"768\" srcset=\"https:\/\/veloclubfaumont.fr\/wp-content\/uploads\/2018\/02\/IMG_20180305_183703-1024x768.jpg 1024w, https:\/\/veloclubfaumont.fr\/wp-content\/uploads\/2018\/02\/IMG_20180305_183703-300x225.jpg 300w, https:\/\/veloclubfaumont.fr\/wp-content\/uploads\/2018\/02\/IMG_20180305_183703-768x576.jpg 768w\" sizes=\"auto, (max-width: 1024px) 100vw, 1024px\" \/><\/a><\/p>\n<p style=\"text-align: justify;\">Premi\u00e8re r\u00e9union du bureau dirig\u00e9e par notre nouveau Pr\u00e9sident. On voit qu&rsquo;il y a du changement&#8230; \u00e7a bouffe et \u00e7a picole (jus de pomme-poire) m\u00eame pendant que \u00e7a discute du bilan du Chicon, du prochain arr\u00eat du Paris-Roubaix cyclo \u00e0 Faumont, de notre Nocturne VTT le 24 ao\u00fbt et des nouveaux \u00e9quipements du club&#8230;<\/p>\n","protected":false},"excerpt":{"rendered":"<p>Ca y est, c&rsquo;est officiel : pendant notre derni\u00e8re Assembl\u00e9e G\u00e9n\u00e9rale, une nouvelle page s&rsquo;est tourn\u00e9e dans l&rsquo;histoire du V\u00e9loclub Faumontois : Gilles Barbieux, apr\u00e8s quelques 35 ann\u00e9es \u00e0 la&#8230;<\/p>\n","protected":false},"author":1,"featured_media":9858,"comment_status":"open","ping_status":"open","sticky":false,"template":"","format":"standard","meta":{"ngg_post_thumbnail":0,"jetpack_post_was_ever_published":false,"_jetpack_newsletter_access":"","two_page_speed":[],"footnotes":"","jetpack_publicize_message":"","jetpack_is_tweetstorm":false,"jetpack_publicize_feature_enabled":true,"jetpack_social_post_already_shared":true,"jetpack_social_options":{"image_generator_settings":{"template":"highway","enabled":false}}},"categories":[10],"tags":[],"class_list":["post-9992","post","type-post","status-publish","format-standard","has-post-thumbnail","hentry","category-vie-du-club"],"jetpack_publicize_connections":[],"jetpack_featured_media_url":"https:\/\/veloclubfaumont.fr\/wp-content\/uploads\/2018\/02\/DSC_0117.jpg","jetpack_sharing_enabled":true,"jetpack_shortlink":"https:\/\/wp.me\/p8bXJp-2Ba","_links":{"self":[{"href":"https:\/\/veloclubfaumont.fr\/index.php\/wp-json\/wp\/v2\/posts\/9992","targetHints":{"allow":["GET"]}}],"collection":[{"href":"https:\/\/veloclubfaumont.fr\/index.php\/wp-json\/wp\/v2\/posts"}],"about":[{"href":"https:\/\/veloclubfaumont.fr\/index.php\/wp-json\/wp\/v2\/types\/post"}],"author":[{"embeddable":true,"href":"https:\/\/veloclubfaumont.fr\/index.php\/wp-json\/wp\/v2\/users\/1"}],"replies":[{"embeddable":true,"href":"https:\/\/veloclubfaumont.fr\/index.php\/wp-json\/wp\/v2\/comments?post=9992"}],"version-history":[{"count":0,"href":"https:\/\/veloclubfaumont.fr\/index.php\/wp-json\/wp\/v2\/posts\/9992\/revisions"}],"wp:featuredmedia":[{"embeddable":true,"href":"https:\/\/veloclubfaumont.fr\/index.php\/wp-json\/wp\/v2\/media\/9858"}],"wp:attachment":[{"href":"https:\/\/veloclubfaumont.fr\/index.php\/wp-json\/wp\/v2\/media?parent=9992"}],"wp:term":[{"taxonomy":"category","embeddable":true,"href":"https:\/\/veloclubfaumont.fr\/index.php\/wp-json\/wp\/v2\/categories?post=9992"},{"taxonomy":"post_tag","embeddable":true,"href":"https:\/\/veloclubfaumont.fr\/index.php\/wp-json\/wp\/v2\/tags?post=9992"}],"curies":[{"name":"wp","href":"https:\/\/api.w.org\/{rel}","templated":true}]}}